{"id":50223,"date":"2024-03-07T14:16:30","date_gmt":"2024-03-07T19:16:30","guid":{"rendered":"https:\/\/esreviral.com\/?p=50223"},"modified":"2024-03-07T14:16:31","modified_gmt":"2024-03-07T19:16:31","slug":"los-legisladores-se-aumentaron-el-sueldo-y-milei-ordeno-que-se-de-marcha-atras","status":"publish","type":"post","link":"https:\/\/esreviral.com\/?p=50223","title":{"rendered":"Los legisladores se aumentaron el sueldo y Milei orden\u00f3 que se d\u00e9 marcha atr\u00e1s"},"content":{"rendered":"\n<p>El aumento autorizado para diputados y senadores tom\u00f3 por sorpresa a la Casa Rosada y ahora el Gobierno busca impulsar un proyecto de ley para que&nbsp;<strong>no se aplique la suba salarial a los legisladores nacionales<\/strong>.<\/p>\n\n\n\n<p>Con el aumento, los diputados cobraron por el mes de febrero un importe neto de $ 2.174.887, a lo que hay que agregar lo que se percibe por desarraigo que lleg\u00f3 a $ 464.090,29. Mientras que en enero, las dietas estuvieron en $ 1.699.000 y $ 323.789,25, por desarraigo.<\/p>\n\n\n\n<p>Cuando se conoci\u00f3 la decisi\u00f3n, Mart\u00edn Menem intent\u00f3 ensayar una explicaci\u00f3n. \u00abTodos los a\u00f1os tiene actualizaci\u00f3n el Poder Legislativo, no es la primera vez que actualiza como docentes y salud, aunque siempre estaba por encima, se actualiz\u00f3 igual. Me estoy desayunando ahora que hay resoluci\u00f3n de 2011, que est\u00e1n enganchados todos empleados, e incluye a diputados, esto funciona as\u00ed en autom\u00e1tico\u00bb, revel\u00f3 el presidente de Diputados.<\/p>\n\n\n<div class=\"wp-block-image\">\n<figure class=\"aligncenter size-full\"><img fetchpriority=\"high\" decoding=\"async\" width=\"690\" height=\"460\" src=\"https:\/\/esreviral.com\/wp-content\/uploads\/2024\/03\/victoria-villarruel-vicepresidenta-la-nacion-argentina-sesiones-ordinarias.webp\" alt=\"\" class=\"wp-image-50225\" srcset=\"https:\/\/esreviral.com\/wp-content\/uploads\/2024\/03\/victoria-villarruel-vicepresidenta-la-nacion-argentina-sesiones-ordinarias.webp 690w, https:\/\/esreviral.com\/wp-content\/uploads\/2024\/03\/victoria-villarruel-vicepresidenta-la-nacion-argentina-sesiones-ordinarias-300x200.webp 300w\" sizes=\"(max-width: 690px) 100vw, 690px\" \/><\/figure><\/div>\n\n\n<p><strong>\u00abSi toda la gente hace un esfuerzo, el Poder Legislativo no deber\u00eda ser ajeno<\/strong>\u00a0a esto, porque diputados y senadores tienen posibilidad de cobrar mas\u00bb, afirm\u00f3 el presidente de la C\u00e1mara de Diputados en di\u00e1logo con\u00a0<em>Urbana Play<\/em>.<\/p>\n\n\n\n<p>Seg\u00fan trascendi\u00f3, en la Casa Rosada se hab\u00edan enterado por los medios de comunicaci\u00f3n del aumento a los legisladores nacionales y ahora llegar\u00eda la respuestas.<\/p>\n\n\n\n<p>Antes del malestar en el Gobierno, el diputado de La Libertad Avanza (LLA), Carlos D&#8217;Alessandro, propuso que los legisladores del Congreso de la Naci\u00f3n devuelvan el aumento del 30%.\u00bbBasta de aumento a los pol\u00edticos. Lo ideal ser\u00eda que nosotros devolvamos ese dinero, que yo no tengo problemas, que me diga Menem c\u00f3mo lo tengo que devolver y yo al aumento se lo devuelvo ma\u00f1ana y le pido a mis compa\u00f1eros, a los 38 diputados de La Libertad Avanza m\u00e1s (Jos\u00e9 Luis) Espert que est\u00e1 en el grupo que hagamos lo mismo\u00bb, subray\u00f3.<\/p>\n\n\n<div class=\"wp-block-image\">\n<figure class=\"aligncenter size-full\"><img decoding=\"async\" width=\"655\" height=\"368\" src=\"https:\/\/esreviral.com\/wp-content\/uploads\/2024\/03\/milei-congreso-sesiones-ordinarias-8jpg-1.webp\" alt=\"\" class=\"wp-image-50226\" srcset=\"https:\/\/esreviral.com\/wp-content\/uploads\/2024\/03\/milei-congreso-sesiones-ordinarias-8jpg-1.webp 655w, https:\/\/esreviral.com\/wp-content\/uploads\/2024\/03\/milei-congreso-sesiones-ordinarias-8jpg-1-300x169.webp 300w\" sizes=\"(max-width: 655px) 100vw, 655px\" \/><\/figure><\/div>\n\n\n<p>Este jueves, Espert defendi\u00f3 el aumento a los legisladores. \u00abNos aumentaron la dieta un 30% en el primer bimestre con una inflaci\u00f3n del 45%, as\u00ed que hay una perdida real del 10%. Hay atenuantes, yo entiendo que hay gente que est\u00e1 enfadada, pero si uno piensa en el ajuste que est\u00e1 haciendo el Estado, en la C\u00e1mara se est\u00e1n haciendo ajustes muy fuertes para mejorarnos un poco la dieta\u00bb, afirm\u00f3 Espert en radio\u00a0<em>Continental<\/em>. Miguel \u00c1ngel Pichetto se expres\u00f3 en la misma l\u00ednea el mi\u00e9rcoles a la noche cuando lanz\u00f3: \u00ab\u00bfQuer\u00e9s que la Argentina sea Uganda?\u00bb.<\/p>\n\n\n\n<blockquote class=\"twitter-tweet\"><p lang=\"es\" dir=\"ltr\">Conversamos esta ma\u00f1ana con el presidente de la Honorable C\u00e1mara de Diputados <a href=\"https:\/\/twitter.com\/MenemMartin?ref_src=twsrc%5Etfw\">@MenemMartin<\/a>, ambos estamos de acuerdo en que hay que retrotraer el aumento que recibimos Diputados y Senadores. Consensuamos presentar un proyecto para dar marcha atr\u00e1s dicho aumento. Esperamos que la\u2026 <a href=\"https:\/\/t.co\/jjCgk7QEva\">pic.twitter.com\/jjCgk7QEva<\/a><\/p>&mdash; Carlos Gonzalez D&#39;Alessandro (@_cdalessandro) <a href=\"https:\/\/twitter.com\/_cdalessandro\/status\/1765746959640346969?ref_src=twsrc%5Etfw\">March 7, 2024<\/a><\/blockquote> <script async src=\"https:\/\/platform.twitter.com\/widgets.js\" charset=\"utf-8\"><\/script>\n\n\n\n<p>En di\u00e1logo con&nbsp;<em>Neura Media<\/em>, el libertario aclar\u00f3: \u00abLos diputados no levantamos la mano para aumentarnos, el aumento vino solo. Que lo devuelva mi bloque y todos. Son 257 diputados a un promedio de 700 mil pesos tenemos 200 millones\u00bb.<\/p>\n\n\n\n<p>Esta actualizaci\u00f3n en las dietas se da a partir de la denominada \u00abLey de Enganche\u00bb que en realidad fueron resoluciones que tomaron los presidentes de ambas C\u00e1maras en 2011. Eso le permite a los diputados y senadores recibir el mismo incremento otorgado al personal del Congreso, y que se fij\u00f3 en un aumento acumulativo de casi 30%, otorgado en dos cuotas de 16% en enero y 12% en febrero.<\/p>\n\n\n\n<p>La resoluci\u00f3n confirmando el aumento a los empleados del Congreso fue firmada por el presidente de la C\u00e1mara de Diputados, Mart\u00edn Menem, y la titular del Senado, la vicepresidenta Victoria Villarruel. Sin embargo nunca se inform\u00f3 que los legisladores iban a quedar \u00abenganchados\u00bb a la actualizaci\u00f3n salarial de los legislativos.<\/p>\n\n\n\n<p>Los diputados nacionales del Frente de Izquierda fueron los \u00fanicos que rechazaron el aumento de Menem y Villarruel.<\/p>\n\n\n\n<p>En 2011, Cristina Fern\u00e1ndez de Krichner gan\u00f3 con el 54% de los votos y al asumir un nuevo mandato frente a la Asamblea Legislativa habl\u00f3 de \u00absinton\u00eda fina\u00bb. Sin embargo, pocos meses despu\u00e9s lleg\u00f3 el primer salariazo a diputados y senadores por parte de Juli\u00e1n Dom\u00ednguez, por entonces presidente de la C\u00e1mara de Diputados y Amado Boudou, su par en el Senado.<\/p>\n\n\n\n<p>A fines de 2011, los los senadores y diputados nacionales cobraban un ingreso neto mensual de 15.000 a 17.000 pesos y 10 d\u00edas antes de la Tragedia de Once, Juli\u00e1n Dom\u00ednguez autoriz\u00f3 una suba del 100% y llegaron a los $35.000. \u00abLas dietas estaban incre\u00edblemente deprimidas. No es posible que un diputado o un senador de la Naci\u00f3n gane menos que un secretario del Poder Ejecutivo. O, peor a\u00fan, que un empleado jer\u00e1rquico del Congreso\u00bb, dijo en su momento Dom\u00ednguez a&nbsp;<em>La Naci\u00f3n<\/em>.<\/p>\n\n\n\n<p>Boudou y Dom\u00ednguez tambi\u00e9n establecieron en la resoluci\u00f3n que el ingreso de un legislador debe ser un 20% superior al del m\u00e1ximo cargo de direcci\u00f3n de los empleados del Legislativo, una cl\u00e1usula que ya estaba incluida en lo que aprob\u00f3 el Congreso a fin de 2011.<\/p>\n\n\n\n<p class=\"has-text-align-right\"><em><strong>Clarin.-<\/strong><\/em><\/p>\n","protected":false},"excerpt":{"rendered":"<p>Es tras la suba del 30% que se otorgaron en ambas c\u00e1maras del Congreso.<br \/>\nUn diputado de La Libertad Avanza hab\u00eda planteado retrotraer el incremento a los legisladores.<\/p>\n","protected":false},"author":3,"featured_media":50224,"comment_status":"open","ping_status":"open","sticky":false,"template":"","format":"standard","meta":{"jnews-multi-image_gallery":[],"jnews_single_post":{"subtitle":"","format":"standard","video":"","gallery":"","source_name":"","source_url":"","via_name":"","via_url":"","override_template":"0","override":[{"template":"4","single_blog_custom":"","parallax":"1","fullscreen":"1","layout":"right-sidebar","sidebar":"default-sidebar","second_sidebar":"default-sidebar","sticky_sidebar":"1","share_position":"top","share_float_style":"share-monocrhome","show_share_counter":"1","show_view_counter":"1","show_featured":"1","show_post_meta":"1","show_post_author":"1","show_post_author_image":"1","show_post_date":"1","post_date_format":"default","post_date_format_custom":"Y\/m\/d","show_post_category":"1","show_post_reading_time":"1","post_reading_time_wpm":"300","show_zoom_button":"1","zoom_button_out_step":"2","zoom_button_in_step":"3","show_post_tag":"1","show_prev_next_post":"1","show_popup_post":"1","number_popup_post":"1","show_author_box":"1","show_post_related":"1","show_inline_post_related":"0"}],"override_image_size":"0","image_override":[{"single_post_thumbnail_size":"crop-500","single_post_gallery_size":"crop-500"}],"trending_post":"0","trending_post_position":"meta","trending_post_label":"Trending","sponsored_post":"0","sponsored_post_label":"Sponsored by","sponsored_post_name":"","sponsored_post_url":"","sponsored_post_logo_enable":"0","sponsored_post_logo":"","sponsored_post_desc":"","disable_ad":"0"},"jnews_primary_category":{"id":"","hide":""},"jnews_social_meta":{"fb_title":"","fb_description":"","fb_image":"","twitter_title":"","twitter_description":"","twitter_image":""},"jnews_review":[],"enable_review":"0","type":"percentage","name":"","summary":"","brand":"","sku":"","good":[{"good_text":""}],"bad":[{"bad_text":""}],"score_override":"","override_value":"","rating":[{"rating_text":"","rating_number":"10"}],"price":[{"shop":"","price":"","link":"","icon":""}],"jnews_override_counter":{"override_view_counter":"0","view_counter_number":"0","override_share_counter":"0","share_counter_number":"0","override_like_counter":"0","like_counter_number":"0","override_dislike_counter":"0","dislike_counter_number":"0"},"jnews_post_split":{"enable_post_split":"0","post_split":[{"template":"1","tag":"h2","numbering":"asc","mode":"normal","first":"0","enable_toc":"0","toc_type":"normal"}]},"footnotes":""},"categories":[58,59],"tags":[44,14020,167,168,13135,2609,1251,45,14021,12730,12780],"class_list":["post-50223","post","type-post","status-publish","format-standard","has-post-thumbnail","hentry","category-argentina","category-politica","tag-argentina","tag-camaras-de-diputados","tag-congreso","tag-diputados","tag-gobierno-de-milei","tag-legisladores","tag-milei","tag-noticias","tag-senadores","tag-sueldo","tag-victoria-villarruel"],"amp_enabled":true,"_links":{"self":[{"href":"https:\/\/esreviral.com\/index.php?rest_route=\/wp\/v2\/posts\/50223"}],"collection":[{"href":"https:\/\/esreviral.com\/index.php?rest_route=\/wp\/v2\/posts"}],"about":[{"href":"https:\/\/esreviral.com\/index.php?rest_route=\/wp\/v2\/types\/post"}],"author":[{"embeddable":true,"href":"https:\/\/esreviral.com\/index.php?rest_route=\/wp\/v2\/users\/3"}],"replies":[{"embeddable":true,"href":"https:\/\/esreviral.com\/index.php?rest_route=%2Fwp%2Fv2%2Fcomments&post=50223"}],"version-history":[{"count":0,"href":"https:\/\/esreviral.com\/index.php?rest_route=\/wp\/v2\/posts\/50223\/revisions"}],"wp:featuredmedia":[{"embeddable":true,"href":"https:\/\/esreviral.com\/index.php?rest_route=\/wp\/v2\/media\/50224"}],"wp:attachment":[{"href":"https:\/\/esreviral.com\/index.php?rest_route=%2Fwp%2Fv2%2Fmedia&parent=50223"}],"wp:term":[{"taxonomy":"category","embeddable":true,"href":"https:\/\/esreviral.com\/index.php?rest_route=%2Fwp%2Fv2%2Fcategories&post=50223"},{"taxonomy":"post_tag","embeddable":true,"href":"https:\/\/esreviral.com\/index.php?rest_route=%2Fwp%2Fv2%2Ftags&post=50223"}],"curies":[{"name":"wp","href":"https:\/\/api.w.org\/{rel}","templated":true}]}}