{"id":50208,"date":"2024-03-07T13:05:12","date_gmt":"2024-03-07T18:05:12","guid":{"rendered":"https:\/\/esreviral.com\/?p=50208"},"modified":"2024-03-07T13:05:12","modified_gmt":"2024-03-07T18:05:12","slug":"wilfrido-vargas-esta-hospitalizado-en-cuidados-intensivos","status":"publish","type":"post","link":"https:\/\/esreviral.com\/?p=50208","title":{"rendered":"Wilfrido Vargas est\u00e1 hospitalizado en cuidados intensivos"},"content":{"rendered":"\n<p>El m\u00fasico y director de orquesta dominicano <strong>Wilfrido Vargas<\/strong> fue ingresado el mi\u00e9rcoles a un centro de salud privado de Santo Domingo al presentar un cuadro de neumon\u00eda e influenza tipo A, inform\u00f3 la oficina del merenguero en un breve comunicado.<\/p>\n\n\n\n<p>Vargas, de 73 a\u00f1os de edad, se encuentra en la unidad de cuidados intensivos (UCI) de la cl\u00ednica Corazones Unidos, en el centro de la capital dominicana.<\/p>\n\n\n\n<p>El premiado merenguero regres\u00f3 al pa\u00eds el lunes tras cumplir compromisos art\u00edsticos en Puerto Rico, precis\u00f3 la informaci\u00f3n, para agregar que durante el viaje Vargas present\u00f3 s\u00edntomas de gripe.<\/p>\n\n\n\n<p>El mi\u00e9rcoles, Vargas tuvo que ser asistido por su personal y su representante, Hu\u00e1scar Henr\u00edquez, quien al igual que el merenguero dominicano est\u00e1 afectado del virus gripal, aunque con s\u00edntomas m\u00e1s leves, agreg\u00f3 el comunicado.<\/p>\n\n\n\n<p>El artista ha hilvanado grandes \u00e9xitos a trav\u00e9s de su dilatada carrera en el merengue, ritmo que ha contribuido a internacionalizar.<\/p>\n\n\n\n<p>\u00abEl africano\u00bb, \u00abEl baile del perrito\u00ab, \u00abEl jardinero\u00bb, \u00abEl hombre divertido\u00bb o \u00abVolver\u00e9\u00bb son algunos de los temas m\u00e1s populares interpretados por la orquesta de Vargas, quien inici\u00f3 su carrera a principios de los a\u00f1os 70 del siglo pasado.<\/p>\n\n\n\n<p class=\"has-text-align-right\"><strong><em>ElNacional.-<\/em><\/strong><\/p>\n","protected":false},"excerpt":{"rendered":"<p>El merenguero dominicano, de 73 a\u00f1os de edad, est\u00e1 internado en la unidad de cuidados intensivos de la cl\u00ednica Corazones Unidos en Santo Domingo, Rep\u00fablica Dominicana<\/p>\n","protected":false},"author":3,"featured_media":50209,"comment_status":"open","ping_status":"open","sticky":false,"template":"","format":"standard","meta":{"jnews-multi-image_gallery":[],"jnews_single_post":{"subtitle":"","format":"standard","video":"","gallery":"","source_name":"","source_url":"","via_name":"","via_url":"","override_template":"0","override":[{"template":"4","single_blog_custom":"","parallax":"1","fullscreen":"1","layout":"right-sidebar","sidebar":"default-sidebar","second_sidebar":"default-sidebar","sticky_sidebar":"1","share_position":"top","share_float_style":"share-monocrhome","show_share_counter":"1","show_view_counter":"1","show_featured":"1","show_post_meta":"1","show_post_author":"1","show_post_author_image":"1","show_post_date":"1","post_date_format":"default","post_date_format_custom":"Y\/m\/d","show_post_category":"1","show_post_reading_time":"1","post_reading_time_wpm":"300","show_zoom_button":"1","zoom_button_out_step":"2","zoom_button_in_step":"3","show_post_tag":"1","show_prev_next_post":"1","show_popup_post":"1","number_popup_post":"1","show_author_box":"1","show_post_related":"1","show_inline_post_related":"0"}],"override_image_size":"0","image_override":[{"single_post_thumbnail_size":"crop-500","single_post_gallery_size":"crop-500"}],"trending_post":"0","trending_post_position":"meta","trending_post_label":"Trending","sponsored_post":"0","sponsored_post_label":"Sponsored by","sponsored_post_name":"","sponsored_post_url":"","sponsored_post_logo_enable":"0","sponsored_post_logo":"","sponsored_post_desc":"","disable_ad":"0"},"jnews_primary_category":{"id":"","hide":""},"jnews_social_meta":{"fb_title":"","fb_description":"","fb_image":"","twitter_title":"","twitter_description":"","twitter_image":""},"jnews_review":[],"enable_review":"0","type":"percentage","name":"","summary":"","brand":"","sku":"","good":[{"good_text":""}],"bad":[{"bad_text":""}],"score_override":"","override_value":"","rating":[{"rating_text":"","rating_number":"10"}],"price":[{"shop":"","price":"","link":"","icon":""}],"jnews_override_counter":{"override_view_counter":"0","view_counter_number":"0","override_share_counter":"0","share_counter_number":"0","override_like_counter":"0","like_counter_number":"0","override_dislike_counter":"0","dislike_counter_number":"0"},"jnews_post_split":{"enable_post_split":"0","post_split":[{"template":"1","tag":"h2","numbering":"asc","mode":"normal","first":"0","enable_toc":"0","toc_type":"normal"}]},"footnotes":""},"categories":[50],"tags":[14015,4061,45,14014],"class_list":["post-50208","post","type-post","status-publish","format-standard","has-post-thumbnail","hentry","category-entretenimiento","tag-influenza","tag-neumonia","tag-noticias","tag-wilfrido-vargas"],"amp_enabled":true,"_links":{"self":[{"href":"https:\/\/esreviral.com\/index.php?rest_route=\/wp\/v2\/posts\/50208"}],"collection":[{"href":"https:\/\/esreviral.com\/index.php?rest_route=\/wp\/v2\/posts"}],"about":[{"href":"https:\/\/esreviral.com\/index.php?rest_route=\/wp\/v2\/types\/post"}],"author":[{"embeddable":true,"href":"https:\/\/esreviral.com\/index.php?rest_route=\/wp\/v2\/users\/3"}],"replies":[{"embeddable":true,"href":"https:\/\/esreviral.com\/index.php?rest_route=%2Fwp%2Fv2%2Fcomments&post=50208"}],"version-history":[{"count":0,"href":"https:\/\/esreviral.com\/index.php?rest_route=\/wp\/v2\/posts\/50208\/revisions"}],"wp:featuredmedia":[{"embeddable":true,"href":"https:\/\/esreviral.com\/index.php?rest_route=\/wp\/v2\/media\/50209"}],"wp:attachment":[{"href":"https:\/\/esreviral.com\/index.php?rest_route=%2Fwp%2Fv2%2Fmedia&parent=50208"}],"wp:term":[{"taxonomy":"category","embeddable":true,"href":"https:\/\/esreviral.com\/index.php?rest_route=%2Fwp%2Fv2%2Fcategories&post=50208"},{"taxonomy":"post_tag","embeddable":true,"href":"https:\/\/esreviral.com\/index.php?rest_route=%2Fwp%2Fv2%2Ftags&post=50208"}],"curies":[{"name":"wp","href":"https:\/\/api.w.org\/{rel}","templated":true}]}}