{"id":50205,"date":"2024-03-07T12:57:35","date_gmt":"2024-03-07T17:57:35","guid":{"rendered":"https:\/\/esreviral.com\/?p=50205"},"modified":"2024-03-07T12:57:35","modified_gmt":"2024-03-07T17:57:35","slug":"cne-publica-cronograma-estas-son-las-fechas-para-presidenciales","status":"publish","type":"post","link":"https:\/\/esreviral.com\/?p=50205","title":{"rendered":"CNE publica cronograma: estas son las fechas para presidenciales"},"content":{"rendered":"\n<p>El <strong>Consejo Nacional Electoral <\/strong>public\u00f3 el cronograma completo para\u00a0la elecci\u00f3n presidencial fijada para el 28 de julio pr\u00f3ximo.\u00a0El martes pasado, el presidente de este organismo, Elvis Amoroso, hab\u00eda adelantado algunas fechas importantes sobre el proceso, como la jornada especial del Registro Electoral y la postulaci\u00f3n de candidatos.<\/p>\n\n\n\n<p>Ahora, el ente electoral public\u00f3 un documento en el que se\u00f1ala 101 fases, entre las que destacan:<\/p>\n\n\n\n<p><strong><mark style=\"background-color:rgba(0, 0, 0, 0)\" class=\"has-inline-color has-vivid-red-color\">Marzo<\/mark><\/strong><\/p>\n\n\n\n<p><strong>11 al 14 de marzo:<\/strong>&nbsp;decisi\u00f3n de estatus de las organizaciones con fines pol\u00edticos validadas para postular.<\/p>\n\n\n\n<p><strong>18 de marzo al 16 de abril:<\/strong>&nbsp;jornada especial de Registro Electoral.<\/p>\n\n\n\n<p><strong>21 al 25 de marzo:<\/strong>\u00a0presentaci\u00f3n de postulaciones.<\/p>\n\n\n\n<p><strong><mark style=\"background-color:rgba(0, 0, 0, 0)\" class=\"has-inline-color has-vivid-red-color\">Abril<\/mark><\/strong><\/p>\n\n\n\n<p><strong>1 al 20 de abril:<\/strong>&nbsp;modificaci\u00f3n y sustituci\u00f3n de postulaciones que se reflejen en la boleta electoral.<\/p>\n\n\n\n<p><strong>2 hasta el 6 de abril:<\/strong>&nbsp;interposici\u00f3n de recursos en contra de decisi\u00f3n de admisi\u00f3n, rechazo o no presentaci\u00f3n de postulaciones.<\/p>\n\n\n\n<p><strong>8 de abril:<\/strong>&nbsp;acto de escogencia de posici\u00f3n en la boleta electoral.<\/p>\n\n\n\n<p><strong>28 de abril:<\/strong>&nbsp;aprobaci\u00f3n del Registro Electoral preliminar.<\/p>\n\n\n\n<p><strong>29 de abril:<\/strong>&nbsp;publicaci\u00f3n del Registro Electoral.<\/p>\n\n\n\n<p><strong>28 de abril al 18 de julio:<\/strong>&nbsp;modificaci\u00f3n y sustituci\u00f3n de la postulaci\u00f3n que no se refleja en la boleta.<\/p>\n\n\n\n<p><strong>29 de abril:<\/strong>&nbsp;aprobaci\u00f3n por parte del Consejo Nacional Electoral del Registro Electoral preliminar.<\/p>\n\n\n\n<p><strong>29 abril al 5 de mayo:<\/strong>&nbsp;auditor\u00eda del software de la m\u00e1quina de votaci\u00f3n.<\/p>\n\n\n\n<p><strong><mark style=\"background-color:rgba(0, 0, 0, 0)\" class=\"has-inline-color has-vivid-red-color\">Junio<\/mark><\/strong><\/p>\n\n\n\n<p><strong>1 de junio:<\/strong>&nbsp;publicaci\u00f3n del registro Electoral definitivo.<\/p>\n\n\n\n<p><strong>13 al 17 de junio:<\/strong>&nbsp;env\u00edo del material electoral a las misiones diplom\u00e1ticas.<\/p>\n\n\n\n<p><strong>16 de junio:<\/strong>&nbsp;simulacro electoral.<\/p>\n\n\n\n<p><strong>28 de junio al 27 de julio:<\/strong>&nbsp;capacitaci\u00f3n de los integrantes de las mesas electorales.<\/p>\n\n\n\n<p><strong>28 de junio al 27 de julio:<\/strong>&nbsp;acreditaci\u00f3n de testigos.<\/p>\n\n\n\n<p><strong><mark style=\"background-color:rgba(0, 0, 0, 0)\" class=\"has-inline-color has-vivid-red-color\">Julio<\/mark><\/strong><\/p>\n\n\n\n<p><strong>4 de julio al 25 de julio:<\/strong>&nbsp;campa\u00f1a electoral.<\/p>\n\n\n\n<p><strong>6 de julio y 19 de julio:<\/strong>&nbsp;despliegue y distribuci\u00f3n del material electoral y de equipos tecnol\u00f3gicos a las entidades federales.<\/p>\n\n\n\n<p><strong>26 de julio:<\/strong>&nbsp;instalaci\u00f3n de m\u00e1quinas electorales.<\/p>\n\n\n\n<p><strong>28 de julio:<\/strong>&nbsp;constituci\u00f3n de las mesas electorales para la celebraci\u00f3n del evento electoral.<\/p>\n\n\n\n<p><strong>29 de julio al 2 de agosto:<\/strong>&nbsp;publicaci\u00f3n de resultados electorales.<\/p>\n\n\n\n<p>Seg\u00fan Elvis Amoroso, la Junta Nacional Electoral evalu\u00f3 las propuestas y present\u00f3 a la directiva, declarada en sesi\u00f3n permanente, un cronograma electoral que \u00ab<strong>contempla todos los requisitos constitucionales, legales y t\u00e9cnicos\u00bb<\/strong>&nbsp;para celebrar los comicios correspondientes a este a\u00f1o.<\/p>\n\n\n\n<p>La oposici\u00f3n dem\u00f3crata, reunida en la Plataforma Unitaria, tiene a su candidata electa democr\u00e1ticamente durante un proceso de primaria: Mar\u00eda Corina Machado. La dirigente, coordinadora de Vente Venezuela, logr\u00f3 m\u00e1s de 90% de respaldo en ese proceso interno, pero el r\u00e9gimen de Nicol\u00e1s Maduro insiste en que no levantar\u00e1 la inhabilitaci\u00f3n, por lo que posiblemente no pueda postularse.<\/p>\n\n\n\n<p>Por otro lado, el Partido Socialista Unido de Venezuela supuestamente<strong>\u00a0elegir\u00e1 a su abanderado durante consultas<\/strong>\u00a0y dar\u00e1 a conocer su nombre dentro de una semana. Seg\u00fan declar\u00f3 Diosdado Cabello, primer vicepresidente de la tolda, espera que las bases den su apoyo a Maduro.<\/p>\n\n\n\n<p>Para leer el cronograma de la elecci\u00f3n electoral al detalle,\u00a0<strong><a href=\"http:\/\/www.cne.gob.ve\/web\/normativa_electoral\/elecciones\/2024\/eleccion_presidencial\/cronograma\/CRONOGRAMA_ELECCION_PRESIDENCIAL_2024.pdf\">haga click aqu\u00ed.<\/a><\/strong><\/p>\n\n\n\n<p class=\"has-text-align-right\"><strong><em>ElNacional.-<\/em><\/strong><\/p>\n","protected":false},"excerpt":{"rendered":"<p>El ente electoral public\u00f3 un documento en el que se\u00f1ala 101 fases<\/p>\n","protected":false},"author":3,"featured_media":50206,"comment_status":"open","ping_status":"open","sticky":false,"template":"","format":"standard","meta":{"jnews-multi-image_gallery":[],"jnews_single_post":{"subtitle":"","format":"standard","video":"","gallery":"","source_name":"","source_url":"","via_name":"","via_url":"","override_template":"0","override":[{"template":"4","single_blog_custom":"","parallax":"1","fullscreen":"1","layout":"right-sidebar","sidebar":"default-sidebar","second_sidebar":"default-sidebar","sticky_sidebar":"1","share_position":"top","share_float_style":"share-monocrhome","show_share_counter":"1","show_view_counter":"1","show_featured":"1","show_post_meta":"1","show_post_author":"1","show_post_author_image":"1","show_post_date":"1","post_date_format":"default","post_date_format_custom":"Y\/m\/d","show_post_category":"1","show_post_reading_time":"1","post_reading_time_wpm":"300","show_zoom_button":"1","zoom_button_out_step":"2","zoom_button_in_step":"3","show_post_tag":"1","show_prev_next_post":"1","show_popup_post":"1","number_popup_post":"1","show_author_box":"1","show_post_related":"1","show_inline_post_related":"0"}],"override_image_size":"0","image_override":[{"single_post_thumbnail_size":"crop-500","single_post_gallery_size":"crop-500"}],"trending_post":"0","trending_post_position":"meta","trending_post_label":"Trending","sponsored_post":"0","sponsored_post_label":"Sponsored by","sponsored_post_name":"","sponsored_post_url":"","sponsored_post_logo_enable":"0","sponsored_post_logo":"","sponsored_post_desc":"","disable_ad":"0"},"jnews_primary_category":{"id":"","hide":""},"jnews_social_meta":{"fb_title":"","fb_description":"","fb_image":"","twitter_title":"","twitter_description":"","twitter_image":""},"jnews_review":[],"enable_review":"0","type":"percentage","name":"","summary":"","brand":"","sku":"","good":[{"good_text":""}],"bad":[{"bad_text":""}],"score_override":"","override_value":"","rating":[{"rating_text":"","rating_number":"10"}],"price":[{"shop":"","price":"","link":"","icon":""}],"jnews_override_counter":{"override_view_counter":"0","view_counter_number":"0","override_share_counter":"0","share_counter_number":"0","override_like_counter":"0","like_counter_number":"0","override_dislike_counter":"0","dislike_counter_number":"0"},"jnews_post_split":{"enable_post_split":"0","post_split":[{"template":"1","tag":"h2","numbering":"asc","mode":"normal","first":"0","enable_toc":"0","toc_type":"normal"}]},"footnotes":""},"categories":[59,66],"tags":[770,7588,5632,110,10302,56],"class_list":["post-50205","post","type-post","status-publish","format-standard","has-post-thumbnail","hentry","category-politica","category-venezuela","tag-cne","tag-consejo-nacional-electoral-2","tag-cronograma","tag-elecciones","tag-elvis-amoroso","tag-venezuela"],"amp_enabled":true,"_links":{"self":[{"href":"https:\/\/esreviral.com\/index.php?rest_route=\/wp\/v2\/posts\/50205"}],"collection":[{"href":"https:\/\/esreviral.com\/index.php?rest_route=\/wp\/v2\/posts"}],"about":[{"href":"https:\/\/esreviral.com\/index.php?rest_route=\/wp\/v2\/types\/post"}],"author":[{"embeddable":true,"href":"https:\/\/esreviral.com\/index.php?rest_route=\/wp\/v2\/users\/3"}],"replies":[{"embeddable":true,"href":"https:\/\/esreviral.com\/index.php?rest_route=%2Fwp%2Fv2%2Fcomments&post=50205"}],"version-history":[{"count":0,"href":"https:\/\/esreviral.com\/index.php?rest_route=\/wp\/v2\/posts\/50205\/revisions"}],"wp:featuredmedia":[{"embeddable":true,"href":"https:\/\/esreviral.com\/index.php?rest_route=\/wp\/v2\/media\/50206"}],"wp:attachment":[{"href":"https:\/\/esreviral.com\/index.php?rest_route=%2Fwp%2Fv2%2Fmedia&parent=50205"}],"wp:term":[{"taxonomy":"category","embeddable":true,"href":"https:\/\/esreviral.com\/index.php?rest_route=%2Fwp%2Fv2%2Fcategories&post=50205"},{"taxonomy":"post_tag","embeddable":true,"href":"https:\/\/esreviral.com\/index.php?rest_route=%2Fwp%2Fv2%2Ftags&post=50205"}],"curies":[{"name":"wp","href":"https:\/\/api.w.org\/{rel}","templated":true}]}}