{"id":50200,"date":"2024-03-07T09:35:06","date_gmt":"2024-03-07T14:35:06","guid":{"rendered":"https:\/\/esreviral.com\/?p=50200"},"modified":"2024-03-07T09:35:07","modified_gmt":"2024-03-07T14:35:07","slug":"adolescente-venezolano-fue-diagnosticado-con-leucemia-y-requiere-apoyo","status":"publish","type":"post","link":"https:\/\/esreviral.com\/?p=50200","title":{"rendered":"Adolescente venezolano fue diagnosticado con leucemia y requiere apoyo"},"content":{"rendered":"\n<p><strong><em>CIS.- <\/em><\/strong>Roiner Romero, tiene 17 a\u00f1os de edad, estudia 6to a\u00f1o de secundaria y <strong>la semana pasada fue diagnosticado con leucemia, <\/strong>por lo que el pr\u00f3ximo lunes comenzar\u00e1 el proceso de quimioterapia, \u00ablo que le pido a la comunidad venezolana es que recen y oren por mi hijo\u00bb, exclam\u00f3 su madre, Sybill Christopher, quien en medio de las l\u00e1grimas convers\u00f3 con <em><strong>ES RE VIRAL <\/strong><\/em>y asegur\u00f3 que su fe est\u00e1 intacta para vencer esta batalla. <\/p>\n\n\n\n<p><strong>\u00abNo hemos ncesitado hasta ahora medicamentos porque en el Hospital de Cl\u00ednicas nos los dan pero el doctor nos dijo que deb\u00edamos mudarnos porque vivimos en el partido de Pilar, a unas dos horas de capital y Roiner no puede estar viajando tanto cuando comience con el tratamiento porque quedar\u00e1 debilitado\u00bb, <\/strong>explic\u00f3 la progenitora, quien trabaja en una empresa de limpieza mientras que su esposo est\u00e1 sin trabajo. <\/p>\n\n\n\n<p><strong>\u00abTenemos que mudarnos y el gasto se incrementa mucho en el alquiler, sobretodo porque en provincia se paga menos\u00bb. <\/strong>Entre tanto siguen en la b\u00fasqueda de un departamento, donde deben acondicionarle una habitaci\u00f3n al joven para que est\u00e9 bajo la supervisi\u00f3n m\u00e9dica y pueda recuperarse pronto. <\/p>\n\n\n\n<p>Esta familia es oriunda de Maracaibo, estado Zulia y hoy requiere del apoyo de quienes puedan colaborar para cubrir los gastos necesarios para mantener c\u00f3modo al joven que atraviesa por esta enfermedad.<strong> Quienes deseen hacerlo, pueden transferir a Mercado Pago a trav\u00e9s del alias: sybill.599.creado.mp<\/strong><\/p>\n\n\n\n<figure class=\"wp-block-image size-large\"><img fetchpriority=\"high\" decoding=\"async\" width=\"819\" height=\"1024\" src=\"https:\/\/esreviral.com\/wp-content\/uploads\/2024\/03\/atsapp-image-2024-03-06-at-20-55-06-819x1024.webp\" alt=\"\" class=\"wp-image-50202\" srcset=\"https:\/\/esreviral.com\/wp-content\/uploads\/2024\/03\/atsapp-image-2024-03-06-at-20-55-06-819x1024.webp 819w, https:\/\/esreviral.com\/wp-content\/uploads\/2024\/03\/atsapp-image-2024-03-06-at-20-55-06-240x300.webp 240w, https:\/\/esreviral.com\/wp-content\/uploads\/2024\/03\/atsapp-image-2024-03-06-at-20-55-06-768x960.webp 768w, https:\/\/esreviral.com\/wp-content\/uploads\/2024\/03\/atsapp-image-2024-03-06-at-20-55-06-750x938.webp 750w, https:\/\/esreviral.com\/wp-content\/uploads\/2024\/03\/atsapp-image-2024-03-06-at-20-55-06.webp 864w\" sizes=\"(max-width: 819px) 100vw, 819px\" \/><\/figure>\n","protected":false},"excerpt":{"rendered":"<p>CIS.- Roiner Romero, tiene 17 a\u00f1os de edad, estudia 6to a\u00f1o de secundaria y la semana pasada fue diagnosticado con leucemia, por lo que el pr\u00f3ximo lunes comenzar\u00e1 el proceso de quimioterapia, \u00ablo que le pido a la comunidad venezolana es que recen y oren por mi hijo\u00bb, exclam\u00f3 su madre, Sybill Christopher, quien en [&hellip;]<\/p>\n","protected":false},"author":2,"featured_media":50201,"comment_status":"open","ping_status":"closed","sticky":false,"template":"","format":"standard","meta":{"jnews-multi-image_gallery":[],"jnews_single_post":{"subtitle":"","format":"standard","video":"","gallery":"","source_name":"","source_url":"","via_name":"","via_url":"","override_template":"0","override":[{"template":"4","single_blog_custom":"","parallax":"1","fullscreen":"1","layout":"right-sidebar","sidebar":"default-sidebar","second_sidebar":"default-sidebar","sticky_sidebar":"1","share_position":"top","share_float_style":"share-monocrhome","show_share_counter":"1","show_view_counter":"1","show_featured":"1","show_post_meta":"1","show_post_author":"1","show_post_author_image":"1","show_post_date":"1","post_date_format":"default","post_date_format_custom":"Y\/m\/d","show_post_category":"1","show_post_reading_time":"1","post_reading_time_wpm":"300","show_zoom_button":"1","zoom_button_out_step":"2","zoom_button_in_step":"3","show_post_tag":"1","show_prev_next_post":"1","show_popup_post":"1","number_popup_post":"1","show_author_box":"1","show_post_related":"1","show_inline_post_related":"0"}],"override_image_size":"0","image_override":[{"single_post_thumbnail_size":"crop-500","single_post_gallery_size":"crop-500"}],"trending_post":"0","trending_post_position":"meta","trending_post_label":"Trending","sponsored_post":"0","sponsored_post_label":"Sponsored by","sponsored_post_name":"","sponsored_post_url":"","sponsored_post_logo_enable":"0","sponsored_post_logo":"","sponsored_post_desc":"","disable_ad":"0"},"jnews_primary_category":{"id":"","hide":""},"jnews_social_meta":{"fb_title":"","fb_description":"","fb_image":"","twitter_title":"","twitter_description":"","twitter_image":""},"jnews_review":[],"enable_review":"0","type":"percentage","name":"","summary":"","brand":"","sku":"","good":[{"good_text":""}],"bad":[{"bad_text":""}],"score_override":"","override_value":"","rating":[{"rating_text":"","rating_number":"10"}],"price":[{"shop":"","price":"","link":"","icon":""}],"jnews_override_counter":{"override_view_counter":"0","view_counter_number":"0","override_share_counter":"0","share_counter_number":"0","override_like_counter":"0","like_counter_number":"0","override_dislike_counter":"0","dislike_counter_number":"0"},"jnews_post_split":{"enable_post_split":"0","post_split":[{"template":"1","tag":"h2","numbering":"asc","mode":"normal","first":"0","enable_toc":"0","toc_type":"normal"}]},"footnotes":""},"categories":[5892],"tags":[44,894,45,14010,67,56],"class_list":["post-50200","post","type-post","status-publish","format-standard","has-post-thumbnail","hentry","category-venezolanos-en-argentina","tag-argentina","tag-ciudad-de-buenos-aires","tag-noticias","tag-servicio-publicoc","tag-venezolanos-en-argentina","tag-venezuela"],"amp_enabled":true,"_links":{"self":[{"href":"https:\/\/esreviral.com\/index.php?rest_route=\/wp\/v2\/posts\/50200"}],"collection":[{"href":"https:\/\/esreviral.com\/index.php?rest_route=\/wp\/v2\/posts"}],"about":[{"href":"https:\/\/esreviral.com\/index.php?rest_route=\/wp\/v2\/types\/post"}],"author":[{"embeddable":true,"href":"https:\/\/esreviral.com\/index.php?rest_route=\/wp\/v2\/users\/2"}],"replies":[{"embeddable":true,"href":"https:\/\/esreviral.com\/index.php?rest_route=%2Fwp%2Fv2%2Fcomments&post=50200"}],"version-history":[{"count":0,"href":"https:\/\/esreviral.com\/index.php?rest_route=\/wp\/v2\/posts\/50200\/revisions"}],"wp:featuredmedia":[{"embeddable":true,"href":"https:\/\/esreviral.com\/index.php?rest_route=\/wp\/v2\/media\/50201"}],"wp:attachment":[{"href":"https:\/\/esreviral.com\/index.php?rest_route=%2Fwp%2Fv2%2Fmedia&parent=50200"}],"wp:term":[{"taxonomy":"category","embeddable":true,"href":"https:\/\/esreviral.com\/index.php?rest_route=%2Fwp%2Fv2%2Fcategories&post=50200"},{"taxonomy":"post_tag","embeddable":true,"href":"https:\/\/esreviral.com\/index.php?rest_route=%2Fwp%2Fv2%2Ftags&post=50200"}],"curies":[{"name":"wp","href":"https:\/\/api.w.org\/{rel}","templated":true}]}}