{"id":49970,"date":"2024-03-01T16:26:32","date_gmt":"2024-03-01T21:26:32","guid":{"rendered":"https:\/\/esreviral.com\/?p=49970"},"modified":"2024-03-01T16:29:27","modified_gmt":"2024-03-01T21:29:27","slug":"salto-de-molinetes-en-protesta-contra-aumentos-en-el-transporte-publico","status":"publish","type":"post","link":"https:\/\/esreviral.com\/?p=49970","title":{"rendered":"Salto de molinetes en protesta contra aumentos en el transporte p\u00fablico"},"content":{"rendered":"\n<p><strong>Organizaciones sociales, piqueteros y partidos de izquierda se convocaron al Congreso<\/strong>\u00a0en rechazo al\u00a0<strong>discurso de Javier Milei por la apertura de sesiones ordinarias<\/strong> del Congreso.<\/p>\n\n\n\n<p>Para llegar a la movilizaci\u00f3n<strong>, y para manifestar su descontento por el aumento de tarifas, organizaciones sociales y pol\u00edticas comenzaron a<\/strong>\u00a0las 17:30 lo que llamaron un\u00a0<strong>\u201cmolinetazo\u201d,<\/strong>\u00a0que consiste en saltar los molinetes en las estaciones de subte y del tren de<strong>\u00a0Retiro, Once y Constituci\u00f3n.<\/strong><\/p>\n\n\n\n<p><strong><mark style=\"background-color:rgba(0, 0, 0, 0)\" class=\"has-inline-color has-vivid-red-color\">Denunciaron por instigaci\u00f3n al delito a la militante que convoc\u00f3 a saltar molinetes de trenes y subtes<\/mark><\/strong><\/p>\n\n\n\n<p>La dirigente estudiantil&nbsp;<strong>Tatiana Fern\u00e1ndez Mart\u00ed&nbsp;<\/strong>enfrenta una&nbsp;<strong>denuncia penal<\/strong>&nbsp;tras convocar a un acto de protesta conocido como \u201c<strong>molinetazo<\/strong>\u201d.<\/p>\n\n\n\n<figure class=\"wp-block-image size-large\"><img fetchpriority=\"high\" decoding=\"async\" width=\"672\" height=\"1024\" src=\"https:\/\/esreviral.com\/wp-content\/uploads\/2024\/03\/A7Z53OF2XRDJ3CH3VJHLGYDFAU-672x1024.webp\" alt=\"\" class=\"wp-image-49971\" srcset=\"https:\/\/esreviral.com\/wp-content\/uploads\/2024\/03\/A7Z53OF2XRDJ3CH3VJHLGYDFAU-672x1024.webp 672w, https:\/\/esreviral.com\/wp-content\/uploads\/2024\/03\/A7Z53OF2XRDJ3CH3VJHLGYDFAU-197x300.webp 197w, https:\/\/esreviral.com\/wp-content\/uploads\/2024\/03\/A7Z53OF2XRDJ3CH3VJHLGYDFAU-768x1171.webp 768w, https:\/\/esreviral.com\/wp-content\/uploads\/2024\/03\/A7Z53OF2XRDJ3CH3VJHLGYDFAU-1008x1536.webp 1008w, https:\/\/esreviral.com\/wp-content\/uploads\/2024\/03\/A7Z53OF2XRDJ3CH3VJHLGYDFAU-1344x2048.webp 1344w, https:\/\/esreviral.com\/wp-content\/uploads\/2024\/03\/A7Z53OF2XRDJ3CH3VJHLGYDFAU-750x1143.webp 750w, https:\/\/esreviral.com\/wp-content\/uploads\/2024\/03\/A7Z53OF2XRDJ3CH3VJHLGYDFAU-1140x1738.webp 1140w, https:\/\/esreviral.com\/wp-content\/uploads\/2024\/03\/A7Z53OF2XRDJ3CH3VJHLGYDFAU.webp 1440w\" sizes=\"(max-width: 672px) 100vw, 672px\" \/><\/figure>\n\n\n\n<p>La\u00a0<strong>Empresa Sociedad Operadora Ferroviaria Sociedad del Estado la acus\u00f3 de varios delitos<\/strong>, incluyendo\u00a0<strong>instigaci\u00f3n al delito<\/strong>,\u00a0<strong>apolog\u00eda del crimen<\/strong>,\u00a0<strong>asociaci\u00f3n il\u00edcita<\/strong>\u00a0y\u00a0<strong>atentado contra el orden p\u00fablico<\/strong>. La protesta, que promueve saltar los molinetes en estaciones de tren y subte para viajar sin pagar, es una respuesta al incremento en las tarifas de transporte.<\/p>\n\n\n\n<p>El subsecretario de Prensa de la Presidencia,&nbsp;<strong>Javier Lanari<\/strong>, inform\u00f3 sobre la denuncia a trav\u00e9s de su cuenta en la red social X, donde critic\u00f3 la acci\u00f3n de Fern\u00e1ndez Mart\u00ed, afirmando que quien comete un delito debe enfrentar las consecuencias.<\/p>\n\n\n\n<p>La convocatoria al \u201cmolinetazo\u201d fue realizada por la comisi\u00f3n estudiantil&nbsp;<strong>Unidxs x la Cultura<\/strong>, junto con centros de estudiantes, sindicatos docentes, sectores culturales y asambleas barriales. La protesta estaba programada para llevarse a cabo en las estaciones de Once, Retiro y Constituci\u00f3n, coincidiendo con el discurso del presidente&nbsp;<strong>Javier Milei&nbsp;<\/strong>en la apertura de sesiones del Congreso.<\/p>\n\n\n\n<p>Fern\u00e1ndez Mart\u00ed difundi\u00f3 la convocatoria a trav\u00e9s de videos en redes sociales y entrevistas en medios televisivos, donde defendi\u00f3 esta forma de protesta. La denuncia presentada incluye evidencia de estas publicaciones y entrevistas.<\/p>\n\n\n\n<p><strong><em><mark style=\"background-color:rgba(0, 0, 0, 0)\" class=\"has-inline-color has-vivid-red-color\"><a href=\"https:\/\/esreviral.com\/cual-es-la-multa-por-saltar-los-molinetes-y-no-pagar-en-el-tren\/\" data-type=\"link\" data-id=\"https:\/\/esreviral.com\/cual-es-la-multa-por-saltar-los-molinetes-y-no-pagar-en-el-tren\/\">Lea Tambi\u00e9n: Cu\u00e1l es la multa por saltar los molinetes y no pagar en el tren<\/a><\/mark><\/em><\/strong><\/p>\n\n\n\n<p class=\"has-text-align-right\"><strong><em>TN.-<\/em><\/strong><\/p>\n","protected":false},"excerpt":{"rendered":"<p>En la previa del discurso de Javier Milei en la apertura de las sesiones legislativas, militantes de izquierda y organizaciones sociales impulsaron el salto de molinetes en contra del aumento de tarifas.<\/p>\n","protected":false},"author":3,"featured_media":49972,"comment_status":"open","ping_status":"open","sticky":false,"template":"","format":"standard","meta":{"jnews-multi-image_gallery":[],"jnews_single_post":{"subtitle":"","format":"standard","video":"","gallery":"","source_name":"","source_url":"","via_name":"","via_url":"","override_template":"0","override":[{"template":"4","single_blog_custom":"","parallax":"1","fullscreen":"1","layout":"right-sidebar","sidebar":"default-sidebar","second_sidebar":"default-sidebar","sticky_sidebar":"1","share_position":"top","share_float_style":"share-monocrhome","show_share_counter":"1","show_view_counter":"1","show_featured":"1","show_post_meta":"1","show_post_author":"1","show_post_author_image":"1","show_post_date":"1","post_date_format":"default","post_date_format_custom":"Y\/m\/d","show_post_category":"1","show_post_reading_time":"1","post_reading_time_wpm":"300","show_zoom_button":"1","zoom_button_out_step":"2","zoom_button_in_step":"3","show_post_tag":"1","show_prev_next_post":"1","show_popup_post":"1","number_popup_post":"1","show_author_box":"1","show_post_related":"1","show_inline_post_related":"0"}],"override_image_size":"0","image_override":[{"single_post_thumbnail_size":"crop-500","single_post_gallery_size":"crop-500"}],"trending_post":"0","trending_post_position":"meta","trending_post_label":"Trending","sponsored_post":"0","sponsored_post_label":"Sponsored by","sponsored_post_name":"","sponsored_post_url":"","sponsored_post_logo_enable":"0","sponsored_post_logo":"","sponsored_post_desc":"","disable_ad":"0"},"jnews_primary_category":{"id":"","hide":""},"jnews_social_meta":{"fb_title":"","fb_description":"","fb_image":"","twitter_title":"","twitter_description":"","twitter_image":""},"jnews_review":[],"enable_review":"0","type":"percentage","name":"","summary":"","brand":"","sku":"","good":[{"good_text":""}],"bad":[{"bad_text":""}],"score_override":"","override_value":"","rating":[{"rating_text":"","rating_number":"10"}],"price":[{"shop":"","price":"","link":"","icon":""}],"jnews_override_counter":{"override_view_counter":"0","view_counter_number":"0","override_share_counter":"0","share_counter_number":"0","override_like_counter":"0","like_counter_number":"0","override_dislike_counter":"0","dislike_counter_number":"0"},"jnews_post_split":{"enable_post_split":"0","post_split":[{"template":"1","tag":"h2","numbering":"asc","mode":"normal","first":"0","enable_toc":"0","toc_type":"normal"}]},"footnotes":""},"categories":[58,59],"tags":[44,13927,13926,45,112,290,557],"class_list":["post-49970","post","type-post","status-publish","format-standard","has-post-thumbnail","hentry","category-argentina","category-politica","tag-argentina","tag-aumento-de-los-boletos","tag-molinetazo","tag-noticias","tag-politica","tag-subte","tag-tren"],"_links":{"self":[{"href":"https:\/\/esreviral.com\/index.php?rest_route=\/wp\/v2\/posts\/49970","targetHints":{"allow":["GET"]}}],"collection":[{"href":"https:\/\/esreviral.com\/index.php?rest_route=\/wp\/v2\/posts"}],"about":[{"href":"https:\/\/esreviral.com\/index.php?rest_route=\/wp\/v2\/types\/post"}],"author":[{"embeddable":true,"href":"https:\/\/esreviral.com\/index.php?rest_route=\/wp\/v2\/users\/3"}],"replies":[{"embeddable":true,"href":"https:\/\/esreviral.com\/index.php?rest_route=%2Fwp%2Fv2%2Fcomments&post=49970"}],"version-history":[{"count":0,"href":"https:\/\/esreviral.com\/index.php?rest_route=\/wp\/v2\/posts\/49970\/revisions"}],"wp:featuredmedia":[{"embeddable":true,"href":"https:\/\/esreviral.com\/index.php?rest_route=\/wp\/v2\/media\/49972"}],"wp:attachment":[{"href":"https:\/\/esreviral.com\/index.php?rest_route=%2Fwp%2Fv2%2Fmedia&parent=49970"}],"wp:term":[{"taxonomy":"category","embeddable":true,"href":"https:\/\/esreviral.com\/index.php?rest_route=%2Fwp%2Fv2%2Fcategories&post=49970"},{"taxonomy":"post_tag","embeddable":true,"href":"https:\/\/esreviral.com\/index.php?rest_route=%2Fwp%2Fv2%2Ftags&post=49970"}],"curies":[{"name":"wp","href":"https:\/\/api.w.org\/{rel}","templated":true}]}}