{"id":49960,"date":"2024-03-01T14:53:24","date_gmt":"2024-03-01T19:53:24","guid":{"rendered":"https:\/\/esreviral.com\/?p=49960"},"modified":"2024-03-01T16:33:48","modified_gmt":"2024-03-01T21:33:48","slug":"se-derrumbo-una-obra-en-construccion-en-palermo-murio-una-persona-y-buscan-a-mas-gente-atrapada","status":"publish","type":"post","link":"https:\/\/esreviral.com\/?p=49960","title":{"rendered":"Se derrumb\u00f3 una obra en construcci\u00f3n en Palermo: hay dos muertos"},"content":{"rendered":"\n<p>Dos obreros murieron tras el&nbsp;<strong>derrumbe de una obra en construcci\u00f3n<\/strong>&nbsp;que colaps\u00f3 este viernes por la tarde en Palermo, en Costa Rica y Uriarte. Uno de los trabajadores falleci\u00f3 en el lugar. El otro fue rescatado en estado cr\u00edtico y falleci\u00f3 en camino al hospital. Las autoridades informaron que no quedan m\u00e1s personas atrapadas.<\/p>\n\n\n\n<p>Seg\u00fan fuentes policiales, los fallecidos son dos ciudadanos paraguayos, de 55 y 69 a\u00f1os.<\/p>\n\n\n\n<p>Alrededor de las 15:46 de este viernes ingresaron varios llamados al 911, en los que denunciaban el derrumbe de una obra en construcci\u00f3n.<\/p>\n\n\n\n<p>En Costa Rica al 5.100 siguen trabajando Bomberos de la Ciudad y de la Comisar\u00eda vecinal 14A, quienes en principio pudieron constatar que hab\u00eda al menos dos personas atrapadas bajo los escombros.<\/p>\n\n\n\n<p>Un obrero, de 69 a\u00f1os,\u00a0<strong>muri\u00f3 en el lugar<\/strong>. Su cuerpo segu\u00eda, m\u00e1s de una hora m\u00e1s tarde, en el primer piso de la obra a la espera de los peritos forenses. Mientras que otro trabajador de la construcci\u00f3n, de 55,\u00a0<strong>fue trasladado con vida al Hospital Pirovano<\/strong>, donde finalmente falleci\u00f3 a causa de las lesiones que presentaba.<\/p>\n\n\n\n<figure class=\"wp-block-image size-large\"><img fetchpriority=\"high\" decoding=\"async\" width=\"1024\" height=\"505\" src=\"https:\/\/esreviral.com\/wp-content\/uploads\/2024\/03\/AnyConv.com__xkGFmzc9m_1256x620__1-1024x505.webp\" alt=\"\" class=\"wp-image-49977\" srcset=\"https:\/\/esreviral.com\/wp-content\/uploads\/2024\/03\/AnyConv.com__xkGFmzc9m_1256x620__1-1024x505.webp 1024w, https:\/\/esreviral.com\/wp-content\/uploads\/2024\/03\/AnyConv.com__xkGFmzc9m_1256x620__1-300x148.webp 300w, https:\/\/esreviral.com\/wp-content\/uploads\/2024\/03\/AnyConv.com__xkGFmzc9m_1256x620__1-768x379.webp 768w, https:\/\/esreviral.com\/wp-content\/uploads\/2024\/03\/AnyConv.com__xkGFmzc9m_1256x620__1-750x370.webp 750w, https:\/\/esreviral.com\/wp-content\/uploads\/2024\/03\/AnyConv.com__xkGFmzc9m_1256x620__1-1140x563.webp 1140w, https:\/\/esreviral.com\/wp-content\/uploads\/2024\/03\/AnyConv.com__xkGFmzc9m_1256x620__1.webp 1256w\" sizes=\"(max-width: 1024px) 100vw, 1024px\" \/><\/figure>\n\n\n\n<p>El hecho se produjo luego de que se desmoronara una losa que estaban armando, cuando cedi\u00f3 el encofrado.<\/p>\n\n\n\n<p>La obra estaba compuesta de una planta baja y un primer piso en etapa de hormigonado. Este \u00faltimo estaba armado casi \u00edntegramente de madera y fue la zona que se derrumb\u00f3. La obra fue inspeccionada por \u00faltima vez, por el Gobierno de la Ciudad, el 22 de febrero de este a\u00f1o.<\/p>\n\n\n\n<p>La zona se encuentra moment\u00e1neamente cercada por las autoridades.<\/p>\n\n\n\n<figure class=\"wp-block-image size-large\"><img decoding=\"async\" width=\"1024\" height=\"505\" src=\"https:\/\/esreviral.com\/wp-content\/uploads\/2024\/03\/AnyConv.com__TNdO6_6dC_1256x620__1-1024x505.webp\" alt=\"\" class=\"wp-image-49978\" srcset=\"https:\/\/esreviral.com\/wp-content\/uploads\/2024\/03\/AnyConv.com__TNdO6_6dC_1256x620__1-1024x505.webp 1024w, https:\/\/esreviral.com\/wp-content\/uploads\/2024\/03\/AnyConv.com__TNdO6_6dC_1256x620__1-300x148.webp 300w, https:\/\/esreviral.com\/wp-content\/uploads\/2024\/03\/AnyConv.com__TNdO6_6dC_1256x620__1-768x379.webp 768w, https:\/\/esreviral.com\/wp-content\/uploads\/2024\/03\/AnyConv.com__TNdO6_6dC_1256x620__1-750x370.webp 750w, https:\/\/esreviral.com\/wp-content\/uploads\/2024\/03\/AnyConv.com__TNdO6_6dC_1256x620__1-1140x563.webp 1140w, https:\/\/esreviral.com\/wp-content\/uploads\/2024\/03\/AnyConv.com__TNdO6_6dC_1256x620__1.webp 1256w\" sizes=\"(max-width: 1024px) 100vw, 1024px\" \/><\/figure>\n\n\n\n<p><strong><mark style=\"background-color:rgba(0, 0, 0, 0)\" class=\"has-inline-color has-vivid-red-color\">A tres semanas de otro derrumbe tr\u00e1gico<\/mark><\/strong><\/p>\n\n\n\n<p>El 8 de febrero pasado\u00a0otro derrumbe sacud\u00eda a la Ciudad de Buenos Aires: un inmueble de la calle pedro Goyena al 555 se desmoron\u00f3 debido los trabajos en una obra en construcci\u00f3n en un terreno lindero.<\/p>\n\n\n\n<p>En una de las viviendas del PH, compuesto por 13 unidades funcionales que a\u00fan hoy siguen sin poder ser habitadas, viv\u00edan dos ancianos, Ram\u00f3n Acu\u00f1a de 75 a\u00f1os y su hermana N\u00e9lida, de 81, que fallecieron producto del derrumbe.<\/p>\n\n\n\n<p>Los vecinos del lugar insistieron en que ya hab\u00edan dado alerta sobre una importante grieta que part\u00eda en dos una parte de su departamento.<\/p>\n\n\n\n<p>Desde hace tres semanas,\u00a0algunos vecinos no pudieron volver al lugar\u00a0y tampoco saben cu\u00e1ndo podr\u00e1n hacerlo.<\/p>\n\n\n\n<p class=\"has-text-align-right\"><strong><em>Clarin.-<\/em><\/strong><\/p>\n","protected":false},"excerpt":{"rendered":"<p>Se desmoron\u00f3 una obra en el primer piso de un inmueble de Palermo.<\/p>\n","protected":false},"author":3,"featured_media":49961,"comment_status":"open","ping_status":"open","sticky":false,"template":"","format":"standard","meta":{"jnews-multi-image_gallery":[],"jnews_single_post":{"subtitle":"","format":"standard","video":"","gallery":"","source_name":"","source_url":"","via_name":"","via_url":"","override_template":"0","override":[{"template":"4","single_blog_custom":"","parallax":"1","fullscreen":"1","layout":"right-sidebar","sidebar":"default-sidebar","second_sidebar":"default-sidebar","sticky_sidebar":"1","share_position":"top","share_float_style":"share-monocrhome","show_share_counter":"1","show_view_counter":"1","show_featured":"1","show_post_meta":"1","show_post_author":"1","show_post_author_image":"1","show_post_date":"1","post_date_format":"default","post_date_format_custom":"Y\/m\/d","show_post_category":"1","show_post_reading_time":"1","post_reading_time_wpm":"300","show_zoom_button":"1","zoom_button_out_step":"2","zoom_button_in_step":"3","show_post_tag":"1","show_prev_next_post":"1","show_popup_post":"1","number_popup_post":"1","show_author_box":"1","show_post_related":"1","show_inline_post_related":"0"}],"override_image_size":"0","image_override":[{"single_post_thumbnail_size":"crop-500","single_post_gallery_size":"crop-500"}],"trending_post":"0","trending_post_position":"meta","trending_post_label":"Trending","sponsored_post":"0","sponsored_post_label":"Sponsored by","sponsored_post_name":"","sponsored_post_url":"","sponsored_post_logo_enable":"0","sponsored_post_logo":"","sponsored_post_desc":"","disable_ad":"0"},"jnews_primary_category":{"id":"","hide":""},"jnews_social_meta":{"fb_title":"","fb_description":"","fb_image":"","twitter_title":"","twitter_description":"","twitter_image":""},"jnews_review":[],"enable_review":"0","type":"percentage","name":"","summary":"","brand":"","sku":"","good":[{"good_text":""}],"bad":[{"bad_text":""}],"score_override":"","override_value":"","rating":[{"rating_text":"","rating_number":"10"}],"price":[{"shop":"","price":"","link":"","icon":""}],"jnews_override_counter":{"override_view_counter":"0","view_counter_number":"0","override_share_counter":"0","share_counter_number":"0","override_like_counter":"0","like_counter_number":"0","override_dislike_counter":"0","dislike_counter_number":"0"},"jnews_post_split":{"enable_post_split":"0","post_split":[{"template":"1","tag":"h2","numbering":"asc","mode":"normal","first":"0","enable_toc":"0","toc_type":"normal"}]},"footnotes":""},"categories":[58,64],"tags":[44,919,45,13921,784],"class_list":["post-49960","post","type-post","status-publish","format-standard","has-post-thumbnail","hentry","category-argentina","category-sucesos","tag-argentina","tag-derrumbe","tag-noticias","tag-obra-en-construccion","tag-palermo"],"amp_enabled":true,"_links":{"self":[{"href":"https:\/\/esreviral.com\/index.php?rest_route=\/wp\/v2\/posts\/49960"}],"collection":[{"href":"https:\/\/esreviral.com\/index.php?rest_route=\/wp\/v2\/posts"}],"about":[{"href":"https:\/\/esreviral.com\/index.php?rest_route=\/wp\/v2\/types\/post"}],"author":[{"embeddable":true,"href":"https:\/\/esreviral.com\/index.php?rest_route=\/wp\/v2\/users\/3"}],"replies":[{"embeddable":true,"href":"https:\/\/esreviral.com\/index.php?rest_route=%2Fwp%2Fv2%2Fcomments&post=49960"}],"version-history":[{"count":0,"href":"https:\/\/esreviral.com\/index.php?rest_route=\/wp\/v2\/posts\/49960\/revisions"}],"wp:featuredmedia":[{"embeddable":true,"href":"https:\/\/esreviral.com\/index.php?rest_route=\/wp\/v2\/media\/49961"}],"wp:attachment":[{"href":"https:\/\/esreviral.com\/index.php?rest_route=%2Fwp%2Fv2%2Fmedia&parent=49960"}],"wp:term":[{"taxonomy":"category","embeddable":true,"href":"https:\/\/esreviral.com\/index.php?rest_route=%2Fwp%2Fv2%2Fcategories&post=49960"},{"taxonomy":"post_tag","embeddable":true,"href":"https:\/\/esreviral.com\/index.php?rest_route=%2Fwp%2Fv2%2Ftags&post=49960"}],"curies":[{"name":"wp","href":"https:\/\/api.w.org\/{rel}","templated":true}]}}