{"id":49953,"date":"2024-03-01T09:58:05","date_gmt":"2024-03-01T14:58:05","guid":{"rendered":"https:\/\/esreviral.com\/?p=49953"},"modified":"2024-03-01T09:59:13","modified_gmt":"2024-03-01T14:59:13","slug":"el-avion-privado-de-karol-g-tuvo-que-aterrizar-de-emergencia","status":"publish","type":"post","link":"https:\/\/esreviral.com\/?p=49953","title":{"rendered":"El avi\u00f3n privado de Karol G tuvo que aterrizar de emergencia"},"content":{"rendered":"\n<p><strong>Karol G\u00a0<\/strong>se volvi\u00f3 <strong><em>ReViral<\/em><\/strong> en las \u00faltimas horas, ya que\u00a0<strong>tuvo un peligroso imprevisto en su avi\u00f3n privado\u00a0<\/strong>y tuvieron que acudir a un aterrizaje de emergencia.<\/p>\n\n\n\n<p>Fue el jueves por la noche que la cantante colombiana se encontraba en su avi\u00f3n junto a 15 personas de su staff.\u00a0<strong>La nave hab\u00eda despegado desde Burbank, California<\/strong>\u00a0pero a los pocos minutos tuvo que volver a aterrizar para salvaguardar la integridad de los pasajeros<\/p>\n\n\n\n<p>Seg\u00fan inform\u00f3\u00a0<em>KABC<\/em>,<strong>\u00a0luego de que se detectara humo en cabina<\/strong>, la nave de la cantante aterriz\u00f3 en Van Nuys y en los videos que se hicieron virales en redes sociales, se puede ver a la Bichota bajando apresurada y claramente consternada del avi\u00f3n.<\/p>\n\n\n\n<p>En uno de los clips&nbsp;<strong>vemos a Karol G abraz\u00e1ndose con su hermana<\/strong>, luego de haber vivido un alto riesgo arriba del avi\u00f3n. Por el momento no ha dado declaraciones p\u00fablicas en torno a lo sucedido, pero se conoce que la situaci\u00f3n no pas\u00f3 a mayores.<\/p>\n\n\n\n<p>\u201cLo primero que hace es abrazar a su hermana, protejanla a toda costa\u201d, \u201cOjal\u00e1 que nunca mas tengas que pasar por una experiencia asi. Te amamos mucho\u201d, \u201c<strong>Entend\u00ed a las se\u00f1oras que se ponen mal cuando les dicen que se muri\u00f3 Chayanne<\/strong>. Karol G duranos mucho por favor\u201d, fueron algunos de los comentarios que se vieron en Twitter.<\/p>\n\n\n\n<figure class=\"wp-block-image size-full\"><img fetchpriority=\"high\" decoding=\"async\" width=\"1000\" height=\"538\" src=\"https:\/\/esreviral.com\/wp-content\/uploads\/2024\/03\/AnyConv.com__descarga-3.webp\" alt=\"\" class=\"wp-image-49954\" srcset=\"https:\/\/esreviral.com\/wp-content\/uploads\/2024\/03\/AnyConv.com__descarga-3.webp 1000w, https:\/\/esreviral.com\/wp-content\/uploads\/2024\/03\/AnyConv.com__descarga-3-300x161.webp 300w, https:\/\/esreviral.com\/wp-content\/uploads\/2024\/03\/AnyConv.com__descarga-3-768x413.webp 768w, https:\/\/esreviral.com\/wp-content\/uploads\/2024\/03\/AnyConv.com__descarga-3-750x404.webp 750w\" sizes=\"(max-width: 1000px) 100vw, 1000px\" \/><\/figure>\n\n\n\n<p><strong><mark style=\"background-color:rgba(0, 0, 0, 0)\" class=\"has-inline-color has-vivid-red-color\">El gran triunfo de Karol G en Premio Lo Nuestro<\/mark><\/strong><\/p>\n\n\n\n<p><a href=\"https:\/\/esreviral.com\/karol-g-se-corono-como-la-reina-de-premio-lo-nuestro-2024\/\" data-type=\"link\" data-id=\"https:\/\/esreviral.com\/karol-g-se-corono-como-la-reina-de-premio-lo-nuestro-2024\/\"><strong>Karol G<\/strong> se coron\u00f3 como la reina de Premio Lo Nuestro<\/a> (PLN) de 2024, al ganar\u00a0<strong>nueve galardones<\/strong>, en una noche en la que\u00a0<strong>Maluma<\/strong>, el m\u00e1s nominado, empat\u00f3 con Peso Pluma, Carin Le\u00f3n y Shakira con cuatro galardones cada uno.<\/p>\n\n\n\n<p>Aunque estuvo ausente, Karol G arras\u00f3 en diversas categor\u00edas incluyendo Artista Urbana Femenina del A\u00f1o, Colaboraci\u00f3n Urbana del A\u00f1o y \u00c1lbum Urbano del A\u00f1o, entre otras.\u00a0<strong>Shakira y Peso Pluma<\/strong>\u00a0tampoco asistieron a los premios que sorprendieron al dejar con\u00a0<strong>las manos vac\u00edas a Bad Bunny<\/strong>, quien lleva a\u00f1os dominando los galardones de m\u00fasica latina.<\/p>\n\n\n\n<figure class=\"wp-block-image size-full\"><img decoding=\"async\" width=\"767\" height=\"767\" src=\"https:\/\/esreviral.com\/wp-content\/uploads\/2024\/03\/U5F6FPQKWRAI3FCHIHMSQJ4QPU.webp\" alt=\"\" class=\"wp-image-49956\" srcset=\"https:\/\/esreviral.com\/wp-content\/uploads\/2024\/03\/U5F6FPQKWRAI3FCHIHMSQJ4QPU.webp 767w, https:\/\/esreviral.com\/wp-content\/uploads\/2024\/03\/U5F6FPQKWRAI3FCHIHMSQJ4QPU-300x300.webp 300w, https:\/\/esreviral.com\/wp-content\/uploads\/2024\/03\/U5F6FPQKWRAI3FCHIHMSQJ4QPU-150x150.webp 150w, https:\/\/esreviral.com\/wp-content\/uploads\/2024\/03\/U5F6FPQKWRAI3FCHIHMSQJ4QPU-75x75.webp 75w, https:\/\/esreviral.com\/wp-content\/uploads\/2024\/03\/U5F6FPQKWRAI3FCHIHMSQJ4QPU-350x350.webp 350w, https:\/\/esreviral.com\/wp-content\/uploads\/2024\/03\/U5F6FPQKWRAI3FCHIHMSQJ4QPU-750x750.webp 750w\" sizes=\"(max-width: 767px) 100vw, 767px\" \/><\/figure>\n\n\n\n<p>Recientemente, Karol tambi\u00e9n fue coronada con el Grammy en la categor\u00eda Mejor disco de m\u00fasica urbana y recibi\u00f3 este premio en el escenario de la mano de su compatriota, el cantante de \u201cFelices los cuatro\u201d.<\/p>\n\n\n\n<p>Adem\u00e1s, la cantante de \u201cMa\u00f1ana ser\u00e1 bonito\u201d fue designada como Mujer del a\u00f1o en los premios \u201c<strong>Women In Music Awards<\/strong>\u201d que entrega la revista especializada estadounidense Billboard.<\/p>\n\n\n\n<p class=\"has-text-align-right\"><strong>TN.-<\/strong><\/p>\n","protected":false},"excerpt":{"rendered":"<p>Se viralizaron las im\u00e1genes luego de un imprevisto que llev\u00f3 a la nave a frenar su vuelo.<\/p>\n","protected":false},"author":3,"featured_media":49955,"comment_status":"open","ping_status":"open","sticky":false,"template":"","format":"standard","meta":{"jnews-multi-image_gallery":[],"jnews_single_post":{"subtitle":"","format":"standard","video":"","gallery":"","source_name":"","source_url":"","via_name":"","via_url":"","override_template":"0","override":[{"template":"4","single_blog_custom":"","parallax":"1","fullscreen":"1","layout":"right-sidebar","sidebar":"default-sidebar","second_sidebar":"default-sidebar","sticky_sidebar":"1","share_position":"top","share_float_style":"share-monocrhome","show_share_counter":"1","show_view_counter":"1","show_featured":"1","show_post_meta":"1","show_post_author":"1","show_post_author_image":"1","show_post_date":"1","post_date_format":"default","post_date_format_custom":"Y\/m\/d","show_post_category":"1","show_post_reading_time":"1","post_reading_time_wpm":"300","show_zoom_button":"1","zoom_button_out_step":"2","zoom_button_in_step":"3","show_post_tag":"1","show_prev_next_post":"1","show_popup_post":"1","number_popup_post":"1","show_author_box":"1","show_post_related":"1","show_inline_post_related":"0"}],"override_image_size":"0","image_override":[{"single_post_thumbnail_size":"crop-500","single_post_gallery_size":"crop-500"}],"trending_post":"0","trending_post_position":"meta","trending_post_label":"Trending","sponsored_post":"0","sponsored_post_label":"Sponsored by","sponsored_post_name":"","sponsored_post_url":"","sponsored_post_logo_enable":"0","sponsored_post_logo":"","sponsored_post_desc":"","disable_ad":"0"},"jnews_primary_category":{"id":"","hide":""},"jnews_social_meta":{"fb_title":"","fb_description":"","fb_image":"","twitter_title":"","twitter_description":"","twitter_image":""},"jnews_review":[],"enable_review":"0","type":"percentage","name":"","summary":"","brand":"","sku":"","good":[{"good_text":""}],"bad":[{"bad_text":""}],"score_override":"","override_value":"","rating":[{"rating_text":"","rating_number":"10"}],"price":[{"shop":"","price":"","link":"","icon":""}],"jnews_override_counter":{"override_view_counter":"0","view_counter_number":"0","override_share_counter":"0","share_counter_number":"0","override_like_counter":"0","like_counter_number":"0","override_dislike_counter":"0","dislike_counter_number":"0"},"jnews_post_split":{"enable_post_split":"0","post_split":[{"template":"1","tag":"h2","numbering":"asc","mode":"normal","first":"0","enable_toc":"0","toc_type":"normal"}]},"footnotes":""},"categories":[50],"tags":[13917,8691,2332,45],"class_list":["post-49953","post","type-post","status-publish","format-standard","has-post-thumbnail","hentry","category-entretenimiento","tag-avion-privado","tag-cantante-colombiana","tag-karol-g","tag-noticias"],"amp_enabled":true,"_links":{"self":[{"href":"https:\/\/esreviral.com\/index.php?rest_route=\/wp\/v2\/posts\/49953"}],"collection":[{"href":"https:\/\/esreviral.com\/index.php?rest_route=\/wp\/v2\/posts"}],"about":[{"href":"https:\/\/esreviral.com\/index.php?rest_route=\/wp\/v2\/types\/post"}],"author":[{"embeddable":true,"href":"https:\/\/esreviral.com\/index.php?rest_route=\/wp\/v2\/users\/3"}],"replies":[{"embeddable":true,"href":"https:\/\/esreviral.com\/index.php?rest_route=%2Fwp%2Fv2%2Fcomments&post=49953"}],"version-history":[{"count":0,"href":"https:\/\/esreviral.com\/index.php?rest_route=\/wp\/v2\/posts\/49953\/revisions"}],"wp:featuredmedia":[{"embeddable":true,"href":"https:\/\/esreviral.com\/index.php?rest_route=\/wp\/v2\/media\/49955"}],"wp:attachment":[{"href":"https:\/\/esreviral.com\/index.php?rest_route=%2Fwp%2Fv2%2Fmedia&parent=49953"}],"wp:term":[{"taxonomy":"category","embeddable":true,"href":"https:\/\/esreviral.com\/index.php?rest_route=%2Fwp%2Fv2%2Fcategories&post=49953"},{"taxonomy":"post_tag","embeddable":true,"href":"https:\/\/esreviral.com\/index.php?rest_route=%2Fwp%2Fv2%2Ftags&post=49953"}],"curies":[{"name":"wp","href":"https:\/\/api.w.org\/{rel}","templated":true}]}}