{"id":49946,"date":"2024-03-01T09:29:59","date_gmt":"2024-03-01T14:29:59","guid":{"rendered":"https:\/\/esreviral.com\/?p=49946"},"modified":"2024-03-01T09:31:09","modified_gmt":"2024-03-01T14:31:09","slug":"jorge-macri-inauguro-las-sesiones-de-la-legislatura","status":"publish","type":"post","link":"https:\/\/esreviral.com\/?p=49946","title":{"rendered":"Jorge Macri inaugur\u00f3 las sesiones de la Legislatura"},"content":{"rendered":"\n<p>Ante una Legislatura que calific\u00f3 como \u201cla casa de los acuerdos\u201d, el Jefe de Gobierno, Jorge Macri, sostuvo en su discurso de apertura de las Sesiones Legislativas que su Gobierno es un cambio de etapa: \u201cEste es un cambio de etapa. Vinimos a dar un nuevo impulso a la gesti\u00f3n con orden, firmeza y decisi\u00f3n\u201d.<\/p>\n\n\n\n<p>Prometi\u00f3 profundizar y acelerar cambios, pero tambi\u00e9n a poner en crisis muchas de las cosas que se ven\u00edan haciendo en la Ciudad. \u201cEs momento de salirnos del piloto autom\u00e1tico y dar nuevas discusiones. El contexto nos deja poco margen para maniobrar. Insisto: el contexto econ\u00f3mico y social nos obliga a actuar con precisi\u00f3n y con austeridad. Estamos viviendo uno de los momentos m\u00e1s complejos de las \u00faltimas d\u00e9cadas. Muchos la est\u00e1n pasando mal, viven con angustia y ven con escepticismo la situaci\u00f3n que atravesamos.&nbsp;<strong>El pa\u00eds necesita superar desaf\u00edos, no solo econ\u00f3micos, sino sobre todo culturales\u201d<\/strong>, expres\u00f3 el Jefe de Gobierno.<\/p>\n\n\n\n<p>Y habl\u00f3 de recuperar un camino que permita recuperar el respeto a las normas, el premio al m\u00e9rito, el valor de la palabra.<\/p>\n\n\n\n<p>Frente a la necesidad de ser art\u00edfices de un cambio m\u00e1s profundo y duradero para salir de la crisis explic\u00f3:&nbsp;<strong>\u201cSiempre he dicho que la mayor riqueza de nuestra Ciudad es su capital humano<\/strong>. Lo m\u00e1s valioso que tenemos no est\u00e1 ni en mi despacho ni dentro de este recinto. All\u00e1 afuera est\u00e1 la \u201cgente importante\u201d, hay una ciudad que nos mira, que nos interpela. Millones de vecinos que se esfuerzan todos los d\u00edas por salir adelante\u201d.<\/p>\n\n\n\n<p>\u201cNosotros somos, circunstancialmente, dirigentes que debemos escuchar lo que les preocupa y sobre todo ocuparnos de las soluciones.\u00a0<strong>Eso vinimos a hacer: poner a los porte\u00f1os en primer lugar. Cada minuto que dejamos pasar, sin resolver nada, hay alguien que sufre.<\/strong>\u00a0Nosotros estamos de paso. Muchas de las pol\u00edticas p\u00fablicas, en cambio, quedan. Esa fue nuestra convicci\u00f3n desde que Mauricio (Macri) comenz\u00f3 un camino de transformaci\u00f3n en la Ciudad y sobre el cual Horacio (Rodr\u00edguez Larreta) pudo profundizar. Pero a\u00fan queda mucho por hacer; y el cambio de gesti\u00f3n, m\u00e1s que un cambio de rumbo, requiere\u00a0<strong>afrontar nuevos desaf\u00edos y volver a poner el foco en lo que es verdaderamente importante: los vecinos<\/strong>\u201d, dijo Macri.<\/p>\n\n\n\n<figure class=\"wp-block-image size-large\"><img fetchpriority=\"high\" decoding=\"async\" width=\"1024\" height=\"671\" src=\"https:\/\/esreviral.com\/wp-content\/uploads\/2024\/03\/AnyConv.com__unnamed-39-1024x671.webp\" alt=\"\" class=\"wp-image-49947\" srcset=\"https:\/\/esreviral.com\/wp-content\/uploads\/2024\/03\/AnyConv.com__unnamed-39-1024x671.webp 1024w, https:\/\/esreviral.com\/wp-content\/uploads\/2024\/03\/AnyConv.com__unnamed-39-300x197.webp 300w, https:\/\/esreviral.com\/wp-content\/uploads\/2024\/03\/AnyConv.com__unnamed-39-768x503.webp 768w, https:\/\/esreviral.com\/wp-content\/uploads\/2024\/03\/AnyConv.com__unnamed-39-1536x1007.webp 1536w, https:\/\/esreviral.com\/wp-content\/uploads\/2024\/03\/AnyConv.com__unnamed-39-2048x1342.webp 2048w, https:\/\/esreviral.com\/wp-content\/uploads\/2024\/03\/AnyConv.com__unnamed-39-750x492.webp 750w, https:\/\/esreviral.com\/wp-content\/uploads\/2024\/03\/AnyConv.com__unnamed-39-1140x747.webp 1140w\" sizes=\"(max-width: 1024px) 100vw, 1024px\" \/><\/figure>\n\n\n\n<p><\/p>\n\n\n\n<p><strong><mark style=\"background-color:rgba(0, 0, 0, 0)\" class=\"has-inline-color has-vivid-red-color\">LOS PRIMEROS D\u00cdAS<\/mark><\/strong><\/p>\n\n\n\n<p>Sobre sus primeros 82 d\u00edas de gesti\u00f3n, el Jefe de Gobierno recalc\u00f3: \u201cA m\u00ed me van a encontrar siempre del lado de las respuestas\u201d. Macri hab\u00eda asumido el compromiso \u201cde recorrer el camino de las soluciones\u201d, porque gobernar es tomar decisiones \u201cpero tambi\u00e9n es explicar, convencer, rendir cuentas y saber reconocer las restricciones, incluso los desaciertos, corregir lo que haga falta y seguir adelante\u201d.<\/p>\n\n\n\n<p>A los operativos para terminar con los acampes en Plaza de Mayo, Plaza Lavalle, Plaza de los Dos Congresos y Aeroparque los defini\u00f3 como una respuesta \u201ccon mucha decisi\u00f3n para poner orden en las calles y en las manifestaciones\u201d.<\/p>\n\n\n\n<p>\u201cEstablecimos un equilibrio entre la libertad de circular y el derecho a manifestarse, con dos criterios bien claros:&nbsp;<strong>que es el gobierno quien decide qu\u00e9 se puede hacer y qu\u00e9 no en el espacio p\u00fablico<\/strong>, ya que es para usarlo y disfrutarlo, no para habitarlo, vandalizarlo u ocuparlo ilegalmente\u201d, explic\u00f3.<\/p>\n\n\n\n<p>En su discurso, Jorge Macri tambi\u00e9n hizo referencia al operativo de desalojo realizado ayer en la Feria de Retiro, donde adem\u00e1s operaban redes delictivas de objetos robados y narcomenudeo, y a la puesta en funcionamiento de la Unidad de Despliegue de Intervenciones R\u00e1pidas, para responder al reclamo de mayor seguridad en zonas comerciales y tur\u00edsticas y actuar ante situaciones sospechosas en la calle con m\u00e1s patrullajes en moto.<\/p>\n\n\n\n<p>\u201cRespondimos a cada situaci\u00f3n de emergencia p\u00fablica: el temporal de diciembre, los anegamientos y desbordes en Av. Libertador, el incendio de la subestaci\u00f3n en Caballito y el derrumbe, en el marco de una p\u00e9rdida tr\u00e1gica y dolorosa, donde dos vecinos de la ciudad perdieron la vida\u201d, record\u00f3 Macri.<\/p>\n\n\n\n<figure class=\"wp-block-image size-large\"><img decoding=\"async\" width=\"1024\" height=\"683\" src=\"https:\/\/esreviral.com\/wp-content\/uploads\/2024\/03\/AnyConv.com__unnamed-37-1024x683.webp\" alt=\"\" class=\"wp-image-49948\" srcset=\"https:\/\/esreviral.com\/wp-content\/uploads\/2024\/03\/AnyConv.com__unnamed-37-1024x683.webp 1024w, https:\/\/esreviral.com\/wp-content\/uploads\/2024\/03\/AnyConv.com__unnamed-37-300x200.webp 300w, https:\/\/esreviral.com\/wp-content\/uploads\/2024\/03\/AnyConv.com__unnamed-37-768x512.webp 768w, https:\/\/esreviral.com\/wp-content\/uploads\/2024\/03\/AnyConv.com__unnamed-37-1536x1024.webp 1536w, https:\/\/esreviral.com\/wp-content\/uploads\/2024\/03\/AnyConv.com__unnamed-37-2048x1365.webp 2048w, https:\/\/esreviral.com\/wp-content\/uploads\/2024\/03\/AnyConv.com__unnamed-37-750x500.webp 750w, https:\/\/esreviral.com\/wp-content\/uploads\/2024\/03\/AnyConv.com__unnamed-37-1140x760.webp 1140w\" sizes=\"(max-width: 1024px) 100vw, 1024px\" \/><\/figure>\n\n\n\n<p><\/p>\n\n\n\n<p>Y adem\u00e1s explic\u00f3 que la Ciudad respondi\u00f3 ante una situaci\u00f3n de abandono que es consecuencia de una Ley de Salud Mental que deja desamparados, tanto a los familiares como a las personas con consumo problem\u00e1tico de sustancias, en particular el art\u00edculo 20 de la ley. \u201cPor eso, fortalecimos las Unidades de Psiquiatr\u00eda del SAME y decidimos implementar en la Ciudad un Protocolo para atender a las personas en situaci\u00f3n de vulnerabilidad habitacional con padecimiento de salud mental y que en muchos casos tiene adem\u00e1s problemas con el consumo de sustancias como drogas o alcohol\u201d, dijo el Jefe de Gobierno.<\/p>\n\n\n\n<p>Tambi\u00e9n hizo un llamado a todos los legisladores para tratar las \u201cnumerosas iniciativas que los distintos bloques presentar\u00e1n\u201d. Y complet\u00f3:&nbsp;<strong>\u201cEnfoqu\u00e9monos en construir una agenda com\u00fan que le ofrezca a los vecinos las soluciones que nos demandan\u201d<\/strong>.<\/p>\n\n\n\n<p><strong><mark style=\"background-color:rgba(0, 0, 0, 0)\" class=\"has-inline-color has-vivid-red-color\">PROPUESTAS Y PLAN DE GOBIERNO<\/mark><\/strong><\/p>\n\n\n\n<p><strong><mark style=\"background-color:rgba(0, 0, 0, 0)\" class=\"has-inline-color has-vivid-red-color\">SEGURIDAD<\/mark><\/strong><\/p>\n\n\n\n<p><strong>\u201cRecuperar el orden, tanto en la seguridad como en el uso del espacio p\u00fablico\u201d (JM)<\/strong><\/p>\n\n\n\n<p>\u25cf Recuperar el orden en el espacio p\u00fablico: un eje prioritario y central es recuperar el orden, que abarca tanto la seguridad como el uso del espacio p\u00fablico. En estos primeros meses se logr\u00f3 coordinar operativos con las Fuerzas Federales.<\/p>\n\n\n\n<p>\u25cf Lucha contra los narcos: es parte de lo que viene haciendo la Polic\u00eda de la Ciudad para sacar, de todos los barrios, a las bandas que venden droga. Los operativos sorpresa de saturaci\u00f3n y la identificaci\u00f3n de b\u00fankers son parte de la decisi\u00f3n pol\u00edtica, as\u00ed como tambi\u00e9n la de erradicar las metaleras ilegales.<\/p>\n\n\n\n<p>\u25cf M\u00e1s tecnolog\u00eda y equipamiento: la inversi\u00f3n en tecnolog\u00eda y equipamiento es fundamental para llevar adelante una pol\u00edtica de seguridad preventiva, moderna y con est\u00e1ndares internacionales, como los que ya tienen los cuatro Centros de Monitoreo y la Central del 911.<\/p>\n\n\n\n<p>\u25cf C\u00e1maras de seguridad y pistolas Taser: las 15.000 c\u00e1maras de seguridad, el Anillo Digital y la implementaci\u00f3n de las armas de baja letalidad como las TASER son parte de los recursos de la tecnolog\u00eda con los que se est\u00e1 combatiendo el delito.<\/p>\n\n\n\n<p>\u25cf Mayor alerta: el personal policial tiene una actitud de mayor alerta y ese cambio es fundamental para prevenir los delitos m\u00e1s frecuentes como son el robo de celulares o arrebatos en la calle.<\/p>\n\n\n\n<p>\u25cf Puntos seguros: para seguir optimizando la respuesta de cercan\u00eda que se les da a los vecinos es fundamental, por eso se avanzar\u00e1 con la instalaci\u00f3n de Puntos Seguros y el refuerzo de c\u00e1maras.<\/p>\n\n\n\n<p>\u25cf Parques seguros: incluye la mejora sustancial de la iluminaci\u00f3n en los parques de la Ciudad, como ya se hizo en Barrancas de Belgrano y en Parque de las Am\u00e9ricas. M\u00e1s luz y de mayor intensidad da m\u00e1s seguridad y tranquilidad a los vecinos.<\/p>\n\n\n\n<p>\u25cf Deportaci\u00f3n a los extranjeros que cometan un delito: es importante recuperar la restituci\u00f3n del decreto 70\/2017, impulsado por la gesti\u00f3n de Mauricio Macri, que establec\u00eda un procedimiento expr\u00e9s para deportar a los extranjeros ilegales que delinquen. Es inadmisible que 4 de cada 10 homicidios en la Ciudad sean cometidos por extranjeros ilegales.<\/p>\n\n\n\n<p>\u25cf Restituci\u00f3n del Sistema de Reconocimiento Facial de Pr\u00f3fugo: es fundamental recuperar esta herramienta para detener delincuentes peligrosos antes de que vuelvan a cometer un delito mayor.<\/p>\n\n\n\n<figure class=\"wp-block-image size-large\"><img decoding=\"async\" width=\"1024\" height=\"683\" src=\"https:\/\/esreviral.com\/wp-content\/uploads\/2024\/03\/AnyConv.com__unnamed-38-1024x683.webp\" alt=\"\" class=\"wp-image-49949\" srcset=\"https:\/\/esreviral.com\/wp-content\/uploads\/2024\/03\/AnyConv.com__unnamed-38-1024x683.webp 1024w, https:\/\/esreviral.com\/wp-content\/uploads\/2024\/03\/AnyConv.com__unnamed-38-300x200.webp 300w, https:\/\/esreviral.com\/wp-content\/uploads\/2024\/03\/AnyConv.com__unnamed-38-768x513.webp 768w, https:\/\/esreviral.com\/wp-content\/uploads\/2024\/03\/AnyConv.com__unnamed-38-1536x1025.webp 1536w, https:\/\/esreviral.com\/wp-content\/uploads\/2024\/03\/AnyConv.com__unnamed-38-2048x1367.webp 2048w, https:\/\/esreviral.com\/wp-content\/uploads\/2024\/03\/AnyConv.com__unnamed-38-750x501.webp 750w, https:\/\/esreviral.com\/wp-content\/uploads\/2024\/03\/AnyConv.com__unnamed-38-1140x761.webp 1140w\" sizes=\"(max-width: 1024px) 100vw, 1024px\" \/><\/figure>\n\n\n\n<p><\/p>\n\n\n\n<p><strong><mark style=\"background-color:rgba(0, 0, 0, 0)\" class=\"has-inline-color has-vivid-red-color\">ESPACIO P\u00daBLICO<\/mark><\/strong><\/p>\n\n\n\n<p><strong>\u201cQueremos una Ciudad mirando al r\u00edo\u201d<\/strong><\/p>\n\n\n\n<p>\u25cf Ciudad limpia: se siguen reforzando las tareas de limpieza, desinfecci\u00f3n y fumigaci\u00f3n. A los servicios diarios de higiene en calles, veredas y sumideros se suman operativos especiales durante los fines de semana, y luego de cada manifestaci\u00f3n o eventos.<\/p>\n\n\n\n<p>\u25cf Recuperaci\u00f3n del frente costero: el Plan BA Costa contempla obras en zonas antes degradadas, como la Reserva Ecol\u00f3gica Sur. Hace unas semanas se inaugur\u00f3 el Parque Carrasco. Tambi\u00e9n est\u00e1 en marcha la licitaci\u00f3n de un nuevo puente, ubicado a la altura del estadio de River, para facilitar y aumentar la conectividad peatonal con el frente costero. Poner en valor espacios como este es una oportunidad adicional porque representa un atractivo para emprendedores del sector gastron\u00f3mico y tur\u00edstico.<\/p>\n\n\n\n<p>\u25cf Trabajar por la zona sur: ya se puso en marcha la Mesa de Desarrollo del Sur, que busca concentrar esfuerzos y generar la infraestructura necesaria, articulando la inversi\u00f3n p\u00fablica y privada.<\/p>\n\n\n\n<p><strong><mark style=\"background-color:rgba(0, 0, 0, 0)\" class=\"has-inline-color has-vivid-red-color\">TRANSPORTE<\/mark><\/strong><\/p>\n\n\n\n<p><strong>\u201cAvanzaremos con la construcci\u00f3n de seis pasos bajo nivel y luego con la obra del Viaducto del tren Sarmiento\u201d<\/strong><\/p>\n\n\n\n<p>\u25cf Obras: la primera, el Paso Bajo Nivel en el cruce de la Avenida Larraz\u00e1bal y el ferrocarril Belgrano Sur. La segunda es la construcci\u00f3n del bajo puente Bosch, que permitir\u00e1 dar continuidad al Camino de Sirga y poner en valor la zona del Riachuelo. Las intervenciones en el espacio p\u00fablico y la inversi\u00f3n en infraestructura tienen que dar respuesta a dos desaf\u00edos: el ordenamiento del tr\u00e1nsito y el cambio clim\u00e1tico.<\/p>\n\n\n\n<p>\u25cf Viaducto del Tren Sarmiento: ya se avanz\u00f3 con la licitaci\u00f3n de los primeros tres pasos bajo nivel a construir.<\/p>\n\n\n\n<p>\u25cf Bicisendas: en su momento, la implementaci\u00f3n de las bicisendas modific\u00f3 la forma de moverse en la Ciudad. Hoy hay que dar un paso m\u00e1s y revisar la razonabilidad de alguna de ellas, como la ciclov\u00eda de Av. Libertador.<\/p>\n\n\n\n<p>\u25cf Incorporaci\u00f3n del tranbus: est\u00e1 bajo estudio de factibilidad que permitir\u00e1 trasladar mayor cantidad de pasajeros en unidades confortables, acortando tiempos &nbsp;y recorridos.<\/p>\n\n\n\n<p>\u25cf Sistema Free Flow: Ya funciona en la Autopista Illia, en la Perito Moreno y, poco a poco, se ir\u00e1 extendiendo al resto de las principales arterias de acceso y egreso para reemplazar el peaje.<\/p>\n\n\n\n<p><strong><mark style=\"background-color:rgba(0, 0, 0, 0)\" class=\"has-inline-color has-vivid-red-color\">AMBIENTE<\/mark><\/strong><\/p>\n\n\n\n<p><strong>\u201cSeguir mejorando la capacidad de respuesta ante eventos clim\u00e1ticos extremos\u201d<\/strong><\/p>\n\n\n\n<p>\u25cf Pol\u00edtica ambiental: el marco del Plan de Acci\u00f3n Clim\u00e1tica y como miembros de la Red de Ciudades C40, el compromiso es ser una Ciudad carbono neutral, resiliente e inclusiva para el 2050.<\/p>\n\n\n\n<p>\u25cf Plan Hidr\u00e1ulico: siguientes etapas en los Arroyos Maldonado, Vega y Cilda\u00f1ez. El 80% de la Ciudad ya se beneficia de esta megaobra destinada a evitar grandes inundaciones y dar una respuesta de escurrimiento m\u00e1s eficiente ante lluvias de gran intensidad y poca duraci\u00f3n.<\/p>\n\n\n\n<p><strong><mark style=\"background-color:rgba(0, 0, 0, 0)\" class=\"has-inline-color has-vivid-red-color\">EDUCACI\u00d3N<\/mark><\/strong><\/p>\n\n\n\n<p><strong>\u201cSe har\u00e1 foco en el aprendizaje, en vez de hablar de ense\u00f1anza\u201d<\/strong><\/p>\n\n\n\n<p>\u25cf Se har\u00e1 foco en el aprendizaje, en vez de hablar de ense\u00f1anza. Evaluaci\u00f3n permanente, tanto de los alumnos como de los maestros, para mejorar la calidad del desempe\u00f1o.<\/p>\n\n\n\n<p>\u25cf Inversi\u00f3n privada en materia educativa: el motor es el privado que emprende y no el Estado que gasta. Por eso el compromiso es crear un terreno f\u00e9rtil para la inversi\u00f3n privada. Por otro lado, la innovaci\u00f3n es parte de la agenda del futuro.<\/p>\n\n\n\n<p>\u25cf Empresas y desarrolladores de software: se seguir\u00e1 apoyando dado que aportan soluciones innovadoras y se incorporar\u00e1 m\u00e1s Inteligencia Artificial a la gesti\u00f3n p\u00fablica, con al menos un programa por Ministerio, especialmente en salud y seguridad.<\/p>\n\n\n\n<p><strong><mark style=\"background-color:rgba(0, 0, 0, 0)\" class=\"has-inline-color has-vivid-red-color\">TURISMO<\/mark><\/strong><\/p>\n\n\n\n<p><strong>\u201cAtraer nuevas inversiones y generar empleos de calidad\u201d<\/strong><\/p>\n\n\n\n<p>\u25cf Ciudad global: requiere poner las relaciones internacionales al servicio del desarrollo de la Ciudad, aprendiendo de experiencias exitosas, compartiendo conocimientos y buenas pr\u00e1cticas.<\/p>\n\n\n\n<p>\u25cf Desarrollo tur\u00edstico: atrae nuevas inversiones, genera empleos de calidad y la permanente afluencia de visitantes extranjeros.<\/p>\n\n\n\n<p><strong><mark style=\"background-color:rgba(0, 0, 0, 0)\" class=\"has-inline-color has-vivid-red-color\">SALUD<\/mark><\/strong><\/p>\n\n\n\n<p><strong>\u201cEl sistema de salud en la Ciudad siempre ser\u00e1 p\u00fablico, de calidad y gratuito para todos, pero con prioridad para los porte\u00f1os\u201d<\/strong><\/p>\n\n\n\n<p>\u25cf Se avanzar\u00e1 con la construcci\u00f3n de tres centros de diagn\u00f3stico de mediana complejidad y otro de alta complejidad. El objetivo es facilitar que los vecinos reciban atenci\u00f3n cerca de su casa, fuera de los hospitales. Estos Centros de Especialidades M\u00e9dicas Ambulatorias de Referencia estar\u00e1n equipados con todo lo necesario para que la atenci\u00f3n de cercan\u00eda sea una alternativa real a la Guardia donde s\u00f3lo deber\u00edan llegar las urgencias.<\/p>\n\n\n\n<p>\u25cf Se crear\u00e1 una &nbsp;Red Integral de Cuidados Progresivos, integrando cada nivel de atenci\u00f3n y a los distintos efectores, y se agilizar\u00e1 la sistematizaci\u00f3n de turnos y la implementaci\u00f3n de la historia cl\u00ednica electr\u00f3nica.<\/p>\n\n\n\n<p>\u25cf La Ciudad apoya una nueva ley de Salud Mental, ya que la actual impide, ante episodios cr\u00edticos, &nbsp;la intervenci\u00f3n de los familiares sin el consentimiento de la persona que necesita ser atendida.<\/p>\n\n\n\n<p>\u25cf Se reforzar\u00e1 la atenci\u00f3n en las guardias de los hospitales para asistir a las personas que llegan durante la madrugada con graves problemas de adicci\u00f3n.<\/p>\n\n\n\n<p>\u25cf Se incorporar\u00e1 un nuevo Centro de Acompa\u00f1amiento Terap\u00e9utico para ayudar a rescatar a las personas que conviven con esta problem\u00e1tica y apoyar a sus familiares.<\/p>\n\n\n\n<p><strong><mark style=\"background-color:rgba(0, 0, 0, 0)\" class=\"has-inline-color has-vivid-red-color\">ASISTENCIA A SECTORES VULNERABLES<\/mark><\/strong><\/p>\n\n\n\n<p><strong>\u201cSe intensificar\u00e1n los programas de asistencia a los sectores m\u00e1s vulnerables y golpeados por la crisis\u201d<\/strong><\/p>\n\n\n\n<p>\u25cf Los programas Ciudadan\u00eda Porte\u00f1a y Buenos Aires Presente continuar\u00e1n intensificando la asistencia, conscientes de que el esfuerzo requiere sumar el trabajo coordinado con ONG\u2019s, comunidades evang\u00e9licas, parroquias e iglesias que silenciosamente extienden la solidaridad a todos los rincones de la Ciudad.<\/p>\n\n\n\n<p>\u25cf Se reforzar\u00e1n los protocolos de abordaje e intervenci\u00f3n conjunta para familias con ni\u00f1as, ni\u00f1os y adolescentes en situaci\u00f3n de calle.<\/p>\n\n\n\n<p><strong><mark style=\"background-color:rgba(0, 0, 0, 0)\" class=\"has-inline-color has-vivid-red-color\">POL\u00cdTICAS DE INCLUSI\u00d3N PARA LAS PERSONAS CON DISCAPACIDAD<\/mark><\/strong><\/p>\n\n\n\n<p><strong>\u201cVentanilla \u00fanica para todos los tr\u00e1mites relaciones con discapacidad\u201d<\/strong><\/p>\n\n\n\n<p>\u25cf Se avanzar\u00e1 con las pol\u00edticas de inclusi\u00f3n de las personas con discapacidad para que se cumpla con el 5% de cupo que establece la ley para empleados del Gobierno de la Ciudad con alguna discapacidad.<\/p>\n\n\n\n<p>\u25cf Fortalecimiento del programa de Ventanilla \u00danica para todos los tr\u00e1mites relacionados con discapacidad, que necesitan validez en la Ciudad y a nivel nacional. Tambi\u00e9n de los programas de becas de estudios y formaci\u00f3n profesional y de acompa\u00f1amiento a las familias en la tarea de asistirlas durante el proceso de diagn\u00f3stico de discapacidad.<\/p>\n\n\n\n<p><strong><mark style=\"background-color:rgba(0, 0, 0, 0)\" class=\"has-inline-color has-vivid-red-color\">CULTURA<\/mark><\/strong><\/p>\n\n\n\n<p><strong>\u201cSe crear\u00e1 el Pase Cultural para los adultos mayores\u201d<\/strong><\/p>\n\n\n\n<p>\u25cf El Pase Cultural tendr\u00e1 beneficios y descuentos para los adultos mayores.<\/p>\n\n\n\n<p>\u25cf La Ciudad promover\u00e1 las \u00abembajadas culturales\u00bb que llevar\u00e1n obras de teatro y espect\u00e1culos a todos los barrios, &nbsp;principalmente en la zona sur para que cada vecino pueda disfrutar cerca de su casa de una oferta cultural de calidad.<\/p>\n\n\n\n<p><strong><mark style=\"background-color:rgba(0, 0, 0, 0)\" class=\"has-inline-color has-vivid-red-color\">GESTI\u00d3N<\/mark><\/strong><\/p>\n\n\n\n<p><strong>\u201cRecortamos un 30% de contratos y generamos un ahorro de m\u00e1s de 35 mil millones de pesos\u201d<\/strong><\/p>\n\n\n\n<p>\u25cf La senda de la austeridad es innegociable y es tambi\u00e9n un indicador de la decisi\u00f3n de frenar la inercia del gasto pol\u00edtico. Con este objetivo se achic\u00f3 la estructura de Gobierno. De 13 secretar\u00edas pasaron a 8, y se suprimieron 15 subsecretar\u00edas y 35 direcciones generales. A eso se sum\u00f3 la decisi\u00f3n de reducir el 30% de los contratos que finalizaron el 31 de diciembre.<\/p>\n\n\n\n<p>\u25cf Estas pol\u00edticas de austeridad representan un ahorro de m\u00e1s de 35.000 millones de pesos y mantienen la sustentabilidad y el equilibrio fiscal.<\/p>\n\n\n\n<p>\u25cf Por otro lado, en la medida en que la situaci\u00f3n del pa\u00eds permita hacerlo, la baja de impuestos seguir\u00e1 siendo parte del compromiso con todos los vecinos.<\/p>\n\n\n\n<p>\u25cf Otro objetivo es liberar las energ\u00edas productivas y dejar de asfixiar la iniciativa privada. As\u00ed se eliminaron 56 tr\u00e1mites innecesarios y se simplificaron tambi\u00e9n m\u00e1s de 300. El 90% ya se puede realizar de manera digital.<\/p>\n\n\n\n<p>\u25cf Ahora se simplificar\u00e1n otros 493, como el certificado de deudor alimentario y el certificado de aptitud ambiental para las actividades econ\u00f3micas y productivas. Por otro lado, para que la obtenci\u00f3n de permisos de obra y habilitaci\u00f3n de comercios sea m\u00e1s simple, se est\u00e1 avanzando con la creaci\u00f3n de la Ventanilla \u00danica de Inversiones.<\/p>\n\n\n\n<p><strong><mark style=\"background-color:rgba(0, 0, 0, 0)\" class=\"has-inline-color has-vivid-red-color\">AGENDA LEGISLATIVA<\/mark><\/strong><\/p>\n\n\n\n<p><strong>\u201cLa seguridad p\u00fablica necesita con urgencia que cambie el concepto de reincidencia por el de reiterancia para terminar con la puerta giratoria\u201d<\/strong><\/p>\n\n\n\n<p>\u25cf Ley de Reiterancia: se impulsa como iniciativa prioritaria el tratamiento de una Ley de Reiterancia para la Ciudad y las modificatorias correspondientes al plexo legal vigente.<\/p>\n\n\n\n<p>\u25cf C\u00f3digo Urban\u00edstico: la Ciudad avanza con la reforma que propicia cuidar la identidad de los barrios, preservar los edificios patrimoniales, las zonas residenciales y asegurar mayor suelo libre en los lugares con m\u00e1s densidad habitacional.<\/p>\n\n\n\n<p>\u25cf Ley de simplificaci\u00f3n de tr\u00e1mites: es un proyecto fundamental para optimizar tiempo y recursos a trav\u00e9s de la eliminaci\u00f3n de trabas que obstaculizan la actividad privada.<\/p>\n\n\n\n<p><strong><mark style=\"background-color:rgba(0, 0, 0, 0)\" class=\"has-inline-color has-vivid-red-color\">AUTONOM\u00cdA<\/mark><\/strong><\/p>\n\n\n\n<p><strong>\u201cEl compromiso es defender a los porte\u00f1os y recuperar la coparticipaci\u00f3n\u201d<\/strong><\/p>\n\n\n\n<p>\u25cf El gobierno kirchnerista la quit\u00f3 de manera completamente ileg\u00edtima. Existe un fallo de la Corte Suprema que le dio la raz\u00f3n al reclamo de la Ciudad y se est\u00e1 dialogando con un Gobierno nacional que est\u00e1 dispuesto a cumplirlo.<\/p>\n\n\n\n<p>\u25cf Mientras se lleva adelante esta negociaci\u00f3n tambi\u00e9n se est\u00e1 trabajando sobre el traspaso de la administraci\u00f3n del puerto, la Terminal de Retiro, la IGJ, el Registro de la Propiedad Inmueble (RPI) y algunas competencias de la supervisi\u00f3n del \u00e1rea de salud. Asimismo, se necesita avanzar con la Justicia Nacional en el completamiento de la transferencia de los fueros penal, comercial y civil, adem\u00e1s del laboral.<\/p>\n\n\n\n<p><strong><em><mark style=\"background-color:rgba(0, 0, 0, 0)\" class=\"has-inline-color has-vivid-red-color\"><a href=\"https:\/\/esreviral.com\/milei-publico-un-mensaje-en-hebreo-y-crece-la-expectativa-en-la-previa-de-su-discurso\/\" data-type=\"link\" data-id=\"https:\/\/esreviral.com\/milei-publico-un-mensaje-en-hebreo-y-crece-la-expectativa-en-la-previa-de-su-discurso\/\">Lea Tambi\u00e9n: Milei public\u00f3 un mensaje en hebreo y crece la expectativa en la previa de su discurso<\/a><\/mark><\/em><\/strong><\/p>\n\n\n\n<p class=\"has-text-align-right\"><strong><em>Prensa GCBA.-<\/em><\/strong><\/p>\n","protected":false},"excerpt":{"rendered":"<p>Al inaugurar las sesiones de la Legislatura, el Jefe de Gobierno dijo: \u201cVinimos a dar un nuevo impulso a la gesti\u00f3n con orden, firmeza y decisi\u00f3n\u201d.<\/p>\n","protected":false},"author":3,"featured_media":0,"comment_status":"open","ping_status":"open","sticky":false,"template":"","format":"standard","meta":{"jnews-multi-image_gallery":[],"jnews_single_post":{"subtitle":"","format":"standard","video":"","gallery":"","source_name":"","source_url":"","via_name":"","via_url":"","override_template":"0","override":[{"template":"4","single_blog_custom":"","parallax":"1","fullscreen":"1","layout":"right-sidebar","sidebar":"default-sidebar","second_sidebar":"default-sidebar","sticky_sidebar":"1","share_position":"top","share_float_style":"share-monocrhome","show_share_counter":"1","show_view_counter":"1","show_featured":"1","show_post_meta":"1","show_post_author":"1","show_post_author_image":"1","show_post_date":"1","post_date_format":"default","post_date_format_custom":"Y\/m\/d","show_post_category":"1","show_post_reading_time":"1","post_reading_time_wpm":"300","show_zoom_button":"1","zoom_button_out_step":"2","zoom_button_in_step":"3","show_post_tag":"1","show_prev_next_post":"1","show_popup_post":"1","number_popup_post":"1","show_author_box":"1","show_post_related":"1","show_inline_post_related":"0"}],"override_image_size":"0","image_override":[{"single_post_thumbnail_size":"crop-500","single_post_gallery_size":"crop-500"}],"trending_post":"0","trending_post_position":"meta","trending_post_label":"Trending","sponsored_post":"0","sponsored_post_label":"Sponsored by","sponsored_post_name":"","sponsored_post_url":"","sponsored_post_logo_enable":"0","sponsored_post_logo":"","sponsored_post_desc":"","disable_ad":"0"},"jnews_primary_category":{"id":"","hide":""},"jnews_social_meta":{"fb_title":"","fb_description":"","fb_image":"","twitter_title":"","twitter_description":"","twitter_image":""},"jnews_review":[],"enable_review":"0","type":"percentage","name":"","summary":"","brand":"","sku":"","good":[{"good_text":""}],"bad":[{"bad_text":""}],"score_override":"","override_value":"","rating":[{"rating_text":"","rating_number":"10"}],"price":[{"shop":"","price":"","link":"","icon":""}],"jnews_override_counter":{"override_view_counter":"0","view_counter_number":"0","override_share_counter":"0","share_counter_number":"0","override_like_counter":"0","like_counter_number":"0","override_dislike_counter":"0","dislike_counter_number":"0"},"jnews_post_split":{"enable_post_split":"0","post_split":[{"template":"1","tag":"h2","numbering":"asc","mode":"normal","first":"0","enable_toc":"0","toc_type":"normal"}]},"footnotes":""},"categories":[58,59],"tags":[44,1327,4753,45,13916],"class_list":["post-49946","post","type-post","status-publish","format-standard","hentry","category-argentina","category-politica","tag-argentina","tag-jorge-macri","tag-legislatura","tag-noticias","tag-sesiones"],"amp_enabled":true,"_links":{"self":[{"href":"https:\/\/esreviral.com\/index.php?rest_route=\/wp\/v2\/posts\/49946"}],"collection":[{"href":"https:\/\/esreviral.com\/index.php?rest_route=\/wp\/v2\/posts"}],"about":[{"href":"https:\/\/esreviral.com\/index.php?rest_route=\/wp\/v2\/types\/post"}],"author":[{"embeddable":true,"href":"https:\/\/esreviral.com\/index.php?rest_route=\/wp\/v2\/users\/3"}],"replies":[{"embeddable":true,"href":"https:\/\/esreviral.com\/index.php?rest_route=%2Fwp%2Fv2%2Fcomments&post=49946"}],"version-history":[{"count":0,"href":"https:\/\/esreviral.com\/index.php?rest_route=\/wp\/v2\/posts\/49946\/revisions"}],"wp:attachment":[{"href":"https:\/\/esreviral.com\/index.php?rest_route=%2Fwp%2Fv2%2Fmedia&parent=49946"}],"wp:term":[{"taxonomy":"category","embeddable":true,"href":"https:\/\/esreviral.com\/index.php?rest_route=%2Fwp%2Fv2%2Fcategories&post=49946"},{"taxonomy":"post_tag","embeddable":true,"href":"https:\/\/esreviral.com\/index.php?rest_route=%2Fwp%2Fv2%2Ftags&post=49946"}],"curies":[{"name":"wp","href":"https:\/\/api.w.org\/{rel}","templated":true}]}}