{"id":49904,"date":"2024-02-29T09:04:38","date_gmt":"2024-02-29T14:04:38","guid":{"rendered":"https:\/\/esreviral.com\/?p=49904"},"modified":"2024-02-29T09:04:39","modified_gmt":"2024-02-29T14:04:39","slug":"las-razones-de-por-que-no-le-dieron-gaviota-de-platino-a-andrea-bocelli","status":"publish","type":"post","link":"https:\/\/esreviral.com\/?p=49904","title":{"rendered":"Las razones de por qu\u00e9 no le dieron Gaviota de Platino a Andrea Bocelli"},"content":{"rendered":"\n<p><strong>Andrea Bocelli\u00a0recibi\u00f3 Gaviota de Plata y de Oro<\/strong>, los dos reconocimientos tradicionales para un artista invitado al\u00a0Festival de Vi\u00f1a del Mar. Sin embargo, el p\u00fablico en la Quinta y los televidentes, a trav\u00e9s de redes sociales,\u00a0<strong>exig\u00edan que se le otorgara una Gaviota de Platico al tenor italiano.<\/strong><\/p>\n\n\n\n<p>A pesar de los claros gritos de El Monstruo, los animadores explicaron en comerciales por qu\u00e9 no pod\u00edan entregarle a Bocelli ese reconocimiento:&nbsp;<strong>simplemente no exist\u00eda<\/strong>. Y es que la Gaviota de Plata se entrega solo en instancias especiales con planificaci\u00f3n previa.<\/p>\n\n\n\n<p><strong>No es la primera vez que pasaba algo as\u00ed<\/strong>. En 2020,\u00a0Mon Laferte\u00a0se presentaba por segunda vez en la Quinta Vergara y El Monstruo ped\u00eda fervientemente Gaviota de Platino, que finalmente no se le concedi\u00f3. Asimismo, ese a\u00f1o pis\u00f3 el escenario\u00a0Ana Gabriel, para quien tambi\u00e9n el respetable pidi\u00f3 ese reconocimiento sin resultados.<\/p>\n\n\n\n<figure class=\"wp-block-image size-large\"><img fetchpriority=\"high\" decoding=\"async\" width=\"1024\" height=\"635\" src=\"https:\/\/esreviral.com\/wp-content\/uploads\/2024\/02\/luismiguel-t.jpg-1024x635.webp\" alt=\"\" class=\"wp-image-49905\" srcset=\"https:\/\/esreviral.com\/wp-content\/uploads\/2024\/02\/luismiguel-t.jpg-1024x635.webp 1024w, https:\/\/esreviral.com\/wp-content\/uploads\/2024\/02\/luismiguel-t.jpg-300x186.webp 300w, https:\/\/esreviral.com\/wp-content\/uploads\/2024\/02\/luismiguel-t.jpg-768x476.webp 768w, https:\/\/esreviral.com\/wp-content\/uploads\/2024\/02\/luismiguel-t.jpg-750x465.webp 750w, https:\/\/esreviral.com\/wp-content\/uploads\/2024\/02\/luismiguel-t.jpg-1140x707.webp 1140w, https:\/\/esreviral.com\/wp-content\/uploads\/2024\/02\/luismiguel-t.jpg.webp 1200w\" sizes=\"(max-width: 1024px) 100vw, 1024px\" \/><\/figure>\n\n\n\n<p>Fue en 2012 que se entreg\u00f3 la primera Gaviota de Platino, abriendo una nueva tradici\u00f3n.\u00a0<strong>Esta fue entregada al mexicano\u00a0Luis Miguel, para destacar sus treinta a\u00f1os de trayectoria.\u00a0<\/strong>Cabe destacar que hasta ese a\u00f1o, el Sol de M\u00e9xico se hab\u00eda presentado cuatro veces en el Festival de Vi\u00f1a, en 1985, 1986, 1990 y 1994.<strong>\u00a0Isabel Pantoja<\/strong>,\u00a0<strong>Humberto Gatica<\/strong>\u00a0&#8211; en representaci\u00f3n de su t\u00edo, Lucho Gatica &#8211; y\u00a0<strong>Los Jaivas<\/strong>\u00a0han sido los \u00fanicos -adem\u00e1s de Luis Miguel- en recibir este galard\u00f3n.<\/p>\n\n\n\n<p><strong><mark style=\"background-color:rgba(0, 0, 0, 0)\" class=\"has-inline-color has-vivid-red-color\">Por qu\u00e9 no se entreg\u00f3 la Gaviota<\/mark><\/strong><\/p>\n\n\n\n<p>Tras la presentaci\u00f3n de Bocelli, durante una pausa comercial, los animadores explicaron al p\u00fablico las razones de por qu\u00e9 no se le concedi\u00f3 este premio al artista. \u201cYo entiendo que est\u00e9n enojados, les encuentro toda la raz\u00f3n.\u00a0<strong>Nos encantar\u00eda que Andrea Bocelli estuviera ac\u00e1, al igual que ustedes. Pero les juro por mis cinco hijos que no tenemos una Gaviota de Platino<\/strong>\u201d, dijo\u00a0Mar\u00eda Luisa Godoy.<\/p>\n\n\n\n<p>El Monstruo, no convencido, sigui\u00f3 pidiendo la gaviota, incluso ya comenzada la rutina de Javiera Contador.<\/p>\n\n\n\n<p>El\u00a0<strong>productor ejecutivo del Festival de Vi\u00f1a, Daniel Merino,<\/strong>\u00a0se refiri\u00f3 a la situaci\u00f3n y afirma que este reconocimiento no depende solo de la talla del artista. \u201c<strong>La Gaviota de Platino es un premio que depende de quien est\u00e9 en la administraci\u00f3n.<\/strong>\u00a0Se hace un comit\u00e9 y este toma ciertas decisiones en coordinaci\u00f3n con el municipio\u201d, indic\u00f3.<\/p>\n\n\n<div class=\"wp-block-image\">\n<figure class=\"aligncenter size-full\"><img decoding=\"async\" width=\"768\" height=\"512\" src=\"https:\/\/esreviral.com\/wp-content\/uploads\/2024\/02\/NLYRJH2NNVEC7K4E4PZQRGBY74.webp\" alt=\"\" class=\"wp-image-49906\" srcset=\"https:\/\/esreviral.com\/wp-content\/uploads\/2024\/02\/NLYRJH2NNVEC7K4E4PZQRGBY74.webp 768w, https:\/\/esreviral.com\/wp-content\/uploads\/2024\/02\/NLYRJH2NNVEC7K4E4PZQRGBY74-300x200.webp 300w, https:\/\/esreviral.com\/wp-content\/uploads\/2024\/02\/NLYRJH2NNVEC7K4E4PZQRGBY74-750x500.webp 750w\" sizes=\"(max-width: 768px) 100vw, 768px\" \/><\/figure><\/div>\n\n\n<p>As\u00ed lo reafirmaron los animadores de la instancia. \u201c<strong>No existe la posibilidad de entregar Gaviota de Platino, ac\u00e1 hay una prohibici\u00f3n de hacerlo, por decirlo de alguna forma<\/strong>. Qu\u00e9 m\u00e1s hubi\u00e9semos querido nosotros que entregar todos los reconocimientos para un artista tan grande como Andrea Bocelli\u201d, declar\u00f3 el animador del Festival de Vi\u00f1a, Francisco Pancho Saavedra.<\/p>\n\n\n\n<p>Mar\u00eda Luisa Godoy, quien cuenta con m\u00e1s experiencia en el certamen, agreg\u00f3 a lo dicho por su compa\u00f1ero: \u201cY no se conformaron,\u00a0<strong>efectivamente no existe Gaviota de Platino<\/strong>, quisimos explicarles con honestidad, con verdad, no existe. Ven\u00eda el show de la Javi, les dijimos que lo ha preparado, explicamos la trayectoria, dijimos todas las caracter\u00edsticas que tiene la Javi, las cualidades, los atributos.\u00a0<strong>Pero quer\u00edan la Gaviota de Platino<\/strong>\u201d.<\/p>\n\n\n\n<p>\u201cEn este caso, en particular, yo creo que Andrea Bocelli puede volver al Festival de Vi\u00f1a en el futuro. Ese momento (entrega de la Gaviota de Platino) hay que guardarlo. (Esta gaviota) nace por la necesidad de hacer ciertas premiaciones respecto a carreras. Depende de qui\u00e9n est\u00e9 en la administraci\u00f3n a quien se entrega.&nbsp;<strong>Si vuelve en el futuro hay que guardarla<\/strong>\u201d, asegur\u00f3 Daniel Merino, el productor del certamen.<\/p>\n\n\n\n<p>\u201cEl show est\u00e1 estipulado en tiempo y en cantidad de canciones. Lo de la Gaviota de Platino, no existe.&nbsp;<strong>Se ha entregado, s\u00ed, pero ha sido excepcional.&nbsp;<\/strong>Dentro del contrato de la concesi\u00f3n festivalera no existe. A\u00fan no existe como algo frecuente\u201d, coment\u00f3 Eduardo Fuentes esta ma\u00f1ana, en Muy buenos d\u00edas a todos, matinal de Televisi\u00f3n Nacional de Chile (TVN).<\/p>\n\n\n\n<p>Recordemos que el 2015 se elimin\u00f3 la entrega de Antorchas de Oro y Plata, ya que la cantidad excesiva de premios dificultaba el transcurso normal del evento.<\/p>\n\n\n\n<p class=\"has-text-align-right\"><em><strong>latercera.com.-<\/strong><\/em><\/p>\n","protected":false},"excerpt":{"rendered":"<p>El p\u00fablico qued\u00f3 emocionado con la presentaci\u00f3n del tenor italiano, por eso, la euforia por entregarle al artista todos los reconocimientos fue intensa. Esto gener\u00f3 un momento tenso en el anfiteatro, donde los animadores desplegaron sus herramientas para explicar las razones de la ausencia del galard\u00f3n.<\/p>\n","protected":false},"author":3,"featured_media":49907,"comment_status":"open","ping_status":"open","sticky":false,"template":"","format":"standard","meta":{"jnews-multi-image_gallery":[],"jnews_single_post":{"subtitle":"","format":"standard","video":"","gallery":"","source_name":"","source_url":"","via_name":"","via_url":"","override_template":"0","override":[{"template":"4","single_blog_custom":"","parallax":"1","fullscreen":"1","layout":"right-sidebar","sidebar":"default-sidebar","second_sidebar":"default-sidebar","sticky_sidebar":"1","share_position":"top","share_float_style":"share-monocrhome","show_share_counter":"1","show_view_counter":"1","show_featured":"1","show_post_meta":"1","show_post_author":"1","show_post_author_image":"1","show_post_date":"1","post_date_format":"default","post_date_format_custom":"Y\/m\/d","show_post_category":"1","show_post_reading_time":"1","post_reading_time_wpm":"300","show_zoom_button":"1","zoom_button_out_step":"2","zoom_button_in_step":"3","show_post_tag":"1","show_prev_next_post":"1","show_popup_post":"1","number_popup_post":"1","show_author_box":"1","show_post_related":"1","show_inline_post_related":"0"}],"override_image_size":"0","image_override":[{"single_post_thumbnail_size":"crop-500","single_post_gallery_size":"crop-500"}],"trending_post":"0","trending_post_position":"meta","trending_post_label":"Trending","sponsored_post":"0","sponsored_post_label":"Sponsored by","sponsored_post_name":"","sponsored_post_url":"","sponsored_post_logo_enable":"0","sponsored_post_logo":"","sponsored_post_desc":"","disable_ad":"0"},"jnews_primary_category":{"id":"","hide":""},"jnews_social_meta":{"fb_title":"","fb_description":"","fb_image":"","twitter_title":"","twitter_description":"","twitter_image":""},"jnews_review":[],"enable_review":"0","type":"percentage","name":"","summary":"","brand":"","sku":"","good":[{"good_text":""}],"bad":[{"bad_text":""}],"score_override":"","override_value":"","rating":[{"rating_text":"","rating_number":"10"}],"price":[{"shop":"","price":"","link":"","icon":""}],"jnews_override_counter":{"override_view_counter":"0","view_counter_number":"0","override_share_counter":"0","share_counter_number":"0","override_like_counter":"0","like_counter_number":"0","override_dislike_counter":"0","dislike_counter_number":"0"},"jnews_post_split":{"enable_post_split":"0","post_split":[{"template":"1","tag":"h2","numbering":"asc","mode":"normal","first":"0","enable_toc":"0","toc_type":"normal"}]},"footnotes":""},"categories":[50],"tags":[13899,13900,13748,13898,45,13901,8098],"class_list":["post-49904","post","type-post","status-publish","format-standard","has-post-thumbnail","hentry","category-entretenimiento","tag-andrea-bocelli","tag-ausencia-del-galardon","tag-festival-de-vina-del-mar-2024","tag-gaviota-de-platino","tag-noticias","tag-tenor-italiano","tag-vina-del-mar"],"amp_enabled":true,"_links":{"self":[{"href":"https:\/\/esreviral.com\/index.php?rest_route=\/wp\/v2\/posts\/49904"}],"collection":[{"href":"https:\/\/esreviral.com\/index.php?rest_route=\/wp\/v2\/posts"}],"about":[{"href":"https:\/\/esreviral.com\/index.php?rest_route=\/wp\/v2\/types\/post"}],"author":[{"embeddable":true,"href":"https:\/\/esreviral.com\/index.php?rest_route=\/wp\/v2\/users\/3"}],"replies":[{"embeddable":true,"href":"https:\/\/esreviral.com\/index.php?rest_route=%2Fwp%2Fv2%2Fcomments&post=49904"}],"version-history":[{"count":0,"href":"https:\/\/esreviral.com\/index.php?rest_route=\/wp\/v2\/posts\/49904\/revisions"}],"wp:featuredmedia":[{"embeddable":true,"href":"https:\/\/esreviral.com\/index.php?rest_route=\/wp\/v2\/media\/49907"}],"wp:attachment":[{"href":"https:\/\/esreviral.com\/index.php?rest_route=%2Fwp%2Fv2%2Fmedia&parent=49904"}],"wp:term":[{"taxonomy":"category","embeddable":true,"href":"https:\/\/esreviral.com\/index.php?rest_route=%2Fwp%2Fv2%2Fcategories&post=49904"},{"taxonomy":"post_tag","embeddable":true,"href":"https:\/\/esreviral.com\/index.php?rest_route=%2Fwp%2Fv2%2Ftags&post=49904"}],"curies":[{"name":"wp","href":"https:\/\/api.w.org\/{rel}","templated":true}]}}