{"id":49892,"date":"2024-02-29T08:35:19","date_gmt":"2024-02-29T13:35:19","guid":{"rendered":"https:\/\/esreviral.com\/?p=49892"},"modified":"2024-02-29T08:35:20","modified_gmt":"2024-02-29T13:35:20","slug":"detienen-por-corrupcion-a-dos-directores-de-carceles-en-venezuela","status":"publish","type":"post","link":"https:\/\/esreviral.com\/?p=49892","title":{"rendered":"Detienen por corrupci\u00f3n a dos directores de c\u00e1rceles en Venezuela"},"content":{"rendered":"\n<p>El <strong>Observatorio Venezolano de Prisiones (OVP) <\/strong>report\u00f3 el arresto de<strong> dos directores y nueve funcionarios del Ministerio de Servicios Penitenciarios<\/strong>. La aprehensi\u00f3n de los funcionarios se produjo durante una serie de operativos sorpresa ejecutados en las c\u00e1rceles de los estados<strong> Gu\u00e1rico y Lara, en Venezuela<\/strong>.<\/p>\n\n\n\n<p>De acuerdo con <strong>OVP,<\/strong> durante los \u00faltimos d\u00edas de enero, funcionarios de la <strong>Guardia Nacional y custodios penitenciarios<\/strong> hicieron una requisa en el Centro de Reclusi\u00f3n para Procesados Judiciales 26 de Julio, ubicado en el estado Gu\u00e1rico, el cual culmin\u00f3 sin novedad.<\/p>\n\n\n\n<p>Pese a lo anterior, tres d\u00edas despu\u00e9s el <strong>Grupo de Respuesta Inmediata<\/strong> (GRI) del <strong>Ministerio de Servicios Penitenciarios<\/strong> tom\u00f3 el penal por sorpresa. Seg\u00fan OVP, en esa ocasi\u00f3n encontraron gran cantidad de tel\u00e9fonos celulares y sustancias estupefacientes, as\u00ed como otros objetos il\u00edcitos que estaban en manos de los <strong>privados de libertad.<\/strong><\/p>\n\n\n\n<blockquote class=\"wp-block-quote is-layout-flow wp-block-quote-is-layout-flow\">\n<p><strong><em>\u201cEn esta oportunidad resultaron detenidos el director y un custodio de la c\u00e1rcel 26 de Julio. En tanto, hasta la fecha no han designado al nuevo director del penal, el cual qued\u00f3 a cargo del subdirector y el coordinador de la regi\u00f3n. A ra\u00edz de all\u00ed los m\u00e1s de 1.300 presos que se encuentran recluidos en Gu\u00e1rico han sido objeto de castigos, los han encerrado en sus celdas y poco les permiten tomar el sol o realizar alguna actividad f\u00edsica\u201d, dijo en una nota de prensa publicada este 28 de febrero.<\/em><\/strong><\/p>\n<\/blockquote>\n\n\n\n<p><\/p>\n\n\n\n<p><\/p>\n\n\n\n<figure class=\"wp-block-image size-large\"><img fetchpriority=\"high\" decoding=\"async\" width=\"1024\" height=\"575\" src=\"https:\/\/esreviral.com\/wp-content\/uploads\/2024\/02\/AnyConv.com__fenix-lara-1-1024x575.webp\" alt=\"\" class=\"wp-image-49895\" srcset=\"https:\/\/esreviral.com\/wp-content\/uploads\/2024\/02\/AnyConv.com__fenix-lara-1-1024x575.webp 1024w, https:\/\/esreviral.com\/wp-content\/uploads\/2024\/02\/AnyConv.com__fenix-lara-1-300x169.webp 300w, https:\/\/esreviral.com\/wp-content\/uploads\/2024\/02\/AnyConv.com__fenix-lara-1-768x432.webp 768w, https:\/\/esreviral.com\/wp-content\/uploads\/2024\/02\/AnyConv.com__fenix-lara-1-750x421.webp 750w, https:\/\/esreviral.com\/wp-content\/uploads\/2024\/02\/AnyConv.com__fenix-lara-1-1140x641.webp 1140w, https:\/\/esreviral.com\/wp-content\/uploads\/2024\/02\/AnyConv.com__fenix-lara-1.webp 1242w\" sizes=\"(max-width: 1024px) 100vw, 1024px\" \/><\/figure>\n\n\n\n<p>La <strong>organizaci\u00f3n no gubernamental<\/strong> detall\u00f3 que el 25 de febrero se efectu\u00f3 un <strong>operativo similar <\/strong>en las instalaciones de la <strong>Comunidad Penitenciaria F\u00e9nix, ubicada en el estado Lara, en Venezuela<\/strong>, donde presuntamente localizaron una <strong>plantaci\u00f3n de marihuana<\/strong>, otro tipo de <strong>sustancias estupefacientes, bebidas, pastillas, m\u00e1s de 500 tel\u00e9fonos celulares, entre otras cosas.<\/strong> En este procedimiento <strong>detuvieron a nueve personas<\/strong>, entre ellas el<strong> director, subdirector y siete custodios penitenciarios.<\/strong><\/p>\n\n\n\n<p>Fuentes no identificadas dijeron al OVP que mientras se llevaba a cabo la requisa a m\u00e1s de 2 mil presos de F\u00e9nix Lara los mantuvieron desde las 4:00 am hasta las 9:00 pm formados fueras de sus celdas, en ese tiempo<strong> no recibieron alimentaci\u00f3n alguna<\/strong> y tampoco pudieron <strong>tomar agua<\/strong>, como consecuencia los hombres de m\u00e1s edad y los que est\u00e1n enfermos se desmayaron.<\/p>\n\n\n\n<blockquote class=\"wp-block-quote is-layout-flow wp-block-quote-is-layout-flow\">\n<p><strong><em>\u201cDesde la organizaci\u00f3n rechazamos toda forma de castigo en contra de los privados de libertad, no estamos en contra de las requisas que se realizan en los centros penitenciarios, pero s\u00ed de los tratos inhumanos y degradantes a los que son sometidos los presos durante estas revisiones\u201d, agreg\u00f3.<\/em><\/strong><\/p>\n<\/blockquote>\n\n\n\n<p><\/p>\n\n\n\n<p>Destac\u00f3 que ahora el<strong> Ministerio de Servicios Penitenciarios no ha informado sobre estos procedimientos<\/strong>, lo que desde siempre ha sido parte de una pol\u00edtica de desinformaci\u00f3n y falta de transparencia por parte de este organismo.<\/p>\n\n\n\n<p>El OVP record\u00f3 que en m\u00faltiples ocasiones se han presentado denuncias por corrupci\u00f3n en los recintos penitenciarios del territorio. <strong><em>Afirm\u00f3 que \u201cesto se ha convertido en un verdadero negocio instaurado por los funcionarios\u201d.<\/em><\/strong><\/p>\n\n\n\n<p>Sostuvo que aunque desde noviembre del 2023 voceros del gobierno han declarado el \u201cfin del pranato\u201d tras la intervenci\u00f3n de siete c\u00e1rceles, dichos operativos no lograron m\u00e1s que incrementar el hacinamiento, permitir<strong><em> la fuga de peligrosos l\u00edderes de bandas como\u00a0Ni\u00f1o Guerrero\u00a0y fomentar la corrupci\u00f3n por parte de los funcionarios.<\/em><\/strong><\/p>\n\n\n\n<p>\u201cEsta situaci\u00f3n no es una novedad en los centros con r\u00e9gimen penitenciarios. Desde OVP lo hemos denunciado de forma constante a trav\u00e9s de testimonios e investigaciones de c\u00f3mo ahora los funcionarios del Ministerio de Servicios Penitenciarios tambi\u00e9n cobran una suma semanal o mensual, a cambio de algunos beneficios y la integridad f\u00edsica de los privados de libertad\u201d, detall\u00f3.<\/p>\n\n\n\n<p class=\"has-text-align-right\"><em>\u00a0<strong>Observatorio Venezolano de Prisiones<\/strong>.-<\/em><\/p>\n","protected":false},"excerpt":{"rendered":"<p>La ONG record\u00f3 que en m\u00faltiples ocasiones se han presentado denuncias por corrupci\u00f3n en los recintos penitenciarios del territorio. Afirm\u00f3 que \u201cesto se ha convertido en un verdadero negocio instaurado por los funcionarios\u201d.<\/p>\n","protected":false},"author":3,"featured_media":49893,"comment_status":"open","ping_status":"open","sticky":false,"template":"","format":"standard","meta":{"jnews-multi-image_gallery":[],"jnews_single_post":{"subtitle":"","format":"standard","video":"","gallery":"","source_name":"","source_url":"","via_name":"","via_url":"","override_template":"0","override":[{"template":"4","single_blog_custom":"","parallax":"1","fullscreen":"1","layout":"right-sidebar","sidebar":"default-sidebar","second_sidebar":"default-sidebar","sticky_sidebar":"1","share_position":"top","share_float_style":"share-monocrhome","show_share_counter":"1","show_view_counter":"1","show_featured":"1","show_post_meta":"1","show_post_author":"1","show_post_author_image":"1","show_post_date":"1","post_date_format":"default","post_date_format_custom":"Y\/m\/d","show_post_category":"1","show_post_reading_time":"1","post_reading_time_wpm":"300","show_zoom_button":"1","zoom_button_out_step":"2","zoom_button_in_step":"3","show_post_tag":"1","show_prev_next_post":"1","show_popup_post":"1","number_popup_post":"1","show_author_box":"1","show_post_related":"1","show_inline_post_related":"0"}],"override_image_size":"0","image_override":[{"single_post_thumbnail_size":"crop-500","single_post_gallery_size":"crop-500"}],"trending_post":"0","trending_post_position":"meta","trending_post_label":"Trending","sponsored_post":"0","sponsored_post_label":"Sponsored by","sponsored_post_name":"","sponsored_post_url":"","sponsored_post_logo_enable":"0","sponsored_post_logo":"","sponsored_post_desc":"","disable_ad":"0"},"jnews_primary_category":{"id":"","hide":""},"jnews_social_meta":{"fb_title":"","fb_description":"","fb_image":"","twitter_title":"","twitter_description":"","twitter_image":""},"jnews_review":[],"enable_review":"0","type":"percentage","name":"","summary":"","brand":"","sku":"","good":[{"good_text":""}],"bad":[{"bad_text":""}],"score_override":"","override_value":"","rating":[{"rating_text":"","rating_number":"10"}],"price":[{"shop":"","price":"","link":"","icon":""}],"jnews_override_counter":{"override_view_counter":"0","view_counter_number":"0","override_share_counter":"0","share_counter_number":"0","override_like_counter":"0","like_counter_number":"0","override_dislike_counter":"0","dislike_counter_number":"0"},"jnews_post_split":{"enable_post_split":"0","post_split":[{"template":"1","tag":"h2","numbering":"asc","mode":"normal","first":"0","enable_toc":"0","toc_type":"normal"}]},"footnotes":""},"categories":[66],"tags":[3959,473,8258,12329,45,13893,2187,56],"class_list":["post-49892","post","type-post","status-publish","format-standard","has-post-thumbnail","hentry","category-venezuela","tag-guarico","tag-lara","tag-ministerio-de-servicios-penitenciarios","tag-nino-guerrero","tag-noticias","tag-plantacion-de-marihuana","tag-privados-de-libertad","tag-venezuela"],"amp_enabled":true,"_links":{"self":[{"href":"https:\/\/esreviral.com\/index.php?rest_route=\/wp\/v2\/posts\/49892"}],"collection":[{"href":"https:\/\/esreviral.com\/index.php?rest_route=\/wp\/v2\/posts"}],"about":[{"href":"https:\/\/esreviral.com\/index.php?rest_route=\/wp\/v2\/types\/post"}],"author":[{"embeddable":true,"href":"https:\/\/esreviral.com\/index.php?rest_route=\/wp\/v2\/users\/3"}],"replies":[{"embeddable":true,"href":"https:\/\/esreviral.com\/index.php?rest_route=%2Fwp%2Fv2%2Fcomments&post=49892"}],"version-history":[{"count":0,"href":"https:\/\/esreviral.com\/index.php?rest_route=\/wp\/v2\/posts\/49892\/revisions"}],"wp:featuredmedia":[{"embeddable":true,"href":"https:\/\/esreviral.com\/index.php?rest_route=\/wp\/v2\/media\/49893"}],"wp:attachment":[{"href":"https:\/\/esreviral.com\/index.php?rest_route=%2Fwp%2Fv2%2Fmedia&parent=49892"}],"wp:term":[{"taxonomy":"category","embeddable":true,"href":"https:\/\/esreviral.com\/index.php?rest_route=%2Fwp%2Fv2%2Fcategories&post=49892"},{"taxonomy":"post_tag","embeddable":true,"href":"https:\/\/esreviral.com\/index.php?rest_route=%2Fwp%2Fv2%2Ftags&post=49892"}],"curies":[{"name":"wp","href":"https:\/\/api.w.org\/{rel}","templated":true}]}}