{"id":49885,"date":"2024-02-29T07:43:15","date_gmt":"2024-02-29T12:43:15","guid":{"rendered":"https:\/\/esreviral.com\/?p=49885"},"modified":"2024-02-29T08:56:02","modified_gmt":"2024-02-29T13:56:02","slug":"un-conductor-se-descompenso-al-volante-choco-contra-otro-vehiculo-y-murio","status":"publish","type":"post","link":"https:\/\/esreviral.com\/?p=49885","title":{"rendered":"Un conductor se descompens\u00f3 al volante, choc\u00f3 contra otro veh\u00edculo y muri\u00f3"},"content":{"rendered":"\n<p>Un conductor que transitaba por avenida 9 de Julio sufri\u00f3<strong>&nbsp;una descompensaci\u00f3n<\/strong>&nbsp;<strong>card\u00edaca<\/strong>&nbsp;que lo llev\u00f3 a chocar contra otro veh\u00edculo. El siniestro ocurri\u00f3 a metros del Obelisco.<strong>&nbsp;El hombre de 67 a\u00f1os muri\u00f3 en el lugar<\/strong>.<\/p>\n\n\n\n<p>Un llamado al 911, alrededor de las 7.30 de este jueves, alert\u00f3 a las Fuerzas de Seguridad de la Ciudad. El pedido era muy preciso: se solicitaba ambulancia por una&nbsp;<strong>colisi\u00f3n sobre Av. 9 de Julio<\/strong>, casi Av. Corrientes.<\/p>\n\n\n\n<p>El choque fue protagonizado por un Toyota gris que tras la p\u00e9rdida de conocimiento del conductor y fuera de control, embisti\u00f3 a un Honda, color oscuro.<\/p>\n\n\n\n<p>Hacia all\u00ed fue el SAME, y personal de la Comisar\u00eda Vecinal 1B de la Polic\u00eda de la Ciudad, y al llegar constataron que uno de los conductores, el de un Toyota, estaba sin vida.<\/p>\n\n\n\n<p>El choque se produjo sobre la 9 de Julio, casi Corrientes, mano hacia Av. del Libertador, en pleno centro porte\u00f1o.<\/p>\n\n\n\n<figure class=\"wp-block-image size-large\"><img fetchpriority=\"high\" decoding=\"async\" width=\"1024\" height=\"505\" src=\"https:\/\/esreviral.com\/wp-content\/uploads\/2024\/02\/AnyConv.com__ji8XFiEM-_1256x620__1-1024x505.webp\" alt=\"\" class=\"wp-image-49902\" srcset=\"https:\/\/esreviral.com\/wp-content\/uploads\/2024\/02\/AnyConv.com__ji8XFiEM-_1256x620__1-1024x505.webp 1024w, https:\/\/esreviral.com\/wp-content\/uploads\/2024\/02\/AnyConv.com__ji8XFiEM-_1256x620__1-300x148.webp 300w, https:\/\/esreviral.com\/wp-content\/uploads\/2024\/02\/AnyConv.com__ji8XFiEM-_1256x620__1-768x379.webp 768w, https:\/\/esreviral.com\/wp-content\/uploads\/2024\/02\/AnyConv.com__ji8XFiEM-_1256x620__1-750x370.webp 750w, https:\/\/esreviral.com\/wp-content\/uploads\/2024\/02\/AnyConv.com__ji8XFiEM-_1256x620__1-1140x563.webp 1140w, https:\/\/esreviral.com\/wp-content\/uploads\/2024\/02\/AnyConv.com__ji8XFiEM-_1256x620__1.webp 1256w\" sizes=\"(max-width: 1024px) 100vw, 1024px\" \/><\/figure>\n\n\n\n<p>Tras la colisi\u00f3n, qued\u00f3 inhabilitado el paso de Metrob\u00fas y el tr\u00e1nsito con sentido a Retiro permanece con demoras.<\/p>\n\n\n\n<p class=\"has-text-align-right\"><strong><em>Clarin.-<\/em><\/strong><\/p>\n","protected":false},"excerpt":{"rendered":"<p>El hombre sufri\u00f3 un paro cardiorrespiratorio y colision\u00f3 a metros del Obelisco.<br \/>\nOcurri\u00f3 este jueves alrededor de las 7.30 de la ma\u00f1ana.<\/p>\n","protected":false},"author":3,"featured_media":49886,"comment_status":"open","ping_status":"open","sticky":false,"template":"","format":"standard","meta":{"jnews-multi-image_gallery":[],"jnews_single_post":{"subtitle":"","format":"standard","video":"","gallery":"","source_name":"","source_url":"","via_name":"","via_url":"","override_template":"0","override":[{"template":"4","single_blog_custom":"","parallax":"1","fullscreen":"1","layout":"right-sidebar","sidebar":"default-sidebar","second_sidebar":"default-sidebar","sticky_sidebar":"1","share_position":"top","share_float_style":"share-monocrhome","show_share_counter":"1","show_view_counter":"1","show_featured":"1","show_post_meta":"1","show_post_author":"1","show_post_author_image":"1","show_post_date":"1","post_date_format":"default","post_date_format_custom":"Y\/m\/d","show_post_category":"1","show_post_reading_time":"1","post_reading_time_wpm":"300","show_zoom_button":"1","zoom_button_out_step":"2","zoom_button_in_step":"3","show_post_tag":"1","show_prev_next_post":"1","show_popup_post":"1","number_popup_post":"1","show_author_box":"1","show_post_related":"1","show_inline_post_related":"0"}],"override_image_size":"0","image_override":[{"single_post_thumbnail_size":"crop-500","single_post_gallery_size":"crop-500"}],"trending_post":"0","trending_post_position":"meta","trending_post_label":"Trending","sponsored_post":"0","sponsored_post_label":"Sponsored by","sponsored_post_name":"","sponsored_post_url":"","sponsored_post_logo_enable":"0","sponsored_post_logo":"","sponsored_post_desc":"","disable_ad":"0"},"jnews_primary_category":{"id":"","hide":""},"jnews_social_meta":{"fb_title":"","fb_description":"","fb_image":"","twitter_title":"","twitter_description":"","twitter_image":""},"jnews_review":[],"enable_review":"0","type":"percentage","name":"","summary":"","brand":"","sku":"","good":[{"good_text":""}],"bad":[{"bad_text":""}],"score_override":"","override_value":"","rating":[{"rating_text":"","rating_number":"10"}],"price":[{"shop":"","price":"","link":"","icon":""}],"jnews_override_counter":{"override_view_counter":"0","view_counter_number":"0","override_share_counter":"0","share_counter_number":"0","override_like_counter":"0","like_counter_number":"0","override_dislike_counter":"0","dislike_counter_number":"0"},"jnews_post_split":{"enable_post_split":"0","post_split":[{"template":"1","tag":"h2","numbering":"asc","mode":"normal","first":"0","enable_toc":"0","toc_type":"normal"}]},"footnotes":""},"categories":[58,64],"tags":[433,44,13891,384,13890,45,845],"class_list":["post-49885","post","type-post","status-publish","format-standard","has-post-thumbnail","hentry","category-argentina","category-sucesos","tag-accidente","tag-argentina","tag-av-9-de-julio","tag-choque","tag-descompensacion","tag-noticias","tag-obelisco"],"amp_enabled":true,"_links":{"self":[{"href":"https:\/\/esreviral.com\/index.php?rest_route=\/wp\/v2\/posts\/49885"}],"collection":[{"href":"https:\/\/esreviral.com\/index.php?rest_route=\/wp\/v2\/posts"}],"about":[{"href":"https:\/\/esreviral.com\/index.php?rest_route=\/wp\/v2\/types\/post"}],"author":[{"embeddable":true,"href":"https:\/\/esreviral.com\/index.php?rest_route=\/wp\/v2\/users\/3"}],"replies":[{"embeddable":true,"href":"https:\/\/esreviral.com\/index.php?rest_route=%2Fwp%2Fv2%2Fcomments&post=49885"}],"version-history":[{"count":0,"href":"https:\/\/esreviral.com\/index.php?rest_route=\/wp\/v2\/posts\/49885\/revisions"}],"wp:featuredmedia":[{"embeddable":true,"href":"https:\/\/esreviral.com\/index.php?rest_route=\/wp\/v2\/media\/49886"}],"wp:attachment":[{"href":"https:\/\/esreviral.com\/index.php?rest_route=%2Fwp%2Fv2%2Fmedia&parent=49885"}],"wp:term":[{"taxonomy":"category","embeddable":true,"href":"https:\/\/esreviral.com\/index.php?rest_route=%2Fwp%2Fv2%2Fcategories&post=49885"},{"taxonomy":"post_tag","embeddable":true,"href":"https:\/\/esreviral.com\/index.php?rest_route=%2Fwp%2Fv2%2Ftags&post=49885"}],"curies":[{"name":"wp","href":"https:\/\/api.w.org\/{rel}","templated":true}]}}