{"id":49816,"date":"2024-02-27T12:45:00","date_gmt":"2024-02-27T17:45:00","guid":{"rendered":"https:\/\/esreviral.com\/?p=49816"},"modified":"2024-02-27T12:45:00","modified_gmt":"2024-02-27T17:45:00","slug":"la-fvf-develo-las-nuevas-camisetas-de-la-vinotinto","status":"publish","type":"post","link":"https:\/\/esreviral.com\/?p=49816","title":{"rendered":"La FVF devel\u00f3 las nuevas camisetas de La Vinotinto"},"content":{"rendered":"\n<p>La <strong>Federaci\u00f3n Venezolana  de F\u00fatbol <\/strong> (<strong>FVF<\/strong>) present\u00f3 este martes 27 de febrero junto a la marca<strong> Adidas<\/strong> las\u00a0<strong>nuevas camisetas de la selecci\u00f3n Vinotinto<\/strong>. El momento de la revelaci\u00f3n del nuevo dise\u00f1o qued\u00f3 registrado en videos publicados en las redes sociales.<\/p>\n\n\n\n<p>La FVF public\u00f3 el video promocional de las nuevas camisetas Vinotinto en X, donde afirm\u00f3: \u201cEn cada jugador, en cada aficionado, en cada rinc\u00f3n de Venezuela: estas camisetas son&nbsp;<strong>el lazo que nos une<\/strong>. \u00a1Vamos, Vinotinto!\u201d.<\/p>\n\n\n\n<p>En el audiovisual se puede apreciar a varios jugadores de la selecci\u00f3n buscando las nuevas camisetas en un bolso deportivo. \u201c\u00bfLa ves?&nbsp;<strong>Es fe en movimiento<\/strong>&nbsp;que nos hace sentir grandes. Sentir en casa, en familia porque somos vinotinto\u201d, dice el video.<\/p>\n\n\n\n<p>Se trata de dos nuevos dise\u00f1os para la selecci\u00f3n. Uno de ellos mantiene el tradicional color vinotinto con franjas doradas mientras que el otro destaca por ser de color blanco. En el pecho est\u00e1n los<strong>\u00a0tres colores de la bandera de Venezuela<\/strong>.<\/p>\n\n\n\n<blockquote class=\"twitter-tweet\"><p lang=\"es\" dir=\"ltr\">En cada jugador, en cada aficionado, en cada rinc\u00f3n de Venezuela: estas camisetas son el lazo que nos une.\u00a1Vamos Vinotinto! <a href=\"https:\/\/twitter.com\/hashtag\/adidasFootball?src=hash&amp;ref_src=twsrc%5Etfw\">#adidasFootball<\/a> <a href=\"https:\/\/twitter.com\/adidasfootball?ref_src=twsrc%5Etfw\">@adidasfootball<\/a> <a href=\"https:\/\/t.co\/0sSLSrIgYe\">pic.twitter.com\/0sSLSrIgYe<\/a><\/p>&mdash; FVF (@FVF_Oficial) <a href=\"https:\/\/twitter.com\/FVF_Oficial\/status\/1762499513582059601?ref_src=twsrc%5Etfw\">February 27, 2024<\/a><\/blockquote> <script async src=\"https:\/\/platform.twitter.com\/widgets.js\" charset=\"utf-8\"><\/script>\n\n\n\n<p><\/p>\n\n\n\n<blockquote class=\"twitter-tweet\"><p lang=\"zxx\" dir=\"ltr\"><a href=\"https:\/\/t.co\/zsylW7rmwj\">https:\/\/t.co\/zsylW7rmwj<\/a><\/p>&mdash; FVF (@FVF_Oficial) <a href=\"https:\/\/twitter.com\/FVF_Oficial\/status\/1762496782242611457?ref_src=twsrc%5Etfw\">February 27, 2024<\/a><\/blockquote> <script async src=\"https:\/\/platform.twitter.com\/widgets.js\" charset=\"utf-8\"><\/script>\n\n\n\n<p><\/p>\n\n\n\n<blockquote class=\"twitter-tweet\"><p lang=\"es\" dir=\"ltr\">\ud835\udc73\ud835\udc82 \ud835\udc8f\ud835\udc96\ud835\udc86\ud835\udc94\ud835\udc95\ud835\udc93\ud835\udc82. \ud835\udc73\ud835\udc82 \ud835\udc7d\ud835\udc8a\ud835\udc8f\ud835\udc90\ud835\udc95\ud835\udc8a\ud835\udc8f\ud835\udc95\ud835\udc90 \ud83c\uddfb\ud83c\uddea\ud83c\udf77<br><br>Piel de millones. \ud83e\udec2<a href=\"https:\/\/twitter.com\/hashtag\/SiempreVinotinto?src=hash&amp;ref_src=twsrc%5Etfw\">#SiempreVinotinto<\/a> <a href=\"https:\/\/t.co\/IpZG7jf2Mc\">pic.twitter.com\/IpZG7jf2Mc<\/a><\/p>&mdash; FVF (@FVF_Oficial) <a href=\"https:\/\/twitter.com\/FVF_Oficial\/status\/1762510866719592466?ref_src=twsrc%5Etfw\">February 27, 2024<\/a><\/blockquote> <script async src=\"https:\/\/platform.twitter.com\/widgets.js\" charset=\"utf-8\"><\/script>\n\n\n\n<p>A mediados de 2023, la FVF anunci\u00f3 el regreso de<strong>&nbsp;la marca Adidas como proveedora<\/strong>&nbsp;de los uniformes de la Vinotinto en sus distintas categor\u00edas y disciplinas. En ese entonces, se especific\u00f3 que el contrato con Adidas inclu\u00eda las disciplinas masculina y femenina de f\u00fatbol campo, f\u00fatbol sala y f\u00fatbol playa en todas sus categor\u00edas.<\/p>\n\n\n\n<p>La Vinotinto visti\u00f3 Adidas por \u00faltima vez en partidos amistosos que ocurrieron entre<strong>\u00a0octubre y noviembre de 2018.<\/strong><\/p>\n\n\n\n<p class=\"has-text-align-right\"><strong><em>ElNacional.-<\/em><\/strong><\/p>\n","protected":false},"excerpt":{"rendered":"<p>Este martes se presentaron los nuevos dise\u00f1os que ser\u00e1n parte del uniforme de las selecciones nacionales en sus distintas categor\u00edas y disciplinas<\/p>\n","protected":false},"author":3,"featured_media":49817,"comment_status":"open","ping_status":"open","sticky":false,"template":"","format":"standard","meta":{"jnews-multi-image_gallery":[],"jnews_single_post":{"subtitle":"","format":"standard","video":"","gallery":"","source_name":"","source_url":"","via_name":"","via_url":"","override_template":"0","override":[{"template":"4","single_blog_custom":"","parallax":"1","fullscreen":"1","layout":"right-sidebar","sidebar":"default-sidebar","second_sidebar":"default-sidebar","sticky_sidebar":"1","share_position":"top","share_float_style":"share-monocrhome","show_share_counter":"1","show_view_counter":"1","show_featured":"1","show_post_meta":"1","show_post_author":"1","show_post_author_image":"1","show_post_date":"1","post_date_format":"default","post_date_format_custom":"Y\/m\/d","show_post_category":"1","show_post_reading_time":"1","post_reading_time_wpm":"300","show_zoom_button":"1","zoom_button_out_step":"2","zoom_button_in_step":"3","show_post_tag":"1","show_prev_next_post":"1","show_popup_post":"1","number_popup_post":"1","show_author_box":"1","show_post_related":"1","show_inline_post_related":"0"}],"override_image_size":"0","image_override":[{"single_post_thumbnail_size":"crop-500","single_post_gallery_size":"crop-500"}],"trending_post":"0","trending_post_position":"meta","trending_post_label":"Trending","sponsored_post":"0","sponsored_post_label":"Sponsored by","sponsored_post_name":"","sponsored_post_url":"","sponsored_post_logo_enable":"0","sponsored_post_logo":"","sponsored_post_desc":"","disable_ad":"0"},"jnews_primary_category":{"id":"","hide":""},"jnews_social_meta":{"fb_title":"","fb_description":"","fb_image":"","twitter_title":"","twitter_description":"","twitter_image":""},"jnews_review":[],"enable_review":"0","type":"percentage","name":"","summary":"","brand":"","sku":"","good":[{"good_text":""}],"bad":[{"bad_text":""}],"score_override":"","override_value":"","rating":[{"rating_text":"","rating_number":"10"}],"price":[{"shop":"","price":"","link":"","icon":""}],"jnews_override_counter":{"override_view_counter":"0","view_counter_number":"0","override_share_counter":"0","share_counter_number":"0","override_like_counter":"0","like_counter_number":"0","override_dislike_counter":"0","dislike_counter_number":"0"},"jnews_post_split":{"enable_post_split":"0","post_split":[{"template":"1","tag":"h2","numbering":"asc","mode":"normal","first":"0","enable_toc":"0","toc_type":"normal"}]},"footnotes":""},"categories":[48],"tags":[5135,7713,866,45,13867,13868,56,91],"class_list":["post-49816","post","type-post","status-publish","format-standard","has-post-thumbnail","hentry","category-deportes","tag-adidas","tag-federacion-venezolana-de-futbol","tag-fvf","tag-noticias","tag-nuevas-camisetas","tag-seleccion-vinotinto","tag-venezuela","tag-vinotinto"],"amp_enabled":true,"_links":{"self":[{"href":"https:\/\/esreviral.com\/index.php?rest_route=\/wp\/v2\/posts\/49816"}],"collection":[{"href":"https:\/\/esreviral.com\/index.php?rest_route=\/wp\/v2\/posts"}],"about":[{"href":"https:\/\/esreviral.com\/index.php?rest_route=\/wp\/v2\/types\/post"}],"author":[{"embeddable":true,"href":"https:\/\/esreviral.com\/index.php?rest_route=\/wp\/v2\/users\/3"}],"replies":[{"embeddable":true,"href":"https:\/\/esreviral.com\/index.php?rest_route=%2Fwp%2Fv2%2Fcomments&post=49816"}],"version-history":[{"count":0,"href":"https:\/\/esreviral.com\/index.php?rest_route=\/wp\/v2\/posts\/49816\/revisions"}],"wp:featuredmedia":[{"embeddable":true,"href":"https:\/\/esreviral.com\/index.php?rest_route=\/wp\/v2\/media\/49817"}],"wp:attachment":[{"href":"https:\/\/esreviral.com\/index.php?rest_route=%2Fwp%2Fv2%2Fmedia&parent=49816"}],"wp:term":[{"taxonomy":"category","embeddable":true,"href":"https:\/\/esreviral.com\/index.php?rest_route=%2Fwp%2Fv2%2Fcategories&post=49816"},{"taxonomy":"post_tag","embeddable":true,"href":"https:\/\/esreviral.com\/index.php?rest_route=%2Fwp%2Fv2%2Ftags&post=49816"}],"curies":[{"name":"wp","href":"https:\/\/api.w.org\/{rel}","templated":true}]}}