{"id":49812,"date":"2024-02-27T10:42:53","date_gmt":"2024-02-27T15:42:53","guid":{"rendered":"https:\/\/esreviral.com\/?p=49812"},"modified":"2024-02-27T10:42:54","modified_gmt":"2024-02-27T15:42:54","slug":"el-gobierno-prohibira-el-lenguaje-inclusivo-y-la-perspectiva-de-genero-en-toda-la-administracion-publica","status":"publish","type":"post","link":"https:\/\/esreviral.com\/?p=49812","title":{"rendered":"El Gobierno prohibir\u00e1 el lenguaje inclusivo y la perspectiva de g\u00e9nero en toda la administraci\u00f3n p\u00fablica"},"content":{"rendered":"\n<p>Por decisi\u00f3n del presidente<strong>\u00a0Javier Milei, se prohibir\u00e1 el uso del\u00a0lenguaje inclusivo\u00a0y de la perspectiva de g\u00e9nero en toda la administraci\u00f3n p\u00fablica nacional<\/strong>. As\u00ed lo anunci\u00f3 esta ma\u00f1ana el vocero Manuel Adorni en su habitual conferencia de prensa en Casa Rosada.\u00a0<strong>\u201cNo se va a poder utilizar la letra<\/strong><em><strong>\u00a0e<\/strong><\/em><strong>, el @, la<\/strong><em><strong>\u00a0x<\/strong><\/em><strong>\u00a0(com\u00fanmente usadas para no dar indicios de g\u00e9nero)<\/strong><em><strong>\u00a0<\/strong><\/em><strong>y evitar la innecesaria inclusi\u00f3n del femenino en todos los documentos\u201d<\/strong>, explic\u00f3 el funcionario del gabinete nacional.<\/p>\n\n\n\n<p><strong>\u201cEl lenguaje que contempla a todos los sectores es el que utilizamos en la lengua castellana, es el espa\u00f1ol. No veo por qu\u00e9 haya que tener estructuras y no vamos a participar en un debate sobre eso porque consideramos que las perspectivas de g\u00e9nero se utilizaron tambi\u00e9n como negocio de la pol\u00edtica\u201d<\/strong>, ahond\u00f3 Adorni sobre la medida. Un anuncio similar ya hab\u00eda hecho horas atr\u00e1s el\u00a0<strong>Ministerio de Defensa<\/strong>, con\u00a0<strong>Luis Petri<\/strong>\u00a0al frente.<\/p>\n\n\n\n<p>La resoluci\u00f3n del organismo indicaba: \u201cLas comunicaciones en el \u00e1mbito de la Defensa Nacional<strong>\u00a0<\/strong>deben ser\u00a0<strong>breves, claras y concisas<\/strong>\u00a0de acuerdo con lo que establecen los reglamentos militares correspondientes\u201d.<\/p>\n\n\n\n<blockquote class=\"twitter-tweet\"><p lang=\"es\" dir=\"ltr\">El Ministro <a href=\"https:\/\/twitter.com\/luispetri?ref_src=twsrc%5Etfw\">@luispetri<\/a> dispuso la obligatoriedad del idioma castellano, conforme a las normas de la Real Academia Espa\u00f1ola y los reglamentos y manuales vigentes en las Fuerzas. <a href=\"https:\/\/t.co\/7rcslcnvqo\">pic.twitter.com\/7rcslcnvqo<\/a><\/p>&mdash; Ministerio Defensa (@MindefArg) <a href=\"https:\/\/twitter.com\/MindefArg\/status\/1762140164090892546?ref_src=twsrc%5Etfw\">February 26, 2024<\/a><\/blockquote> <script async src=\"https:\/\/platform.twitter.com\/widgets.js\" charset=\"utf-8\"><\/script>\n\n\n\n<p>\u201cSe impone el uso correcto del idioma castellano, que es el que se ha utilizado para el encuadre y la gu\u00eda de todos los reglamentos, manuales y documentos de escritura y simbolog\u00eda tanto del ej\u00e9rcito, como aeron\u00e1uticos y navales\u201d, se agreg\u00f3. Seg\u00fan la resoluci\u00f3n firmada por Petri, en caso de que se utilicen t\u00e9rminos con la \u201ce\u201d (como \u201cgenerale\u201d, \u201ccoronele\u201d o \u201csoldade\u201d) se podr\u00e1n recibir sanciones por infringir las normas.<\/p>\n\n\n\n<p>Por otro lado, el vocero presidencial alent\u00f3 al gobernador bonaerense,\u00a0<strong>Axel Kicillof<\/strong>, a presentarse en la Justicia, como anunci\u00f3 que har\u00e1 en la Corte Suprema, para reclamar la restituci\u00f3n del\u00a0<strong>Fondo de Fortalecimiento Fiscal de la provincia de Buenos Aires<\/strong>.\u00a0<strong>\u201dQue lo haga y claramente seguir\u00e1 el curso legal y lo respetaremos\u201d<\/strong>, respondi\u00f3 Adorni y\u00a0<strong>asegur\u00f3 que \u201ctodo lo que sea discrecional, ser\u00e1 recortado a las provincias\u201d<\/strong>.<\/p>\n\n\n\n<p>\u201cLos argentinos entendimos que queremos vivir en un pa\u00eds normal y simplemente un gobernador que mantiene una deuda con la Naci\u00f3n acepta sus responsabilidades, honra y paga sus deudas de ninguna manera se le ocurrir\u00eda amenazar con dejar a un pa\u00eds sin combustible\u201d, arremeti\u00f3 Adorni sobre el reclamo del gobernador de Chubut,&nbsp;<strong>Ignacio Torres<\/strong>, y&nbsp;<strong>apunt\u00f3 tambi\u00e9n al titular del Ejecutivo de La Rioja y a los sindicalistas<\/strong>.<\/p>\n\n\n\n<p>Adorni dijo que,<strong>\u00a0\u201cpor el momento, no est\u00e1 en los planes del Gobierno hacer una convocatoria en general\u201d a los\u00a0gobernadores<\/strong>, en medio de una disputa por recortes de fondos y subsidios. El vocero dijo que a\u00fan no podr\u00eda indicar si otra provincia ser\u00e1 afectada pr\u00f3ximamente con el recorte de fondos, pero\u00a0<strong>\u201clas transferencias discrecionales se est\u00e1n dejando de hacer en un pa\u00eds donde no hay plata, no hay recursos\u201d<\/strong>. \u201cSolo se va a transferir lo que la ley obliga a hacerlo\u201d, reiter\u00f3 como en otras oportunidades.<\/p>\n\n\n\n<figure class=\"wp-block-image size-full\"><img fetchpriority=\"high\" decoding=\"async\" width=\"780\" height=\"520\" src=\"https:\/\/esreviral.com\/wp-content\/uploads\/2024\/02\/entendemos-que-el-gobernador-de-chubut-tuvo-un-73JYDJUM5NCYBPRVBECMG4YREY.webp\" alt=\"\" class=\"wp-image-49813\" srcset=\"https:\/\/esreviral.com\/wp-content\/uploads\/2024\/02\/entendemos-que-el-gobernador-de-chubut-tuvo-un-73JYDJUM5NCYBPRVBECMG4YREY.webp 780w, https:\/\/esreviral.com\/wp-content\/uploads\/2024\/02\/entendemos-que-el-gobernador-de-chubut-tuvo-un-73JYDJUM5NCYBPRVBECMG4YREY-300x200.webp 300w, https:\/\/esreviral.com\/wp-content\/uploads\/2024\/02\/entendemos-que-el-gobernador-de-chubut-tuvo-un-73JYDJUM5NCYBPRVBECMG4YREY-768x512.webp 768w, https:\/\/esreviral.com\/wp-content\/uploads\/2024\/02\/entendemos-que-el-gobernador-de-chubut-tuvo-un-73JYDJUM5NCYBPRVBECMG4YREY-750x500.webp 750w\" sizes=\"(max-width: 780px) 100vw, 780px\" \/><\/figure>\n\n\n\n<p>\u201cNo consideramos que una cuesti\u00f3n que tiene que ver con el \u00e1mbito legislativo y en materia de libertades pueda ser opacada porque alg\u00fan gobernador pueda no estar de acuerdo con determinadas pol\u00edticas fiscales que est\u00e1 implementando el gobierno nacional, que a su vez apela a que las provincias acompa\u00f1en\u201d, dijo Adorni sobre la posibilidad de que el cruce entre las autoridades provinciales y la Naci\u00f3n empa\u00f1e el tratamiento de la ley Bases y del DNU.<\/p>\n\n\n\n<p>\u201cEntendemos que el gobernador de Chubut&nbsp;<strong>tuvo un exabrupto con todos los argentinos<\/strong>&nbsp;y lo tomamos como una equivocaci\u00f3n en virtud de haber le\u00eddo los t\u00e9rminos y condiciones del descuento de la cuota del fondo de la deuda con la Naci\u00f3n que era pasible de ser descontada de la coparticipaci\u00f3n\u201d, finaliz\u00f3 el vocero sobre el conflicto con el gobernador Torres.<\/p>\n\n\n\n<p class=\"has-text-align-right\"><em><strong>LA NACION<\/strong>.-<\/em><\/p>\n","protected":false},"excerpt":{"rendered":"<p>Lo anunci\u00f3 el vocero presidencial Manuel Adorni en conferencia de prensa; una medida similar ya hab\u00eda tomado horas atr\u00e1s el Ministerio de Defensa; \u201cconsideramos que las perspectivas de g\u00e9nero se utilizaron tambi\u00e9n como negocio de la pol\u00edtica\u201d, dijo el funcionario<\/p>\n","protected":false},"author":3,"featured_media":49814,"comment_status":"open","ping_status":"open","sticky":false,"template":"","format":"standard","meta":{"jnews-multi-image_gallery":[],"jnews_single_post":{"subtitle":"","format":"standard","video":"","gallery":"","source_name":"","source_url":"","via_name":"","via_url":"","override_template":"0","override":[{"template":"4","single_blog_custom":"","parallax":"1","fullscreen":"1","layout":"right-sidebar","sidebar":"default-sidebar","second_sidebar":"default-sidebar","sticky_sidebar":"1","share_position":"top","share_float_style":"share-monocrhome","show_share_counter":"1","show_view_counter":"1","show_featured":"1","show_post_meta":"1","show_post_author":"1","show_post_author_image":"1","show_post_date":"1","post_date_format":"default","post_date_format_custom":"Y\/m\/d","show_post_category":"1","show_post_reading_time":"1","post_reading_time_wpm":"300","show_zoom_button":"1","zoom_button_out_step":"2","zoom_button_in_step":"3","show_post_tag":"1","show_prev_next_post":"1","show_popup_post":"1","number_popup_post":"1","show_author_box":"1","show_post_related":"1","show_inline_post_related":"0"}],"override_image_size":"0","image_override":[{"single_post_thumbnail_size":"crop-500","single_post_gallery_size":"crop-500"}],"trending_post":"0","trending_post_position":"meta","trending_post_label":"Trending","sponsored_post":"0","sponsored_post_label":"Sponsored by","sponsored_post_name":"","sponsored_post_url":"","sponsored_post_logo_enable":"0","sponsored_post_logo":"","sponsored_post_desc":"","disable_ad":"0"},"jnews_primary_category":{"id":"","hide":""},"jnews_social_meta":{"fb_title":"","fb_description":"","fb_image":"","twitter_title":"","twitter_description":"","twitter_image":""},"jnews_review":[],"enable_review":"0","type":"percentage","name":"","summary":"","brand":"","sku":"","good":[{"good_text":""}],"bad":[{"bad_text":""}],"score_override":"","override_value":"","rating":[{"rating_text":"","rating_number":"10"}],"price":[{"shop":"","price":"","link":"","icon":""}],"jnews_override_counter":{"override_view_counter":"0","view_counter_number":"0","override_share_counter":"0","share_counter_number":"0","override_like_counter":"0","like_counter_number":"0","override_dislike_counter":"0","dislike_counter_number":"0"},"jnews_post_split":{"enable_post_split":"0","post_split":[{"template":"1","tag":"h2","numbering":"asc","mode":"normal","first":"0","enable_toc":"0","toc_type":"normal"}]},"footnotes":""},"categories":[58,59],"tags":[10900,13865,13866,1158,2590,45],"class_list":["post-49812","post","type-post","status-publish","format-standard","has-post-thumbnail","hentry","category-argentina","category-politica","tag-actualidad-politica","tag-administracion-publica","tag-administracion-publica-nacional","tag-javier-milei","tag-lenguaje-inclusivo","tag-noticias"],"amp_enabled":true,"_links":{"self":[{"href":"https:\/\/esreviral.com\/index.php?rest_route=\/wp\/v2\/posts\/49812"}],"collection":[{"href":"https:\/\/esreviral.com\/index.php?rest_route=\/wp\/v2\/posts"}],"about":[{"href":"https:\/\/esreviral.com\/index.php?rest_route=\/wp\/v2\/types\/post"}],"author":[{"embeddable":true,"href":"https:\/\/esreviral.com\/index.php?rest_route=\/wp\/v2\/users\/3"}],"replies":[{"embeddable":true,"href":"https:\/\/esreviral.com\/index.php?rest_route=%2Fwp%2Fv2%2Fcomments&post=49812"}],"version-history":[{"count":0,"href":"https:\/\/esreviral.com\/index.php?rest_route=\/wp\/v2\/posts\/49812\/revisions"}],"wp:featuredmedia":[{"embeddable":true,"href":"https:\/\/esreviral.com\/index.php?rest_route=\/wp\/v2\/media\/49814"}],"wp:attachment":[{"href":"https:\/\/esreviral.com\/index.php?rest_route=%2Fwp%2Fv2%2Fmedia&parent=49812"}],"wp:term":[{"taxonomy":"category","embeddable":true,"href":"https:\/\/esreviral.com\/index.php?rest_route=%2Fwp%2Fv2%2Fcategories&post=49812"},{"taxonomy":"post_tag","embeddable":true,"href":"https:\/\/esreviral.com\/index.php?rest_route=%2Fwp%2Fv2%2Ftags&post=49812"}],"curies":[{"name":"wp","href":"https:\/\/api.w.org\/{rel}","templated":true}]}}