{"id":49803,"date":"2024-02-27T08:43:37","date_gmt":"2024-02-27T13:43:37","guid":{"rendered":"https:\/\/esreviral.com\/?p=49803"},"modified":"2024-02-27T08:43:38","modified_gmt":"2024-02-27T13:43:38","slug":"nina-desaparecida-en-ecuador-fue-hallada-muerta-y-enterrada-en-su-propia-casa","status":"publish","type":"post","link":"https:\/\/esreviral.com\/?p=49803","title":{"rendered":"Ni\u00f1a desaparecida\u00a0en Ecuador fue hallada muerta y enterrada en su propia casa"},"content":{"rendered":"\n<p>Nuevamente una tragedia envuelve al Ecuador.&nbsp;<strong>Aina Yambia<\/strong>, una nena de dos a\u00f1os que desapareci\u00f3 el 21 de febrero, y por quien se despleg\u00f3 una intensa b\u00fasqueda a escala nacional, fue hallada muerta. Su cuerpo fue descubierto enterrado en su hogar familiar en la ciudadela 6 de Enero, ubicada en Taisha, en Morona Santiago en la Amazon\u00eda ecuatoriana.<\/p>\n\n\n\n<p>L<strong>a Fiscal\u00eda inform\u00f3 que el cuerpo estaba escondido en la propiedad<\/strong>, lo que result\u00f3 en el arresto de la madre de Aina, G\u00e9nesis Delia K. Durante la audiencia para presentaci\u00f3n formal de cargos, un juez del cant\u00f3n Taisha orden\u00f3 prisi\u00f3n preventiva para\u00a0<strong>la madre, quien enfrenta acusaciones por estar implicada en la desaparici\u00f3n involuntaria que result\u00f3 en la muerte de su propia hija.<\/strong><\/p>\n\n\n\n<p>Seg\u00fan lo que cont\u00f3 la madre, el 20 de febrero de 2024 dej\u00f3 a Aina dentro de la casa mientras realizaba las labores dom\u00e9sticas en el jard\u00edn. Al volver, se dio cuenta de que su hija ya no estaba en la propiedad. Los padres informaron sobre la desaparici\u00f3n al d\u00eda siguiente en la Fiscal\u00eda. El s\u00e1bado 24 de febrero, durante una b\u00fasqueda en los alrededores de la vivienda,\u00a0<strong>un perro adiestrado llamado Zeus descubri\u00f3 el cuerpo enterrado de la ni\u00f1a a un metro debajo de la casa. La autopsia determin\u00f3 que Aina falleci\u00f3 debido a un traumatismo craneoencef\u00e1lico<\/strong>, recogi\u00f3\u00a0<em>Primicias.<\/em><\/p>\n\n\n\n<figure class=\"wp-block-image size-full is-resized\"><img fetchpriority=\"high\" decoding=\"async\" width=\"600\" height=\"600\" src=\"https:\/\/esreviral.com\/wp-content\/uploads\/2024\/02\/AnyConv.com__BP6HQJAGJJAURDVRQ5ZEWCGAIM.webp\" alt=\"\" class=\"wp-image-49805\" style=\"aspect-ratio:1;width:1170px;height:auto\" srcset=\"https:\/\/esreviral.com\/wp-content\/uploads\/2024\/02\/AnyConv.com__BP6HQJAGJJAURDVRQ5ZEWCGAIM.webp 600w, https:\/\/esreviral.com\/wp-content\/uploads\/2024\/02\/AnyConv.com__BP6HQJAGJJAURDVRQ5ZEWCGAIM-300x300.webp 300w, https:\/\/esreviral.com\/wp-content\/uploads\/2024\/02\/AnyConv.com__BP6HQJAGJJAURDVRQ5ZEWCGAIM-150x150.webp 150w, https:\/\/esreviral.com\/wp-content\/uploads\/2024\/02\/AnyConv.com__BP6HQJAGJJAURDVRQ5ZEWCGAIM-75x75.webp 75w, https:\/\/esreviral.com\/wp-content\/uploads\/2024\/02\/AnyConv.com__BP6HQJAGJJAURDVRQ5ZEWCGAIM-350x350.webp 350w\" sizes=\"(max-width: 600px) 100vw, 600px\" \/><\/figure>\n\n\n\n<p><\/p>\n\n\n\n<p>El tr\u00e1gico desenlace ha generado gran consternaci\u00f3n entre los ciudadanos. Adem\u00e1s, el asesinato de Aina se suma a otros cr\u00edmenes similares conocidos en el \u00faltimo mes como los casos\u00a0<em>G\u00e9nesis y Briana Campo<\/em>\u00a0y\u00a0<em>Dana Ramos<\/em>; ni\u00f1as que tambi\u00e9n perdieron sus vidas presuntamente a manos personas allegadas o familiares. Estos acontecimientos han causado gran preocupaci\u00f3n y han resaltado la urgencia por abordar el problema de violencia contra ni\u00f1os en Ecuador. En el pa\u00eds, uno de cada dos ni\u00f1os entre 0 y 5 a\u00f1os son v\u00edctimas de violencia f\u00edsica, psicol\u00f3gica o sexual en sus hogares, seg\u00fan la UNICEF.<\/p>\n\n\n\n<p>Un reciente estudio de ChildFund, Kindernothilfe KNH y World Vision sobre la situaci\u00f3n de la ni\u00f1ez en Ecuador indic\u00f3 que 9 de cada 10 ni\u00f1as, ni\u00f1os y adolescentes comprendidos entre 5 y 9 a\u00f1os, consideran que el lugar donde viven es seguro. En el grupo de 8 a 9 a\u00f1os se registra un 85%. El 10,3% de ni\u00f1os y ni\u00f1as de 8 y 9 a\u00f1os percibe inseguridad en su lugar de residencia y un 4,4% se siente inseguro en su hogar.<\/p>\n\n\n\n<p>Las estimaciones del Ministerio del Interior ecuatoriano sobre los asesinatos a ni\u00f1os, ni\u00f1as y adolescentes en Ecuador son alarmantes. Seg\u00fan la cartera de Estado, durante 2023,\u00a0<strong>770 menores de edad fueron v\u00edctimas de homicidios<\/strong>. El Fondo de las Naciones Unidas para la Infancia (Unicef) registra un aumento dr\u00e1stico del 640% con respecto a los 104 casos en 2019 y asegura que<strong>\u00a0la \u201cviolencia armada contin\u00faa impactando severamente las vidas de ni\u00f1os, ni\u00f1as y j\u00f3venes en Ecuador\u201d.<\/strong><\/p>\n\n\n\n<p><strong>Garry Conille,&nbsp;<\/strong>Director Regional de UNICEF para Am\u00e9rica Latina y el Caribe, ha advertido no solo sobre el aumento de los asesinatos sino sobre los casos de reclutaci\u00f3n forzada: \u201cEn los \u00faltimos meses, las muertes de ni\u00f1os, ni\u00f1as y adolescentes han aumentado dr\u00e1sticamente debido a un incremento del crimen en varias partes de Ecuador. Tambi\u00e9n se reporta un aumento en el reclutamiento forzado de adolescentes por parte de grupos armados, y las instalaciones m\u00e9dicas y las escuelas est\u00e1n bajo asedio\u201d.<\/p>\n\n\n\n<p>\u201cLa interrupci\u00f3n de servicios b\u00e1sicos en \u00e1reas controladas por grupos armados no s\u00f3lo pone a m\u00e1s ni\u00f1os en riesgo de ser reclutados, sino que tambi\u00e9n corta el acceso a la salud, educaci\u00f3n y protecci\u00f3n para otros cientos de miles\u201d, agreg\u00f3 Conille.<\/p>\n\n\n\n<p><strong>UNICEF,&nbsp;<\/strong>en un comunicado oficial, pidi\u00f3 \u201ca todas las partes a garantizar que los ni\u00f1os, ni\u00f1as y adolescentes de Ecuador est\u00e9n protegidos de la violencia armada en todo momento y recuperen el acceso a servicios sociales b\u00e1sicos como salud, protecci\u00f3n y educaci\u00f3n\u201d.<\/p>\n\n\n\n<p>La organizaci\u00f3n tambi\u00e9n advirti\u00f3 sobre la falta de acceso a la educaci\u00f3n producto de la violencia que vive el pa\u00eds: \u201c<strong>Adem\u00e1s de la situaci\u00f3n de la ni\u00f1ez, preocupa el creciente n\u00famero de personal m\u00e9dico, maestros y directores de escuelas amenazados, extorsionados y asesinados por grupos armados<\/strong>. Con el empeoramiento de la situaci\u00f3n de seguridad, el cierre temporal de escuelas en todo el pa\u00eds ha privado a m\u00e1s de 4,3 millones de ni\u00f1os, ni\u00f1as y adolescentes de servicios educativos adecuados\u201d.<\/p>\n\n\n\n<p class=\"has-text-align-right\"><strong><em>Infobae.-<\/em><\/strong><\/p>\n","protected":false},"excerpt":{"rendered":"<p>La madre es la principal sospechosa del asesinato de la ni\u00f1a de 2 a\u00f1os<\/p>\n","protected":false},"author":3,"featured_media":49804,"comment_status":"open","ping_status":"open","sticky":false,"template":"","format":"standard","meta":{"jnews-multi-image_gallery":[],"jnews_single_post":{"subtitle":"","format":"standard","video":"","gallery":"","source_name":"","source_url":"","via_name":"","via_url":"","override_template":"0","override":[{"template":"4","single_blog_custom":"","parallax":"1","fullscreen":"1","layout":"right-sidebar","sidebar":"default-sidebar","second_sidebar":"default-sidebar","sticky_sidebar":"1","share_position":"top","share_float_style":"share-monocrhome","show_share_counter":"1","show_view_counter":"1","show_featured":"1","show_post_meta":"1","show_post_author":"1","show_post_author_image":"1","show_post_date":"1","post_date_format":"default","post_date_format_custom":"Y\/m\/d","show_post_category":"1","show_post_reading_time":"1","post_reading_time_wpm":"300","show_zoom_button":"1","zoom_button_out_step":"2","zoom_button_in_step":"3","show_post_tag":"1","show_prev_next_post":"1","show_popup_post":"1","number_popup_post":"1","show_author_box":"1","show_post_related":"1","show_inline_post_related":"0"}],"override_image_size":"0","image_override":[{"single_post_thumbnail_size":"crop-500","single_post_gallery_size":"crop-500"}],"trending_post":"0","trending_post_position":"meta","trending_post_label":"Trending","sponsored_post":"0","sponsored_post_label":"Sponsored by","sponsored_post_name":"","sponsored_post_url":"","sponsored_post_logo_enable":"0","sponsored_post_logo":"","sponsored_post_desc":"","disable_ad":"0"},"jnews_primary_category":{"id":"","hide":""},"jnews_social_meta":{"fb_title":"","fb_description":"","fb_image":"","twitter_title":"","twitter_description":"","twitter_image":""},"jnews_review":[],"enable_review":"0","type":"percentage","name":"","summary":"","brand":"","sku":"","good":[{"good_text":""}],"bad":[{"bad_text":""}],"score_override":"","override_value":"","rating":[{"rating_text":"","rating_number":"10"}],"price":[{"shop":"","price":"","link":"","icon":""}],"jnews_override_counter":{"override_view_counter":"0","view_counter_number":"0","override_share_counter":"0","share_counter_number":"0","override_like_counter":"0","like_counter_number":"0","override_dislike_counter":"0","dislike_counter_number":"0"},"jnews_post_split":{"enable_post_split":"0","post_split":[{"template":"1","tag":"h2","numbering":"asc","mode":"normal","first":"0","enable_toc":"0","toc_type":"normal"}]},"footnotes":""},"categories":[88,64],"tags":[13861,2617,547,13860,13863,45,13862],"class_list":["post-49803","post","type-post","status-publish","format-standard","has-post-thumbnail","hentry","category-internacionales","category-sucesos","tag-aina-yambia","tag-cadaver","tag-ecuador","tag-nina-desaparecida","tag-ninez-ecuador","tag-noticias","tag-violencia-ecuador"],"amp_enabled":true,"_links":{"self":[{"href":"https:\/\/esreviral.com\/index.php?rest_route=\/wp\/v2\/posts\/49803"}],"collection":[{"href":"https:\/\/esreviral.com\/index.php?rest_route=\/wp\/v2\/posts"}],"about":[{"href":"https:\/\/esreviral.com\/index.php?rest_route=\/wp\/v2\/types\/post"}],"author":[{"embeddable":true,"href":"https:\/\/esreviral.com\/index.php?rest_route=\/wp\/v2\/users\/3"}],"replies":[{"embeddable":true,"href":"https:\/\/esreviral.com\/index.php?rest_route=%2Fwp%2Fv2%2Fcomments&post=49803"}],"version-history":[{"count":0,"href":"https:\/\/esreviral.com\/index.php?rest_route=\/wp\/v2\/posts\/49803\/revisions"}],"wp:featuredmedia":[{"embeddable":true,"href":"https:\/\/esreviral.com\/index.php?rest_route=\/wp\/v2\/media\/49804"}],"wp:attachment":[{"href":"https:\/\/esreviral.com\/index.php?rest_route=%2Fwp%2Fv2%2Fmedia&parent=49803"}],"wp:term":[{"taxonomy":"category","embeddable":true,"href":"https:\/\/esreviral.com\/index.php?rest_route=%2Fwp%2Fv2%2Fcategories&post=49803"},{"taxonomy":"post_tag","embeddable":true,"href":"https:\/\/esreviral.com\/index.php?rest_route=%2Fwp%2Fv2%2Ftags&post=49803"}],"curies":[{"name":"wp","href":"https:\/\/api.w.org\/{rel}","templated":true}]}}