{"id":49774,"date":"2024-02-26T13:35:33","date_gmt":"2024-02-26T18:35:33","guid":{"rendered":"https:\/\/esreviral.com\/?p=49774"},"modified":"2024-02-26T13:35:34","modified_gmt":"2024-02-26T18:35:34","slug":"condenan-a-venezolano-por-secuestro-de-empresario-en-argentina","status":"publish","type":"post","link":"https:\/\/esreviral.com\/?p=49774","title":{"rendered":"Condenan a Venezolano por secuestro de Empresario en Argentina"},"content":{"rendered":"\n<p><a href=\"https:\/\/www.facebook.com\/sharer.php?u=https%3A%2F%2Fwww.caraotadigital.net%2Fvenezuela%2Fun-venezolano-secuestro-a-empresario-que-le-dio-trabajo-en-argentina-y-lo-condenaron-a-13-anos-de-carcel%2F\"><br><\/a><a href=\"https:\/\/twitter.com\/intent\/tweet?text=Venezolano+secuestr%C3%B3+a+empresario+que+le+dio+trabajo+en+Argentina+y+lo+condenaron+a+13+a%C3%B1os+de+c%C3%A1rcel&amp;url=https%3A%2F%2Fwww.caraotadigital.net%2Fvenezuela%2Fun-venezolano-secuestro-a-empresario-que-le-dio-trabajo-en-argentina-y-lo-condenaron-a-13-anos-de-carcel%2F&amp;via=Caraota+Digital\"><\/a><a rel=\"noreferrer noopener\" href=\"\/\/send?text=Venezolano+secuestr%C3%B3+a+empresario+que+le+dio+trabajo+en+Argentina+y+lo+condenaron+a+13+a%C3%B1os+de+c%C3%A1rcel%20%E2%98%9E%20https%3A%2F%2Fwww.caraotadigital.net%2Fvenezuela%2Fun-venezolano-secuestro-a-empresario-que-le-dio-trabajo-en-argentina-y-lo-condenaron-a-13-anos-de-carcel%2F\" target=\"_blank\"><\/a><a href=\"https:\/\/t.me\/share\/?url=https%3A%2F%2Fwww.caraotadigital.net%2Fvenezuela%2Fun-venezolano-secuestro-a-empresario-que-le-dio-trabajo-en-argentina-y-lo-condenaron-a-13-anos-de-carcel%2F&amp;text=Venezolano+secuestr%C3%B3+a+empresario+que+le+dio+trabajo+en+Argentina+y+lo+condenaron+a+13+a%C3%B1os+de+c%C3%A1rcel\"><\/a><a href=\"mailto:?subject=Venezolano%20secuestr%C3%B3%20a%20empresario%20que%20le%20dio%20trabajo%20en%20Argentina%20y%20lo%20condenaron%20a%2013%20a%C3%B1os%20de%20c%C3%A1rcel%20BODY=Este%20art%C3%ADculo%20me%20pareci%C3%B3%20interesante%20y%20pens%C3%A9%20en%20compartirlo%20con%20ustedes.%20%C3%89chale%20un%20vistazo:%20https:\/\/www.caraotadigital.net\/venezuela\/un-venezolano-secuestro-a-empresario-que-le-dio-trabajo-en-argentina-y-lo-condenaron-a-13-anos-de-carcel\/\"><\/a><a href=\"https:\/\/www.caraotadigital.net\/venezuela\/un-venezolano-secuestro-a-empresario-que-le-dio-trabajo-en-argentina-y-lo-condenaron-a-13-anos-de-carcel\/#\"><\/a>Un hombre venezolano recibi\u00f3 una condena a 13 a\u00f1os y cuatro meses de prisi\u00f3n tras haber secuestrado a un empresario en Argentina.<\/p>\n\n\n\n<p>El antisocial qued\u00f3 identificado como <strong><em>Rafael \u00c1ngel Carrillo Rodr\u00edguez<\/em><\/strong>, quien antes de la pandemia migr\u00f3 a Argentina. Al poco tiempo, un empresario de ese pa\u00eds le dio la oportunidad de que trabajara como repositor.<\/p>\n\n\n\n<p>En ese entonces viv\u00eda en una pensi\u00f3n, por lo que result\u00f3 en una gran oportunidad para empezar a obtener un ingreso estable. Trabaj\u00f3 all\u00ed desde septiembre de 2017 hasta el 31 de julio de 2018.&nbsp;<strong>\u201cComo empleado no puedo decir nada, trabajaba\u201d, record\u00f3 el empresario.<\/strong><\/p>\n\n\n\n<p>No obstante,&nbsp;<strong>decidi\u00f3 renunciar al trabajo antes de cumplir un a\u00f1o porque quer\u00eda conseguir empleo como vigilante privado.<\/strong>&nbsp;Gracias a esto obtuvo los permisos legales para tener acceso a armas de fuego, pero no tuvo suerte en conseguir trabajo.<\/p>\n\n\n\n<p>Luego regres\u00f3 al supermercado, pero el empresario le dijo que ya hab\u00eda contratado a otro repositor.<strong>&nbsp;Pero al ver su necesidad lo recomend\u00f3 con su hermano en una empresa de construcci\u00f3n.<\/strong>&nbsp;Carrill\u00f3 trabaj\u00f3 ah\u00ed de tres a cuatro meses hasta que renunci\u00f3 porque dijo que se iba a dedicar al negocio de las criptomonedas.<\/p>\n\n\n\n<p>En octubre de 2020 empez\u00f3 a planificar el secuestro del empresario de supermercados en complicidad de otros cinco individuos.<\/p>\n\n\n\n<p><strong>Los cinco hombres realizaron el secuestro y cobraron el rescate de $65.000 a trav\u00e9s de la criptomoneda Bitcoin.<\/strong>\u00a0Una vez liberado el empresario, las autoridades argentinas comenzaron una extensa investigaci\u00f3n para dar con los culpables, rese\u00f1\u00f3 el medio informativo de <em>La Naci\u00f3n<\/em>.<\/p>\n\n\n\n<p><strong><mark style=\"background-color:rgba(0, 0, 0, 0)\" class=\"has-inline-color has-vivid-red-color\">REGRES\u00d3 A VENEZUELA Y LO DETUVIERON\u00a0<\/mark><\/strong><\/p>\n\n\n\n<p><strong>Al darse cuenta que lo iban a descubrir Carrillo regres\u00f3 a Venezuela, donde finalmente lo arrestaron.<\/strong>&nbsp;Aunque Argentina solicit\u00f3 la extradici\u00f3n del secuestrador, organismos de seguridad venezolanos decidieron juzgarlo bajo las leyes del pa\u00eds.<\/p>\n\n\n\n<p><strong>Mientras tanto, los cuerpos policiales en Argentina arrestaron a cuatro implicados en el secuestro.<\/strong>&nbsp;Los individuos quedaron identificados como Jean Carlos Rivero M\u00e1rquez y Junior Argenis P\u00e1ez Pe\u00f1a, de nacionalidad venezolana, Jes\u00fas Teodosio Ramos Paz, un sindicado narco nacido en Per\u00fa, y Mat\u00edas Avellaneda. Se espera que en las pr\u00f3ximas semanas empiece el juicio en contra de estos antisociales.<\/p>\n\n\n\n<p><strong>La investigaci\u00f3n arroj\u00f3 que Carrillo fue el cerebro de la operaci\u00f3n.<\/strong>&nbsp;Asimismo, descubrieron que Ramos Paz y Avellaneda facilitaron la casa donde estuvo secuestrada la v\u00edctima.<\/p>\n\n\n\n<p>El \u00faltimo secuestrador responde al nombre de Johan Esneider Angarita Le\u00f3n, quien est\u00e1 pr\u00f3fugo de la justicia. Sobre \u00e9l pesa una orden de captura internacional desde el 30 de octubre de 2020.<\/p>\n\n\n\n<p><strong>La polic\u00eda detall\u00f3 que la v\u00edctima estuvo cinco d\u00edas en cautiverio hasta que su hermano realiz\u00f3 las transferencias del dinero.<\/strong>&nbsp;Asimismo, destacaron que las comunicaciones con los secuestradores se hicieron por&nbsp;WhatsApp desde Colombia.<\/p>\n\n\n\n<p class=\"has-text-align-right\"><strong><em>caraotadigital.net.-<\/em><\/strong><\/p>\n","protected":false},"excerpt":{"rendered":"<p>Durante la cuarentena por la pandemia de COVID-19 en octubre de 2020, Carrillo Rodr\u00edguez particip\u00f3 en el secuestro del empresario que lo emple\u00f3.<\/p>\n","protected":false},"author":3,"featured_media":49775,"comment_status":"open","ping_status":"open","sticky":false,"template":"","format":"standard","meta":{"jnews-multi-image_gallery":[],"jnews_single_post":{"subtitle":"","format":"standard","video":"","gallery":"","source_name":"","source_url":"","via_name":"","via_url":"","override_template":"0","override":[{"template":"4","single_blog_custom":"","parallax":"1","fullscreen":"1","layout":"right-sidebar","sidebar":"default-sidebar","second_sidebar":"default-sidebar","sticky_sidebar":"1","share_position":"top","share_float_style":"share-monocrhome","show_share_counter":"1","show_view_counter":"1","show_featured":"1","show_post_meta":"1","show_post_author":"1","show_post_author_image":"1","show_post_date":"1","post_date_format":"default","post_date_format_custom":"Y\/m\/d","show_post_category":"1","show_post_reading_time":"1","post_reading_time_wpm":"300","show_zoom_button":"1","zoom_button_out_step":"2","zoom_button_in_step":"3","show_post_tag":"1","show_prev_next_post":"1","show_popup_post":"1","number_popup_post":"1","show_author_box":"1","show_post_related":"1","show_inline_post_related":"0"}],"override_image_size":"0","image_override":[{"single_post_thumbnail_size":"crop-500","single_post_gallery_size":"crop-500"}],"trending_post":"0","trending_post_position":"meta","trending_post_label":"Trending","sponsored_post":"0","sponsored_post_label":"Sponsored by","sponsored_post_name":"","sponsored_post_url":"","sponsored_post_logo_enable":"0","sponsored_post_logo":"","sponsored_post_desc":"","disable_ad":"0"},"jnews_primary_category":{"id":"","hide":""},"jnews_social_meta":{"fb_title":"","fb_description":"","fb_image":"","twitter_title":"","twitter_description":"","twitter_image":""},"jnews_review":[],"enable_review":"0","type":"percentage","name":"","summary":"","brand":"","sku":"","good":[{"good_text":""}],"bad":[{"bad_text":""}],"score_override":"","override_value":"","rating":[{"rating_text":"","rating_number":"10"}],"price":[{"shop":"","price":"","link":"","icon":""}],"jnews_override_counter":{"override_view_counter":"0","view_counter_number":"0","override_share_counter":"0","share_counter_number":"0","override_like_counter":"0","like_counter_number":"0","override_dislike_counter":"0","dislike_counter_number":"0"},"jnews_post_split":{"enable_post_split":"0","post_split":[{"template":"1","tag":"h2","numbering":"asc","mode":"normal","first":"0","enable_toc":"0","toc_type":"normal"}]},"footnotes":""},"categories":[58,64],"tags":[44,8446,45,2945,1296,596,13849,56],"class_list":["post-49774","post","type-post","status-publish","format-standard","has-post-thumbnail","hentry","category-argentina","category-sucesos","tag-argentina","tag-empresario","tag-noticias","tag-prision","tag-quilmes","tag-secuestro","tag-secuestro-extorsivo","tag-venezuela"],"_links":{"self":[{"href":"https:\/\/esreviral.com\/index.php?rest_route=\/wp\/v2\/posts\/49774","targetHints":{"allow":["GET"]}}],"collection":[{"href":"https:\/\/esreviral.com\/index.php?rest_route=\/wp\/v2\/posts"}],"about":[{"href":"https:\/\/esreviral.com\/index.php?rest_route=\/wp\/v2\/types\/post"}],"author":[{"embeddable":true,"href":"https:\/\/esreviral.com\/index.php?rest_route=\/wp\/v2\/users\/3"}],"replies":[{"embeddable":true,"href":"https:\/\/esreviral.com\/index.php?rest_route=%2Fwp%2Fv2%2Fcomments&post=49774"}],"version-history":[{"count":0,"href":"https:\/\/esreviral.com\/index.php?rest_route=\/wp\/v2\/posts\/49774\/revisions"}],"wp:featuredmedia":[{"embeddable":true,"href":"https:\/\/esreviral.com\/index.php?rest_route=\/wp\/v2\/media\/49775"}],"wp:attachment":[{"href":"https:\/\/esreviral.com\/index.php?rest_route=%2Fwp%2Fv2%2Fmedia&parent=49774"}],"wp:term":[{"taxonomy":"category","embeddable":true,"href":"https:\/\/esreviral.com\/index.php?rest_route=%2Fwp%2Fv2%2Fcategories&post=49774"},{"taxonomy":"post_tag","embeddable":true,"href":"https:\/\/esreviral.com\/index.php?rest_route=%2Fwp%2Fv2%2Ftags&post=49774"}],"curies":[{"name":"wp","href":"https:\/\/api.w.org\/{rel}","templated":true}]}}