{"id":49735,"date":"2024-02-26T07:50:53","date_gmt":"2024-02-26T12:50:53","guid":{"rendered":"https:\/\/esreviral.com\/?p=49735"},"modified":"2024-02-26T07:51:09","modified_gmt":"2024-02-26T12:51:09","slug":"quienes-no-adhieren-al-paro-docente-y-en-que-provincias-empiezan-las-clases-este-lunes","status":"publish","type":"post","link":"https:\/\/esreviral.com\/?p=49735","title":{"rendered":"Qui\u00e9nes no se adhieren al paro docente y en qu\u00e9 provincias empiezan las clases este lunes"},"content":{"rendered":"\n<p><strong>Miles de estudiantes<\/strong>\u00a0comenzar\u00e1n este lunes el<strong>\u00a0ciclo lectivo 2024\u00a0<\/strong>en<strong>\u00a0escuelas\u00a0de la\u00a0Ciudad de Buenos Aires<\/strong>\u00a0y\u00a0<strong>siete provincias<\/strong>,\u00a0en\u00a0una jornada con <strong><a href=\"https:\/\/esreviral.com\/el-gobierno-porteno-emitio-una-serie-de-recomendaciones-ante-el-alerta-meteorologica\/\" data-type=\"link\" data-id=\"https:\/\/esreviral.com\/el-gobierno-porteno-emitio-una-serie-de-recomendaciones-ante-el-alerta-meteorologica\/\">alerta por lluvias y tormentas. <\/a><\/strong>Adem\u00e1s, <strong>la\u00a0vuelta a clases<\/strong>\u00a0se dar\u00e1 en un escenario marcado por el\u00a0<strong>paro con movilizaci\u00f3n<\/strong>\u00a0convocado por la<strong>\u00a0Confederaci\u00f3n de Trabajadores de la Educaci\u00f3n\u00a0de la Rep\u00fablica Argentina (Ctera)<\/strong> en reclamo de la\u00a0paritaria\u00a0nacional\u00a0y en<strong> rechazo de la\u00a0eliminaci\u00f3n\u00a0del\u00a0Fondo Nacional de Incentivo Docente (Fonid)<\/strong>, que impactar\u00e1 en los diferentes distritos con las demandas espec\u00edficas de sindicatos locales.<\/p>\n\n\n\n<p>De acuerdo a lo establecido por el calendario escolar, las clases del nivel inicial y el primario arrancar\u00e1n este lunes en la<strong>\u00a0Ciudad de Buenos Aires, C\u00f3rdoba, Corrientes, Entre R\u00edos, Formosa, Mendoza, San Luis y Santa Fe<\/strong>, , aunque la situaci\u00f3n es distinta seg\u00fan cada provincia.<\/p>\n\n\n\n<p><strong><mark style=\"background-color:rgba(0, 0, 0, 0)\" class=\"has-inline-color has-vivid-red-color\"><a href=\"https:\/\/esreviral.com\/convocaron-a-un-paro-nacional-docente-para-este-lunes-y-peligra-el-inicio-de-clases-en-la-ciudad\/\" data-type=\"link\" data-id=\"https:\/\/esreviral.com\/convocaron-a-un-paro-nacional-docente-para-este-lunes-y-peligra-el-inicio-de-clases-en-la-ciudad\/\"><em>Lea Tambi\u00e9n: Convocaron a un paro nacional docente para este lunes y peligra el inicio de clases en la Ciudad<\/em><\/a><\/mark><\/strong><\/p>\n\n\n\n<p><strong><mark style=\"background-color:rgba(0, 0, 0, 0)\" class=\"has-inline-color has-vivid-red-color\">Qui\u00e9nes no adhieren al paro docente<\/mark><\/strong><\/p>\n\n\n\n<p>En la\u00a0<strong>Ciudad Aut\u00f3noma de Buenos Aires (CABA)<\/strong>\u00a0la Uni\u00f3n de Trabajadores de la Educaci\u00f3n (UTE) adhiere al paro pero el gobierno porte\u00f1o afirm\u00f3 que<strong>\u00a0las clases comenzar\u00e1n y le descontar\u00e1n el d\u00eda<\/strong>\u00a0a los maestros que no asistan a dar sus materias.<\/p>\n\n\n\n<p>En&nbsp;<strong>Entre R\u00edos<\/strong>&nbsp;s\u00f3lo adhiere la Asociaci\u00f3n Gremial del Magisterio<strong>&nbsp;(AGMER)<\/strong>&nbsp;al paro, ya que otros gremios de la zona como AMET, SADOP y UDA esperar\u00e1n al encuentro del martes 27 que mantendr\u00e1n con el gobierno provincial.<\/p>\n\n\n\n<p>En&nbsp;<strong>Mendoza<\/strong>&nbsp;el Sindicato Unido de Trabajadores de la Educaci\u00f3n&nbsp;<strong>(SUTE)&nbsp;<\/strong>no convoca al paro, ya que acord\u00f3 aumentos con el gobierno provincial del del 15% en febrero y marzo, m\u00e1s una suma fija.<\/p>\n\n\n\n<p>En San Luis s\u00f3lo&nbsp;<strong>UDA&nbsp;<\/strong>anunci\u00f3 un paro por mejoras salariales. El resto de los gremios AMET, ASDE, SADOP, UDA y UTEP convocaron a marchas pero no cortar\u00e1n las clases.<\/p>\n\n\n\n<p>En Formosa&nbsp;<strong>ADF, SADOP y Voz Docente<\/strong>&nbsp;no adhieren al paro.<\/p>\n\n\n\n<p><strong><em><mark style=\"background-color:rgba(0, 0, 0, 0)\" class=\"has-inline-color has-vivid-red-color\"><a href=\"https:\/\/esreviral.com\/macri-descontara-el-dia-a-los-docentes-que-se-sumen-al-paro-en-caba\/\" data-type=\"link\" data-id=\"https:\/\/esreviral.com\/macri-descontara-el-dia-a-los-docentes-que-se-sumen-al-paro-en-caba\/\">Lea Tambi\u00e9n: Jorge Macri descontar\u00e1 el d\u00eda a los docentes que se sumen al paro en CABA<\/a><\/mark><\/em><\/strong><\/p>\n\n\n\n<p><strong><mark style=\"background-color:rgba(0, 0, 0, 0)\" class=\"has-inline-color has-vivid-red-color\">Qui\u00e9nes adhieren al paro nacional docente de CTERA y c\u00f3mo afecta a las provincias<\/mark><\/strong><\/p>\n\n\n\n<ul class=\"wp-block-list\">\n<li><strong>Ciudad Aut\u00f3noma de Buenos Aires (CABA):&nbsp;<\/strong>Uni\u00f3n de Trabajadores de la Educaci\u00f3n (<strong>UTE<\/strong>) adhiere al paro.<\/li>\n\n\n\n<li><strong>C\u00f3rdoba:&nbsp;<\/strong>La Uni\u00f3n de Educadores de la Provincia de C\u00f3rdoba (<strong>UEPC<\/strong>) confirma la adhesi\u00f3n al paro de 24 horas y organizar\u00e1 una movilizaci\u00f3n en la capital. La Universidad Nacional de R\u00edo Cuarto tambi\u00e9n adhiri\u00f3 al paro.<\/li>\n\n\n\n<li><strong>Santa Fe:&nbsp;<\/strong>Asociaci\u00f3n del Magisterio de Santa Fe (<strong>AMSAF\u00c9<\/strong>) y&nbsp;<strong>SADOP&nbsp;<\/strong>se suman al paro de 48 horas (lunes y martes), incluyendo una movilizaci\u00f3n a la Casa de Gobierno. El gobierno ofreci\u00f3 un 43.4% de aumento para los primeros meses de 2024.<\/li>\n\n\n\n<li><strong>Entre R\u00edos:&nbsp;<\/strong>Asociaci\u00f3n Gremial del Magisterio<strong>&nbsp;(AGMER)<\/strong>&nbsp;rechaz\u00f3 la&nbsp;<strong>oferta del 18% de aumento<\/strong>&nbsp;y amenaza con otra huelga si no se mejora la propuesta salarial.<\/li>\n\n\n\n<li><strong>Corrientes: SUTECO y ACDP&nbsp;<\/strong>se suman al paro en la provincia.<\/li>\n\n\n\n<li><strong>San Luis: UDA&nbsp;<\/strong>se adhiere.<\/li>\n<\/ul>\n\n\n\n<p><strong><mark style=\"background-color:rgba(0, 0, 0, 0)\" class=\"has-inline-color has-vivid-red-color\">D\u00f3nde comienzan las clases hoy, seg\u00fan el calendario del ciclo lectivo 2024<\/mark><\/strong><\/p>\n\n\n\n<p><strong><em>Estas son todas las provincias donde deber\u00edan comenzar las clases seg\u00fan el calendario del ciclo lectivo 2024<\/em><\/strong>:<\/p>\n\n\n\n<ul class=\"wp-block-list\">\n<li><strong>C\u00f3rdoba<\/strong><\/li>\n\n\n\n<li><strong>Ciudad Aut\u00f3noma de Buenos Aires (CABA)<\/strong><\/li>\n\n\n\n<li><strong>Corrientes<\/strong><\/li>\n\n\n\n<li><strong>Entre R\u00edos<\/strong><\/li>\n\n\n\n<li><strong>Formosa<\/strong><\/li>\n\n\n\n<li><strong>Mendoza<\/strong><\/li>\n\n\n\n<li><strong>San Luis<\/strong><\/li>\n\n\n\n<li><strong>Santa Fe<\/strong>.<\/li>\n<\/ul>\n\n\n\n<p><\/p>\n\n\n\n<figure class=\"wp-block-image size-full\"><img fetchpriority=\"high\" decoding=\"async\" width=\"730\" height=\"361\" src=\"https:\/\/esreviral.com\/wp-content\/uploads\/2024\/02\/aulas-vaciasjpg.webp\" alt=\"\" class=\"wp-image-49737\" srcset=\"https:\/\/esreviral.com\/wp-content\/uploads\/2024\/02\/aulas-vaciasjpg.webp 730w, https:\/\/esreviral.com\/wp-content\/uploads\/2024\/02\/aulas-vaciasjpg-300x148.webp 300w\" sizes=\"(max-width: 730px) 100vw, 730px\" \/><\/figure>\n\n\n\n<p class=\"has-text-align-right\"><strong><em>Con Informaci\u00f3n de Ambito.com y TN.-<\/em><\/strong><\/p>\n","protected":false},"excerpt":{"rendered":"<p>Los docentes reclaman paritaria nacional y rechazan la eliminaci\u00f3n del Fondo Nacional de Incentivo (FONID). \u00bfC\u00f3mo afectar\u00e1 la medida de fuerza en cada distrito en el regreso a las aulas?<\/p>\n","protected":false},"author":3,"featured_media":49738,"comment_status":"open","ping_status":"open","sticky":false,"template":"","format":"standard","meta":{"jnews-multi-image_gallery":[],"jnews_single_post":{"subtitle":"","format":"standard","video":"","gallery":"","source_name":"","source_url":"","via_name":"","via_url":"","override_template":"0","override":[{"template":"4","single_blog_custom":"","parallax":"1","fullscreen":"1","layout":"right-sidebar","sidebar":"default-sidebar","second_sidebar":"default-sidebar","sticky_sidebar":"1","share_position":"top","share_float_style":"share-monocrhome","show_share_counter":"1","show_view_counter":"1","show_featured":"1","show_post_meta":"1","show_post_author":"1","show_post_author_image":"1","show_post_date":"1","post_date_format":"default","post_date_format_custom":"Y\/m\/d","show_post_category":"1","show_post_reading_time":"1","post_reading_time_wpm":"300","show_zoom_button":"1","zoom_button_out_step":"2","zoom_button_in_step":"3","show_post_tag":"1","show_prev_next_post":"1","show_popup_post":"1","number_popup_post":"1","show_author_box":"1","show_post_related":"1","show_inline_post_related":"0"}],"override_image_size":"0","image_override":[{"single_post_thumbnail_size":"crop-500","single_post_gallery_size":"crop-500"}],"trending_post":"0","trending_post_position":"meta","trending_post_label":"Trending","sponsored_post":"0","sponsored_post_label":"Sponsored by","sponsored_post_name":"","sponsored_post_url":"","sponsored_post_logo_enable":"0","sponsored_post_logo":"","sponsored_post_desc":"","disable_ad":"0"},"jnews_primary_category":{"id":"","hide":""},"jnews_social_meta":{"fb_title":"","fb_description":"","fb_image":"","twitter_title":"","twitter_description":"","twitter_image":""},"jnews_review":[],"enable_review":"0","type":"percentage","name":"","summary":"","brand":"","sku":"","good":[{"good_text":""}],"bad":[{"bad_text":""}],"score_override":"","override_value":"","rating":[{"rating_text":"","rating_number":"10"}],"price":[{"shop":"","price":"","link":"","icon":""}],"jnews_override_counter":{"override_view_counter":"0","view_counter_number":"0","override_share_counter":"0","share_counter_number":"0","override_like_counter":"0","like_counter_number":"0","override_dislike_counter":"0","dislike_counter_number":"0"},"jnews_post_split":{"enable_post_split":"0","post_split":[{"template":"1","tag":"h2","numbering":"asc","mode":"normal","first":"0","enable_toc":"0","toc_type":"normal"}]},"footnotes":""},"categories":[58],"tags":[44,7486,13829,9902,13828,45,4754],"class_list":["post-49735","post","type-post","status-publish","format-standard","has-post-thumbnail","hentry","category-argentina","tag-argentina","tag-ciclo-lectivo","tag-ciclo-lectivo-2024","tag-ministerio-de-educacion-2","tag-ministerio-de-educacion-porteno","tag-noticias","tag-paro-docente"],"amp_enabled":true,"_links":{"self":[{"href":"https:\/\/esreviral.com\/index.php?rest_route=\/wp\/v2\/posts\/49735"}],"collection":[{"href":"https:\/\/esreviral.com\/index.php?rest_route=\/wp\/v2\/posts"}],"about":[{"href":"https:\/\/esreviral.com\/index.php?rest_route=\/wp\/v2\/types\/post"}],"author":[{"embeddable":true,"href":"https:\/\/esreviral.com\/index.php?rest_route=\/wp\/v2\/users\/3"}],"replies":[{"embeddable":true,"href":"https:\/\/esreviral.com\/index.php?rest_route=%2Fwp%2Fv2%2Fcomments&post=49735"}],"version-history":[{"count":0,"href":"https:\/\/esreviral.com\/index.php?rest_route=\/wp\/v2\/posts\/49735\/revisions"}],"wp:featuredmedia":[{"embeddable":true,"href":"https:\/\/esreviral.com\/index.php?rest_route=\/wp\/v2\/media\/49738"}],"wp:attachment":[{"href":"https:\/\/esreviral.com\/index.php?rest_route=%2Fwp%2Fv2%2Fmedia&parent=49735"}],"wp:term":[{"taxonomy":"category","embeddable":true,"href":"https:\/\/esreviral.com\/index.php?rest_route=%2Fwp%2Fv2%2Fcategories&post=49735"},{"taxonomy":"post_tag","embeddable":true,"href":"https:\/\/esreviral.com\/index.php?rest_route=%2Fwp%2Fv2%2Ftags&post=49735"}],"curies":[{"name":"wp","href":"https:\/\/api.w.org\/{rel}","templated":true}]}}