{"id":49645,"date":"2024-02-22T13:00:08","date_gmt":"2024-02-22T18:00:08","guid":{"rendered":"https:\/\/esreviral.com\/?p=49645"},"modified":"2024-02-22T14:06:30","modified_gmt":"2024-02-22T19:06:30","slug":"tres-ninos-y-su-madre-quedan-atrapados-en-un-balcon-durante-un-incendio","status":"publish","type":"post","link":"https:\/\/esreviral.com\/?p=49645","title":{"rendered":"Tres ni\u00f1os y su madre quedan atrapados en un balc\u00f3n durante un incendio"},"content":{"rendered":"\n<p>Pasado este mediod\u00eda,\u00a0<strong>un incendio se desat\u00f3 dentro de un edificio<\/strong>\u00a0ubicado sobre la calle<strong>\u00a0Larrea al 410<\/strong>, en el barrio porte\u00f1o de\u00a0<strong>Balvanera<\/strong>, por el\u00a0<strong>22 personas fueron asistidas, de los cuales nueve fueron trasladados por inhalaci\u00f3n de humo e intoxicaci\u00f3n<\/strong>, entre ellos seis menores y cuatro adultos. Fuentes del el Sistema de Atenci\u00f3n M\u00e9dica de Emergencia (SAME) detallaron que\u00a0<strong>hab\u00eda personas atrapadas, entre ellas tres ni\u00f1os y su madre<\/strong>. En el lugar trabajan siete ambulancias y los bomberos, que\u00a0<strong>lograron extinguir el foco \u00edgneo pasadas las 14:30<\/strong>hrs.<\/p>\n\n\n\n<p>\u201cEl edificio se evacu\u00f3 de forma ordenada sin p\u00e1nico, la gente que estaba dentro sali\u00f3 por sus propios medios hasta el momento no hay v\u00edctimas\u201d, detall\u00f3\u00a0<strong>Pablo Salomone, jefe de la Estaci\u00f3n IV de Recoleta.\u00a0<\/strong>Sobre el edificio, ubicado sobre la calle Larrea, entre Avenida Corrientes y Lavalle, que cuenta con tres pisos asegur\u00f3 que\u00a0<strong>no existe posibilidad de derrumbe.<\/strong><\/p>\n\n\n\n<p>Tras ser consultado por la prensa sobre un posible caso de violencia de g\u00e9nero que podr\u00eda haber dado origen al siniestro,<strong>&nbsp;Alberto Crescenti, director del SAME<\/strong>, afirm\u00f3 que desconoce el tema y que el servicio de emergencias se encontr\u00f3 con el trabajo de los bomberos cuando llegaron al lugar del incendio.<\/p>\n\n\n\n<p>Sobre las personas que se encontraban dentro del edificio al momento del siniestro, el m\u00e9dico detall\u00f3 al medio informativo de\u00a0<em>TN<\/em>: \u201c<strong>Hemos atendido a un total de 22 personas de las cuales nueve, entre ellos seis menores y cuatro adultos fueron mandados al hospital.\u00a0<\/strong>Los menores est\u00e1n en el Hospital General de Ni\u00f1os Pedro de Elizalde y los adultos al Hospital General de Agudos Carlos G. Durand\u201d.<\/p>\n\n\n\n<p>\u201c<strong>Por suerte no hubo ninguna v\u00edctima, pero estamos d\u00e1ndole ox\u00edgeno a algunas personas por inhalaci\u00f3n de humo.&nbsp;<\/strong>Vamos a trasladar a un adulto m\u00e1s al Hospital General de Agudos Jos\u00e9 Mar\u00eda Ramos Mej\u00eda, pero gracias a la salida ordenada no inhalaron m\u00e1s humo\u201d, destac\u00f3 el director del SAME. Y expres\u00f3:<strong>&nbsp;\u201cPor supuesto est\u00e1n con nervios por el susto del humo, pero por suerte no hay que lamentar ninguna victima hasta ahora\u201d.<\/strong><\/p>\n\n\n\n<p>Sobre la zona del conflicto,\u00a0<strong>Crescenti afirm\u00f3 que es una zona dif\u00edcil para trabajar debido a que \u201ces complicado llegar a la calle Larrea\u201d por cuestiones de tr\u00e1nsito.\u00a0<\/strong>\u201cImag\u00ednense que ac\u00e1 hay 22 ambulancias, m\u00e1s todo lo que es el sistema autobombas, por eso decidimos con la Polic\u00eda de la Ciudad cortar las calles laterales para posibilitar el ingreso de las ambulancias\u201d, dijo.<\/p>\n\n\n\n<p>El jefe de bomberos habl\u00f3 sobre el origen del incendio: \u201cCuando terminemos con la parte operativa de la extinci\u00f3n del fuego\u00a0<strong>ahora viene la parte de investigaci\u00f3n donde despu\u00e9s de hacer una inspecci\u00f3n tenemos que buscar la zona de origen y dentro de la zona de origen buscar la causal que pudo haber producido esto<\/strong>\u201d.<\/p>\n\n\n\n<p class=\"has-text-align-right\"><strong><em>LN.-<\/em><\/strong><\/p>\n","protected":false},"excerpt":{"rendered":"<p>El siniestro se produjo en un edificio ubicado sobre la calle Larrea al 410; todav\u00eda se desconocen las causas que originaron el fuego<\/p>\n","protected":false},"author":3,"featured_media":49646,"comment_status":"open","ping_status":"open","sticky":false,"template":"","format":"standard","meta":{"jnews-multi-image_gallery":[],"jnews_single_post":{"subtitle":"","format":"standard","video":"","gallery":"","source_name":"","source_url":"","via_name":"","via_url":"","override_template":"0","override":[{"template":"4","single_blog_custom":"","parallax":"1","fullscreen":"1","layout":"right-sidebar","sidebar":"default-sidebar","second_sidebar":"default-sidebar","sticky_sidebar":"1","share_position":"top","share_float_style":"share-monocrhome","show_share_counter":"1","show_view_counter":"1","show_featured":"1","show_post_meta":"1","show_post_author":"1","show_post_author_image":"1","show_post_date":"1","post_date_format":"default","post_date_format_custom":"Y\/m\/d","show_post_category":"1","show_post_reading_time":"1","post_reading_time_wpm":"300","show_zoom_button":"1","zoom_button_out_step":"2","zoom_button_in_step":"3","show_post_tag":"1","show_prev_next_post":"1","show_popup_post":"1","number_popup_post":"1","show_author_box":"1","show_post_related":"1","show_inline_post_related":"0"}],"override_image_size":"0","image_override":[{"single_post_thumbnail_size":"crop-500","single_post_gallery_size":"crop-500"}],"trending_post":"0","trending_post_position":"meta","trending_post_label":"Trending","sponsored_post":"0","sponsored_post_label":"Sponsored by","sponsored_post_name":"","sponsored_post_url":"","sponsored_post_logo_enable":"0","sponsored_post_logo":"","sponsored_post_desc":"","disable_ad":"0"},"jnews_primary_category":{"id":"","hide":""},"jnews_social_meta":{"fb_title":"","fb_description":"","fb_image":"","twitter_title":"","twitter_description":"","twitter_image":""},"jnews_review":[],"enable_review":"0","type":"percentage","name":"","summary":"","brand":"","sku":"","good":[{"good_text":""}],"bad":[{"bad_text":""}],"score_override":"","override_value":"","rating":[{"rating_text":"","rating_number":"10"}],"price":[{"shop":"","price":"","link":"","icon":""}],"jnews_override_counter":{"override_view_counter":"0","view_counter_number":"0","override_share_counter":"0","share_counter_number":"0","override_like_counter":"0","like_counter_number":"0","override_dislike_counter":"0","dislike_counter_number":"0"},"jnews_post_split":{"enable_post_split":"0","post_split":[{"template":"1","tag":"h2","numbering":"asc","mode":"normal","first":"0","enable_toc":"0","toc_type":"normal"}]},"footnotes":""},"categories":[58,64],"tags":[44,2932,933,45],"class_list":["post-49645","post","type-post","status-publish","format-standard","has-post-thumbnail","hentry","category-argentina","category-sucesos","tag-argentina","tag-balvanera","tag-incendio","tag-noticias"],"amp_enabled":true,"_links":{"self":[{"href":"https:\/\/esreviral.com\/index.php?rest_route=\/wp\/v2\/posts\/49645"}],"collection":[{"href":"https:\/\/esreviral.com\/index.php?rest_route=\/wp\/v2\/posts"}],"about":[{"href":"https:\/\/esreviral.com\/index.php?rest_route=\/wp\/v2\/types\/post"}],"author":[{"embeddable":true,"href":"https:\/\/esreviral.com\/index.php?rest_route=\/wp\/v2\/users\/3"}],"replies":[{"embeddable":true,"href":"https:\/\/esreviral.com\/index.php?rest_route=%2Fwp%2Fv2%2Fcomments&post=49645"}],"version-history":[{"count":0,"href":"https:\/\/esreviral.com\/index.php?rest_route=\/wp\/v2\/posts\/49645\/revisions"}],"wp:featuredmedia":[{"embeddable":true,"href":"https:\/\/esreviral.com\/index.php?rest_route=\/wp\/v2\/media\/49646"}],"wp:attachment":[{"href":"https:\/\/esreviral.com\/index.php?rest_route=%2Fwp%2Fv2%2Fmedia&parent=49645"}],"wp:term":[{"taxonomy":"category","embeddable":true,"href":"https:\/\/esreviral.com\/index.php?rest_route=%2Fwp%2Fv2%2Fcategories&post=49645"},{"taxonomy":"post_tag","embeddable":true,"href":"https:\/\/esreviral.com\/index.php?rest_route=%2Fwp%2Fv2%2Ftags&post=49645"}],"curies":[{"name":"wp","href":"https:\/\/api.w.org\/{rel}","templated":true}]}}