{"id":49531,"date":"2024-02-21T07:17:59","date_gmt":"2024-02-21T12:17:59","guid":{"rendered":"https:\/\/esreviral.com\/?p=49531"},"modified":"2024-02-21T07:24:10","modified_gmt":"2024-02-21T12:24:10","slug":"paro-de-trenes-por-huelga-de-maquinistas-provoca-demoras-y-largas-filas-para-viajar","status":"publish","type":"post","link":"https:\/\/esreviral.com\/?p=49531","title":{"rendered":"Paro de trenes por huelga de maquinistas provoca demoras y largas filas para viajar"},"content":{"rendered":"\n<p>Esta medianoche comenz\u00f3 el paro de trenes en<strong>&nbsp;todas las l\u00edneas ferroviarias del pa\u00eds<\/strong>&nbsp;\u201cen respuesta a la<strong>&nbsp;falta de discusi\u00f3n paritaria<\/strong>&nbsp;en torno a la recomposici\u00f3n salarial ante la inflaci\u00f3n galopante que atraviesa la Argentina\u201d, tal como hab\u00eda anunciado el&nbsp;<strong>Sindicato La Fraternidad&nbsp;<\/strong>que lidera a los maquinistas de trenes nacionales.<\/p>\n\n\n\n<p>La medida de fuerza fue comunicada en la tarde del viernes \u00faltimo por&nbsp;<strong>Omar Maturano<\/strong>, secretario general del gremio, en donde reclaman un incremento salarial de \u201c<strong>entre el 52 y 55 por ciento<\/strong>\u201d en relaci\u00f3n a los \u00edndices de inflaci\u00f3n de los \u00faltimos meses. A trav\u00e9s de un comunicado, se\u00f1alaron: \u201cEl Secretariado Nacional del Sindicato La Fraternidad se dirige a los compa\u00f1eros para comunicarles que, en reuni\u00f3n del 16\/02\/2024 ha decidido ejercer el derecho a huelga (Art.14 Bis de la C.N),&nbsp;<strong>el d\u00eda 21 de febrero de 2024, de 00:00 a 24 horas<\/strong>\u201d.<\/p>\n\n\n<div class=\"wp-block-image\">\n<figure class=\"aligncenter size-full\"><img fetchpriority=\"high\" decoding=\"async\" width=\"768\" height=\"432\" src=\"https:\/\/esreviral.com\/wp-content\/uploads\/2024\/02\/KOYJPNZB3BE4TERMUFHCRN53PY.webp\" alt=\"\" class=\"wp-image-49533\" srcset=\"https:\/\/esreviral.com\/wp-content\/uploads\/2024\/02\/KOYJPNZB3BE4TERMUFHCRN53PY.webp 768w, https:\/\/esreviral.com\/wp-content\/uploads\/2024\/02\/KOYJPNZB3BE4TERMUFHCRN53PY-300x169.webp 300w, https:\/\/esreviral.com\/wp-content\/uploads\/2024\/02\/KOYJPNZB3BE4TERMUFHCRN53PY-750x422.webp 750w\" sizes=\"(max-width: 768px) 100vw, 768px\" \/><\/figure><\/div>\n\n\n<p>En una jornada marcada por el paro, las l\u00edneas ferroviarias que atraviesan el \u00c1rea Metropolitana de Buenos Aires (AMBA), entre ellas&nbsp;<strong>Sarmiento, Roca, Mitre, San Mart\u00edn y Belgrano<\/strong>, se encuentran totalmente paralizadas. El acatamiento a la medida de fuerza es total, con ninguna m\u00e1quina operativa en ninguno de los ramales.<\/p>\n\n\n\n<p>Esta situaci\u00f3n genera inconvenientes para los usuarios que dependen del transporte ferroviario, lo que ha llevado a cientos de personas a buscar alternativas para desplazarse y llegar a sus lugares de trabajo. Desde temprano, comenzaron a formarse largas filas de colectivos en importantes zonas de tr\u00e1nsito, como las localidades bonaerenses de Merlo, Moreno, Mor\u00f3n y Lan\u00fas, as\u00ed como en los barrios porte\u00f1os de Liniers y Constituci\u00f3n.<\/p>\n\n\n<div class=\"wp-block-image\">\n<figure class=\"aligncenter size-full\"><img decoding=\"async\" width=\"655\" height=\"368\" src=\"https:\/\/esreviral.com\/wp-content\/uploads\/2024\/02\/trenes-constitucionjpg.webp\" alt=\"\" class=\"wp-image-49535\" srcset=\"https:\/\/esreviral.com\/wp-content\/uploads\/2024\/02\/trenes-constitucionjpg.webp 655w, https:\/\/esreviral.com\/wp-content\/uploads\/2024\/02\/trenes-constitucionjpg-300x169.webp 300w\" sizes=\"(max-width: 655px) 100vw, 655px\" \/><\/figure><\/div>\n\n\n<p>Para hoy a las&nbsp;<strong>10 de la ma\u00f1ana<\/strong>, est\u00e1 prevista una audiencia en la&nbsp;<strong>Secretar\u00eda de Trabajo<\/strong>&nbsp;a la que fueron convocados todos los gremios del sector, incluyendo a la Asociaci\u00f3n del Personal de Direcci\u00f3n de los Ferrocarriles Argentinos y Puertos (APDFA) y la Asociaci\u00f3n de Se\u00f1aleros Ferroviarios Argentinos (ASFA), con el objetivo de continuar el di\u00e1logo, seg\u00fan se\u00f1alaron desde la cartera de Transporte, dependiente del Ministerio de Econom\u00eda.<\/p>\n\n\n\n<p>Horas antes de que comience a regir la medida de fuerza, el Gobierno nacional emiti\u00f3 un comunicado en rechazo al paro de trenes, puesto que aleg\u00f3 que \u201cse encuentra abierta la negociaci\u00f3n paritaria con el sector y en la cual, a principio de mes, ya otorg\u00f3 un aumento del 16 por ciento a los salarios brutos de los trabajadores\u201d.<\/p>\n\n\n\n<p><strong><em><mark style=\"background-color:rgba(0, 0, 0, 0)\" class=\"has-inline-color has-vivid-red-color\"><a href=\"https:\/\/esreviral.com\/aumentan-los-boletos-de-los-trenes-de-larga-distancia\/\" data-type=\"link\" data-id=\"https:\/\/esreviral.com\/aumentan-los-boletos-de-los-trenes-de-larga-distancia\/\">Lea Tambi\u00e9n: Aumentan los boletos de los trenes de larga distancia<\/a><\/mark><\/em><\/strong><\/p>\n\n\n\n<p><\/p>\n\n\n\n<figure class=\"wp-block-image size-full\"><img decoding=\"async\" width=\"700\" height=\"700\" src=\"https:\/\/esreviral.com\/wp-content\/uploads\/2024\/02\/65cf9c3770ee6.webp\" alt=\"\" class=\"wp-image-49394\" srcset=\"https:\/\/esreviral.com\/wp-content\/uploads\/2024\/02\/65cf9c3770ee6.webp 700w, https:\/\/esreviral.com\/wp-content\/uploads\/2024\/02\/65cf9c3770ee6-300x300.webp 300w, https:\/\/esreviral.com\/wp-content\/uploads\/2024\/02\/65cf9c3770ee6-150x150.webp 150w, https:\/\/esreviral.com\/wp-content\/uploads\/2024\/02\/65cf9c3770ee6-75x75.webp 75w, https:\/\/esreviral.com\/wp-content\/uploads\/2024\/02\/65cf9c3770ee6-350x350.webp 350w\" sizes=\"(max-width: 700px) 100vw, 700px\" \/><\/figure>\n\n\n\n<p>Sin embargo, tras el comunicado, el sindicato ratific\u00f3 el paro y volvi\u00f3 a responsabilizar al Gobierno nacional al reiterar que \u201cno convoc\u00f3 a las partes a la Conciliaci\u00f3n Obligatoria\u201d. En ese sentido, el secretario General de La Fraternidad,&nbsp;<strong>Omar Marturano<\/strong>, asegur\u00f3: \u201cNos cansamos de hacer reclamos, de pedir que nos actualicen el salario. No pedimos aumento, s\u00f3lo que nos actualicen el salario debido a la inflaci\u00f3n galopante\u201d, durante un di\u00e1logo con&nbsp;<em>TN<\/em>&nbsp;y reiter\u00f3: \u201cNo tuvimos respuesta, ninguna propuesta y no tuvimos ninguna reuni\u00f3n tampoco\u201d.<\/p>\n\n\n\n<figure class=\"wp-block-image size-full\"><img loading=\"lazy\" decoding=\"async\" width=\"768\" height=\"768\" src=\"https:\/\/esreviral.com\/wp-content\/uploads\/2024\/02\/2MOQZNLZURDR7GN6IF26SAW2SE.webp\" alt=\"\" class=\"wp-image-49534\" srcset=\"https:\/\/esreviral.com\/wp-content\/uploads\/2024\/02\/2MOQZNLZURDR7GN6IF26SAW2SE.webp 768w, https:\/\/esreviral.com\/wp-content\/uploads\/2024\/02\/2MOQZNLZURDR7GN6IF26SAW2SE-300x300.webp 300w, https:\/\/esreviral.com\/wp-content\/uploads\/2024\/02\/2MOQZNLZURDR7GN6IF26SAW2SE-150x150.webp 150w, https:\/\/esreviral.com\/wp-content\/uploads\/2024\/02\/2MOQZNLZURDR7GN6IF26SAW2SE-75x75.webp 75w, https:\/\/esreviral.com\/wp-content\/uploads\/2024\/02\/2MOQZNLZURDR7GN6IF26SAW2SE-350x350.webp 350w, https:\/\/esreviral.com\/wp-content\/uploads\/2024\/02\/2MOQZNLZURDR7GN6IF26SAW2SE-750x750.webp 750w\" sizes=\"(max-width: 768px) 100vw, 768px\" \/><\/figure>\n\n\n\n<p>Sobre la motivaci\u00f3n detr\u00e1s del reclamo, el gremialista apunt\u00f3: \u201cNo estoy pidiendo aumento, estoy pidiendo que mis compa\u00f1eros tengan el mismo nivel de compra\u201d, y agreg\u00f3: \u201c500 mil pesos estamos reclamando\u201d. Pese a que neg\u00f3 su participaci\u00f3n en la reuni\u00f3n convocada para la ma\u00f1ana de hoy, confirm\u00f3 que representantes del sindicato estar\u00e1n presentes. Sin embargo, calific\u00f3 a la convocatoria como una reuni\u00f3n \u201cde verso\u201d.<\/p>\n\n\n\n<p><strong><mark style=\"background-color:rgba(0, 0, 0, 0)\" class=\"has-inline-color has-vivid-red-color\">Las l\u00edneas de trenes afectadas por el paro<\/mark><\/strong><\/p>\n\n\n\n<p>El paro afecta tanto a las<strong>&nbsp;l\u00edneas de pasajeros como a los ferrocarriles de carga<\/strong>, lo cual podr\u00eda tener un impacto considerable en la econom\u00eda y la movilidad dentro del pa\u00eds.<\/p>\n\n\n\n<blockquote class=\"twitter-tweet\"><p lang=\"es\" dir=\"ltr\">\ud83d\udd34\ud83d\udccd <a href=\"https:\/\/twitter.com\/hashtag\/TrenRoca?src=hash&amp;ref_src=twsrc%5Etfw\">#TrenRoca<\/a> <a href=\"https:\/\/twitter.com\/hashtag\/TrenSarmiento?src=hash&amp;ref_src=twsrc%5Etfw\">#TrenSarmiento<\/a> <a href=\"https:\/\/twitter.com\/hashtag\/TrenMitre?src=hash&amp;ref_src=twsrc%5Etfw\">#TrenMitre<\/a> <a href=\"https:\/\/twitter.com\/hashtag\/TrenSanMartin?src=hash&amp;ref_src=twsrc%5Etfw\">#TrenSanMartin<\/a> <a href=\"https:\/\/twitter.com\/hashtag\/TrenBelgranoSur?src=hash&amp;ref_src=twsrc%5Etfw\">#TrenBelgranoSur<\/a> <a href=\"https:\/\/twitter.com\/hashtag\/TrendelaCosta?src=hash&amp;ref_src=twsrc%5Etfw\">#TrendelaCosta<\/a> | Servicios interrumpidos.<\/p>&mdash; Trenes Argentinos (@TrenesArg) <a href=\"https:\/\/twitter.com\/TrenesArg\/status\/1760220795047932001?ref_src=twsrc%5Etfw\">February 21, 2024<\/a><\/blockquote> <script async src=\"https:\/\/platform.twitter.com\/widgets.js\" charset=\"utf-8\"><\/script>\n\n\n\n<p>Es importante destacar que el paro de trenes de 24 horas afecta a todo el servicio ferroviario, a excepci\u00f3n de los traslados de larga distancia a&nbsp;<strong>Rosario, Mar del Plata, Tucum\u00e1n y C\u00f3rdoba.<\/strong><\/p>\n\n\n\n<p><strong><mark style=\"background-color:rgba(0, 0, 0, 0)\" class=\"has-inline-color has-vivid-red-color\">\u00bfPor qu\u00e9 es el paro de trenes?<\/mark><\/strong><\/p>\n\n\n\n<p>Con m\u00e1s de 10 millones de pasajeros por d\u00eda h\u00e1bil moviliz\u00e1ndose solo en el&nbsp;<strong>\u00c1rea Metropolitana de Buenos Aires (AMBA)<\/strong>, la medida de fuerza se anunci\u00f3 en un contexto de ya creciente tensi\u00f3n entre el&nbsp;<strong>Gobierno<\/strong>&nbsp;y las provincias debido al recorte de subsidios en el transporte p\u00fablico.<\/p>\n\n\n\n<p>Este&nbsp;<strong>ajuste en los subsidios<\/strong>, que ha llevado a un incremento en los precios de los pasajes de colectivo y tren en el AMBA es visto por el gremio como una agresi\u00f3n directa a \u201clos haberes -que gozan de car\u00e1cter alimentario- del personal de conducci\u00f3n de trenes, caus\u00e1ndoles da\u00f1os irreparables\u201d.<\/p>\n\n\n\n<p>La exigencia se centra en una recomposici\u00f3n salarial desde diciembre hasta la fecha, y el cierre de la paritaria del per\u00edodo que va desde el 31 de marzo de 2023 hasta el 1 de abril de 2024. Reclaman haber perdido el 55% del poder adquisitivo y piden por una&nbsp;<strong>recomposici\u00f3n salarial&nbsp;<\/strong>para los trabajadores del rubro.<\/p>\n\n\n\n<p>Al convocar a la medida, detallaron que la huelga se realiza \u201cen respuesta a la<strong>&nbsp;falta de discusi\u00f3n paritaria y de propuesta salarial adecuada a la inflaci\u00f3n galopante<\/strong>\u201d. Por otra parte, expresaron que el aumento de precios \u201cdeteriora los haberes -que gozan de car\u00e1cter alimentario- del personal de conducci\u00f3n de trenes, caus\u00e1ndoles da\u00f1os irreparables\u201d.<\/p>\n\n\n\n<p><strong><mark style=\"background-color:rgba(0, 0, 0, 0)\" class=\"has-inline-color has-vivid-red-color\">Cu\u00e1nto cuesta el boleto de tren en el AMBA<\/mark><\/strong><\/p>\n\n\n\n<p>Tras los aumentos oficializados el 6 de febrero,&nbsp;<strong>el precio del boleto de tren en todas las l\u00edneas del AMBA<\/strong>&nbsp;es el siguiente:<\/p>\n\n\n\n<ul class=\"wp-block-list\">\n<li>Boleto m\u00ednimo: $130<\/li>\n\n\n\n<li>Secci\u00f3n 2: $169<\/li>\n\n\n\n<li>Secci\u00f3n 3: $208<\/li>\n<\/ul>\n\n\n\n<p>Por otra parte, a partir de abril, el uso de tarjetas SUBE sin nominalizar implicar\u00e1 pagar el doble de tarifa. Y las multas por evadir el pago del pasaje ser\u00e1n de 10 veces la tarifa m\u00e1xima, es decir $2.080 en total. Tambi\u00e9n&nbsp;<strong>se mantendr\u00e1 la tarifa social, que paga el 45% del precio completo<\/strong>.<\/p>\n\n\n\n<p><strong><mark style=\"background-color:rgba(0, 0, 0, 0)\" class=\"has-inline-color has-vivid-red-color\">C\u00f3mo registrar la SUBE<\/mark><\/strong><\/p>\n\n\n\n<p>Frente a esa suba anunciada, los usuarios tendr\u00e1n una alternativa para reducir el impacto.&nbsp;La&nbsp;<em><strong>tarjeta SUBE<\/strong><\/em> puede ser<strong>&nbsp;registrada&nbsp;<\/strong>para acceder a&nbsp;<strong>descuentos<\/strong>&nbsp;y llevar un control preciso de todos los traslados realizados y conocer los pasos a seguir en caso de extrav\u00edo.<\/p>\n\n\n\n<p>El proceso de registro posibilita&nbsp;<strong>consultar o recuperar el saldo en situaciones de p\u00e9rdida o deterioro<\/strong>, as\u00ed como&nbsp;<strong>visualizar los movimientos y descuentos asociados<\/strong>. Asimismo, brinda la oportunidad de recibir informaci\u00f3n sobre el transporte p\u00fablico y denunciar puntos SUBE (locales comerciales, estaciones de tren y subte, agencias de loter\u00eda y correos en es posible conseguir o cargar la tarjeta).<\/p>\n\n\n\n<p>Adem\u00e1s, el registro habilita la realizaci\u00f3n de gestiones a trav\u00e9s del sitio web de SUBE, con tan solo una&nbsp;<strong>clave personal<\/strong>, y facilita el acceso a la Tarifa Social para aquellos que est\u00e9n contemplados dentro de los grupos beneficiarios.<\/p>\n\n\n\n<p>El primer paso para registrar la SUBE consiste en crear una cuenta en&nbsp;<strong>el sitio web argentina.gob.ar\/SUBE,&nbsp;<\/strong>posteriormente, se debe acceder a<strong>&nbsp;la secci\u00f3n \u201cRegistrala\u201d<\/strong>, donde se desplegar\u00e1n los siguientes pasos a seguir. Dentro de esta secci\u00f3n, se encontrar\u00e1 un formulario que solicitar\u00e1 al usuario&nbsp;<strong>completar sus datos personales y el n\u00famero de tarjeta<\/strong>.<\/p>\n\n\n\n<p>Una vez ingresada la informaci\u00f3n, se requerir\u00e1 que el usuario elija<strong>\u00a0una clave de cuatro d\u00edgitos<\/strong>\u00a0para establecer la cuenta. Finalmente, tras completar este proceso, el solicitante recibir\u00e1\u00a0<strong>un correo electr\u00f3nico de confirmaci\u00f3n<\/strong>\u00a0indicando que el registro ha sido realizado exitosamente.<\/p>\n\n\n\n<p><strong><em><mark style=\"background-color:rgba(0, 0, 0, 0)\" class=\"has-inline-color has-vivid-red-color\"><a href=\"https:\/\/esreviral.com\/como-funcionan-los-colectivos-y-subtes-hoy-durante-el-paro-de-trenes\/\" data-type=\"link\" data-id=\"https:\/\/esreviral.com\/como-funcionan-los-colectivos-y-subtes-hoy-durante-el-paro-de-trenes\/\">Lea Tamb\u00e9n: C\u00f3mo funcionan los colectivos y subtes hoy durante el paro de trenes<\/a><\/mark><\/em><\/strong><\/p>\n\n\n\n<p class=\"has-text-align-right\"><strong><em>Infobae.-<\/em><\/strong><\/p>\n","protected":false},"excerpt":{"rendered":"<p>El Gobierno llam\u00f3 a las partes a negociar los salarios. Sin embargo, el representante de La Fraternidad aleg\u00f3: \u201cNo tuvimos respuesta, ninguna propuesta y no tuvimos ninguna reuni\u00f3n tampoco\u201d, en respuesta a sus reclamos<\/p>\n","protected":false},"author":3,"featured_media":49532,"comment_status":"open","ping_status":"open","sticky":false,"template":"","format":"standard","meta":{"jnews-multi-image_gallery":[],"jnews_single_post":{"subtitle":"","format":"standard","video":"","gallery":"","source_name":"","source_url":"","via_name":"","via_url":"","override_template":"0","override":[{"template":"4","single_blog_custom":"","parallax":"1","fullscreen":"1","layout":"right-sidebar","sidebar":"default-sidebar","second_sidebar":"default-sidebar","sticky_sidebar":"1","share_position":"top","share_float_style":"share-monocrhome","show_share_counter":"1","show_view_counter":"1","show_featured":"1","show_post_meta":"1","show_post_author":"1","show_post_author_image":"1","show_post_date":"1","post_date_format":"default","post_date_format_custom":"Y\/m\/d","show_post_category":"1","show_post_reading_time":"1","post_reading_time_wpm":"300","show_zoom_button":"1","zoom_button_out_step":"2","zoom_button_in_step":"3","show_post_tag":"1","show_prev_next_post":"1","show_popup_post":"1","number_popup_post":"1","show_author_box":"1","show_post_related":"1","show_inline_post_related":"0"}],"override_image_size":"0","image_override":[{"single_post_thumbnail_size":"crop-500","single_post_gallery_size":"crop-500"}],"trending_post":"0","trending_post_position":"meta","trending_post_label":"Trending","sponsored_post":"0","sponsored_post_label":"Sponsored by","sponsored_post_name":"","sponsored_post_url":"","sponsored_post_logo_enable":"0","sponsored_post_logo":"","sponsored_post_desc":"","disable_ad":"0"},"jnews_primary_category":{"id":"","hide":""},"jnews_social_meta":{"fb_title":"","fb_description":"","fb_image":"","twitter_title":"","twitter_description":"","twitter_image":""},"jnews_review":[],"enable_review":"0","type":"percentage","name":"","summary":"","brand":"","sku":"","good":[{"good_text":""}],"bad":[{"bad_text":""}],"score_override":"","override_value":"","rating":[{"rating_text":"","rating_number":"10"}],"price":[{"shop":"","price":"","link":"","icon":""}],"jnews_override_counter":{"override_view_counter":"0","view_counter_number":"0","override_share_counter":"0","share_counter_number":"0","override_like_counter":"0","like_counter_number":"0","override_dislike_counter":"0","dislike_counter_number":"0"},"jnews_post_split":{"enable_post_split":"0","post_split":[{"template":"1","tag":"h2","numbering":"asc","mode":"normal","first":"0","enable_toc":"0","toc_type":"normal"}]},"footnotes":""},"categories":[58],"tags":[44,3818,45,1712,274,2125],"class_list":["post-49531","post","type-post","status-publish","format-standard","has-post-thumbnail","hentry","category-argentina","tag-argentina","tag-la-fraternidad","tag-noticias","tag-paro-de-trenes","tag-transporte-publico","tag-trenes"],"amp_enabled":true,"_links":{"self":[{"href":"https:\/\/esreviral.com\/index.php?rest_route=\/wp\/v2\/posts\/49531"}],"collection":[{"href":"https:\/\/esreviral.com\/index.php?rest_route=\/wp\/v2\/posts"}],"about":[{"href":"https:\/\/esreviral.com\/index.php?rest_route=\/wp\/v2\/types\/post"}],"author":[{"embeddable":true,"href":"https:\/\/esreviral.com\/index.php?rest_route=\/wp\/v2\/users\/3"}],"replies":[{"embeddable":true,"href":"https:\/\/esreviral.com\/index.php?rest_route=%2Fwp%2Fv2%2Fcomments&post=49531"}],"version-history":[{"count":0,"href":"https:\/\/esreviral.com\/index.php?rest_route=\/wp\/v2\/posts\/49531\/revisions"}],"wp:featuredmedia":[{"embeddable":true,"href":"https:\/\/esreviral.com\/index.php?rest_route=\/wp\/v2\/media\/49532"}],"wp:attachment":[{"href":"https:\/\/esreviral.com\/index.php?rest_route=%2Fwp%2Fv2%2Fmedia&parent=49531"}],"wp:term":[{"taxonomy":"category","embeddable":true,"href":"https:\/\/esreviral.com\/index.php?rest_route=%2Fwp%2Fv2%2Fcategories&post=49531"},{"taxonomy":"post_tag","embeddable":true,"href":"https:\/\/esreviral.com\/index.php?rest_route=%2Fwp%2Fv2%2Ftags&post=49531"}],"curies":[{"name":"wp","href":"https:\/\/api.w.org\/{rel}","templated":true}]}}