{"id":49517,"date":"2024-02-20T10:37:51","date_gmt":"2024-02-20T15:37:51","guid":{"rendered":"https:\/\/esreviral.com\/?p=49517"},"modified":"2024-02-20T10:37:52","modified_gmt":"2024-02-20T15:37:52","slug":"nino-de-siete-anos-de-edad-muere-al-caer-del-septimo-piso-de-un-edificio","status":"publish","type":"post","link":"https:\/\/esreviral.com\/?p=49517","title":{"rendered":"Ni\u00f1o de siete a\u00f1os de edad muere al caer del s\u00e9ptimo piso de un edificio"},"content":{"rendered":"\n<p><strong>Un ni\u00f1o de 7 a\u00f1os de edad muri\u00f3 este lunes al caer del s\u00e9ptimo piso de un edificio<\/strong>\u00a0ubicado en el barrio de Tatuap\u00e9, en San Pablo, Brasil. El cuerpo de bomberos inform\u00f3 que el menor de edad presentaba lesiones en la cabeza y se encontraba en paro cardiorrespiratorio cuando lo asistieron. A pesar de que fue atendido y trasladado de urgencia a un hospital cercano, no logr\u00f3 sobrevivir.<\/p>\n\n\n\n<p>Seg\u00fan las primeras versiones, el ni\u00f1o habr\u00eda cortado la red de protecci\u00f3n de la ventana de su habitaci\u00f3n ya que se hab\u00eda enojado porque \u201c<strong>su mam\u00e1 no lo dej\u00f3 bajar a jugar<\/strong>\u201d.<\/p>\n\n\n\n<p>Dicha hip\u00f3tesis fue contada por la empleada dom\u00e9stica de la familia, quien afirm\u00f3 que, al momento del hecho, ella se encontraba en el \u00e1rea de servicio llevando a cabo sus tareas diarias. De acuerdo a su testimonio, la madre lleg\u00f3 por la ma\u00f1ana del gimnasio y<strong>&nbsp;le dijo al nene que no pod\u00eda bajar a jugar<\/strong>. Por esta raz\u00f3n, se enoj\u00f3 y dijo que quer\u00eda estar solo en su habitaci\u00f3n.<\/p>\n\n\n\n<p>Unos momentos despu\u00e9s, el portero le avis\u00f3 del accidente y ella se dio cuenta de que&nbsp;<strong>el menor de edad habr\u00eda cortado la red de protecci\u00f3n de su ventana con una tijera<\/strong>.<\/p>\n\n\n\n<p>En el lugar del hecho, acudieron los bomberos y agentes de la polic\u00eda del Distrito 52 a las 10 de la ma\u00f1ana por aviso de los padres. La ca\u00edda se produjo desde el piso siete de los nueve con los que cuenta el edificio y fue presenciada por los vecinos.<\/p>\n\n\n\n<p>El caso fue caratulado como \u201c<strong>muerte sospechosa<\/strong>\u201d mientras que los investigadores esperan los resultados de los informes que se llevar\u00e1n a cabo por el Instituto de Criminal\u00edstica y el Instituto M\u00e9dico Legal para esclarecer los hechos. Seg\u00fan los voceros policiales, \u201clos detalles del incidente se conservar\u00e1n ya que involucran a un menor\u201d.<\/p>\n\n\n\n<p class=\"has-text-align-right\"><strong><em>TN.-<\/em><\/strong><\/p>\n","protected":false},"excerpt":{"rendered":"<p>El peque\u00f1o fue trasladado de urgencia a un hospital de la zona, pero no sobrevivi\u00f3. La Polic\u00eda investiga el caso como muerte sospechosa.<\/p>\n","protected":false},"author":3,"featured_media":49518,"comment_status":"open","ping_status":"open","sticky":false,"template":"","format":"standard","meta":{"jnews-multi-image_gallery":[],"jnews_single_post":{"subtitle":"","format":"standard","video":"","gallery":"","source_name":"","source_url":"","via_name":"","via_url":"","override_template":"0","override":[{"template":"4","single_blog_custom":"","parallax":"1","fullscreen":"1","layout":"right-sidebar","sidebar":"default-sidebar","second_sidebar":"default-sidebar","sticky_sidebar":"1","share_position":"top","share_float_style":"share-monocrhome","show_share_counter":"1","show_view_counter":"1","show_featured":"1","show_post_meta":"1","show_post_author":"1","show_post_author_image":"1","show_post_date":"1","post_date_format":"default","post_date_format_custom":"Y\/m\/d","show_post_category":"1","show_post_reading_time":"1","post_reading_time_wpm":"300","show_zoom_button":"1","zoom_button_out_step":"2","zoom_button_in_step":"3","show_post_tag":"1","show_prev_next_post":"1","show_popup_post":"1","number_popup_post":"1","show_author_box":"1","show_post_related":"1","show_inline_post_related":"0"}],"override_image_size":"0","image_override":[{"single_post_thumbnail_size":"crop-500","single_post_gallery_size":"crop-500"}],"trending_post":"0","trending_post_position":"meta","trending_post_label":"Trending","sponsored_post":"0","sponsored_post_label":"Sponsored by","sponsored_post_name":"","sponsored_post_url":"","sponsored_post_logo_enable":"0","sponsored_post_logo":"","sponsored_post_desc":"","disable_ad":"0"},"jnews_primary_category":{"id":"","hide":""},"jnews_social_meta":{"fb_title":"","fb_description":"","fb_image":"","twitter_title":"","twitter_description":"","twitter_image":""},"jnews_review":[],"enable_review":"0","type":"percentage","name":"","summary":"","brand":"","sku":"","good":[{"good_text":""}],"bad":[{"bad_text":""}],"score_override":"","override_value":"","rating":[{"rating_text":"","rating_number":"10"}],"price":[{"shop":"","price":"","link":"","icon":""}],"jnews_override_counter":{"override_view_counter":"0","view_counter_number":"0","override_share_counter":"0","share_counter_number":"0","override_like_counter":"0","like_counter_number":"0","override_dislike_counter":"0","dislike_counter_number":"0"},"jnews_post_split":{"enable_post_split":"0","post_split":[{"template":"1","tag":"h2","numbering":"asc","mode":"normal","first":"0","enable_toc":"0","toc_type":"normal"}]},"footnotes":""},"categories":[88,64],"tags":[227,13730,13731,3170,45],"class_list":["post-49517","post","type-post","status-publish","format-standard","has-post-thumbnail","hentry","category-internacionales","category-sucesos","tag-brasil","tag-caida-2","tag-lesiones-en-la-cabeza","tag-muerte","tag-noticias"],"amp_enabled":true,"_links":{"self":[{"href":"https:\/\/esreviral.com\/index.php?rest_route=\/wp\/v2\/posts\/49517"}],"collection":[{"href":"https:\/\/esreviral.com\/index.php?rest_route=\/wp\/v2\/posts"}],"about":[{"href":"https:\/\/esreviral.com\/index.php?rest_route=\/wp\/v2\/types\/post"}],"author":[{"embeddable":true,"href":"https:\/\/esreviral.com\/index.php?rest_route=\/wp\/v2\/users\/3"}],"replies":[{"embeddable":true,"href":"https:\/\/esreviral.com\/index.php?rest_route=%2Fwp%2Fv2%2Fcomments&post=49517"}],"version-history":[{"count":0,"href":"https:\/\/esreviral.com\/index.php?rest_route=\/wp\/v2\/posts\/49517\/revisions"}],"wp:featuredmedia":[{"embeddable":true,"href":"https:\/\/esreviral.com\/index.php?rest_route=\/wp\/v2\/media\/49518"}],"wp:attachment":[{"href":"https:\/\/esreviral.com\/index.php?rest_route=%2Fwp%2Fv2%2Fmedia&parent=49517"}],"wp:term":[{"taxonomy":"category","embeddable":true,"href":"https:\/\/esreviral.com\/index.php?rest_route=%2Fwp%2Fv2%2Fcategories&post=49517"},{"taxonomy":"post_tag","embeddable":true,"href":"https:\/\/esreviral.com\/index.php?rest_route=%2Fwp%2Fv2%2Ftags&post=49517"}],"curies":[{"name":"wp","href":"https:\/\/api.w.org\/{rel}","templated":true}]}}