{"id":49498,"date":"2024-02-20T08:00:17","date_gmt":"2024-02-20T13:00:17","guid":{"rendered":"https:\/\/esreviral.com\/?p=49498"},"modified":"2024-02-20T08:00:17","modified_gmt":"2024-02-20T13:00:17","slug":"un-ataque-contra-un-grupo-de-migrantes-deja-tres-victimas-en-mexico","status":"publish","type":"post","link":"https:\/\/esreviral.com\/?p=49498","title":{"rendered":"Un ataque contra un grupo de migrantes deja tres v\u00edctimas en M\u00e9xico"},"content":{"rendered":"\n<p>Tres migrantes, entre ellos un ni\u00f1o ecuatoriano, murieron en un ataque armado en el estado mexicano de Sonora norte, fronterizo con Estados Unidos, inform\u00f3 este lunes la Fiscal\u00eda que, ademas, desminti\u00f3 que la agresi\u00f3n hab\u00eda dejado decenas de fallecidos.<\/p>\n\n\n\n<p>\u00abLamentablemente, s\u00ed tenemos confirmada la noticia del deceso de tres personas, un menor y dos mujeres\u00bb en los hechos ocurridos el pasado jueves, dijo a periodistas el fiscal estatal de Sonora, Gustavo Salas.<\/p>\n\n\n\n<p>El menor asesinado es de nacionalidad ecuatoriana, y las otras v\u00edctimas son una mujer peruana y otra hondure\u00f1a, detall\u00f3 el funcionario.<\/p>\n\n\n\n<p>Salas a\u00f1adi\u00f3 que los m\u00e1s de 10 migrantes viajaban hacia la frontera con Estados Unidos cuando fueron agredidos por civiles armados.<\/p>\n\n\n\n<p><strong><mark style=\"background-color:rgba(0, 0, 0, 0)\" class=\"has-inline-color has-vivid-red-color\">Heridos&nbsp;<\/mark><\/strong><\/p>\n\n\n\n<p>Adem\u00e1s de los fallecidos, otros tres migrantes que resultaron lesionados y permanecen internados en hospitales de la regi\u00f3n.<\/p>\n\n\n\n<p>Las personas que resultaron heridas corresponden a los que iban trasladando a los viajeros, indic\u00f3 el fiscal.<\/p>\n\n\n\n<p>Salas tild\u00f3 de falsa la denuncia de la ONG estadounidense 1800Migrante, con sede en Nueva York. Dicha denuncia indica que una banda criminal atac\u00f3 con armas de guerra a un grupo de \u00abm\u00e1s de 50 migrantes\u00bb de diversas nacionalidades, cuando viajaban cerca del municipio sonorense de Saric, pr\u00f3ximo a la frontera.<\/p>\n\n\n\n<p>\u00abQuiero ser muy enf\u00e1tico en se\u00f1alar que es totalmente falso lo aseverado por esa organizaci\u00f3n. No existi\u00f3 jam\u00e1s ese n\u00famero de personas\u00bb, asegur\u00f3.<\/p>\n\n\n\n<p>El funcionario no precis\u00f3 la situaci\u00f3n de los dem\u00e1s involucrados, pero adelant\u00f3 que en las \u00faltimas horas el ej\u00e9rcito captur\u00f3 a criminales que operan en la zona y podr\u00edan ser autores del ataque.<\/p>\n\n\n\n<p>\u00abDetuvieron una c\u00e9lula completa de ocho sujetos con armas largas y en un segundo evento otros tres\u00bb, inform\u00f3.<\/p>\n\n\n\n<p><strong><mark style=\"background-color:rgba(0, 0, 0, 0)\" class=\"has-inline-color has-vivid-red-color\">Los migrantes son v\u00edctimas de violencia&nbsp;constantemente<\/mark><\/strong><\/p>\n\n\n\n<p>Con m\u00e1s de 3.000 km de frontera con Estados Unidos, M\u00e9xico es pa\u00eds de tr\u00e1nsito para cientos de miles de migrantes, principalmente centroamericanos, que huyen de la violencia o la pobreza.<\/p>\n\n\n\n<p>Muchos de ellos son v\u00edctimas recurrentes de organizaciones criminales dedicadas al tr\u00e1fico de personas, el secuestro y la extorsi\u00f3n.<\/p>\n\n\n\n<p>A finales de diciembre, 26 venezolanos y seis hondure\u00f1os fueron secuestrados en el estado de Tamaulipas con el prop\u00f3sito de extorsionar a sus familiares, aunque fueron liberados cuatro d\u00edas despu\u00e9s.<\/p>\n\n\n\n<p>El l\u00edmite binacional fue la ruta migratoria terrestre m\u00e1s peligrosa del mundo en el a\u00f1o 2022, con 686 muertos o desaparecidos, seg\u00fan un informe de la Organizaci\u00f3n Internacional para las Migraciones publicado en septiembre pasado.<\/p>\n\n\n\n<p class=\"has-text-align-right\"><strong><em>ElNacional.-<\/em><\/strong><\/p>\n","protected":false},"excerpt":{"rendered":"<p>El menor asesinado es de nacionalidad ecuatoriana, y las otras v\u00edctimas son una mujer peruana y otra hondure\u00f1a, detall\u00f3 el fiscal estatal de Sonora, Gustavo Salas<\/p>\n","protected":false},"author":3,"featured_media":49499,"comment_status":"open","ping_status":"open","sticky":false,"template":"","format":"standard","meta":{"jnews-multi-image_gallery":[],"jnews_single_post":{"subtitle":"","format":"standard","video":"","gallery":"","source_name":"","source_url":"","via_name":"","via_url":"","override_template":"0","override":[{"template":"4","single_blog_custom":"","parallax":"1","fullscreen":"1","layout":"right-sidebar","sidebar":"default-sidebar","second_sidebar":"default-sidebar","sticky_sidebar":"1","share_position":"top","share_float_style":"share-monocrhome","show_share_counter":"1","show_view_counter":"1","show_featured":"1","show_post_meta":"1","show_post_author":"1","show_post_author_image":"1","show_post_date":"1","post_date_format":"default","post_date_format_custom":"Y\/m\/d","show_post_category":"1","show_post_reading_time":"1","post_reading_time_wpm":"300","show_zoom_button":"1","zoom_button_out_step":"2","zoom_button_in_step":"3","show_post_tag":"1","show_prev_next_post":"1","show_popup_post":"1","number_popup_post":"1","show_author_box":"1","show_post_related":"1","show_inline_post_related":"0"}],"override_image_size":"0","image_override":[{"single_post_thumbnail_size":"crop-500","single_post_gallery_size":"crop-500"}],"trending_post":"0","trending_post_position":"meta","trending_post_label":"Trending","sponsored_post":"0","sponsored_post_label":"Sponsored by","sponsored_post_name":"","sponsored_post_url":"","sponsored_post_logo_enable":"0","sponsored_post_logo":"","sponsored_post_desc":"","disable_ad":"0"},"jnews_primary_category":{"id":"","hide":""},"jnews_social_meta":{"fb_title":"","fb_description":"","fb_image":"","twitter_title":"","twitter_description":"","twitter_image":""},"jnews_review":[],"enable_review":"0","type":"percentage","name":"","summary":"","brand":"","sku":"","good":[{"good_text":""}],"bad":[{"bad_text":""}],"score_override":"","override_value":"","rating":[{"rating_text":"","rating_number":"10"}],"price":[{"shop":"","price":"","link":"","icon":""}],"jnews_override_counter":{"override_view_counter":"0","view_counter_number":"0","override_share_counter":"0","share_counter_number":"0","override_like_counter":"0","like_counter_number":"0","override_dislike_counter":"0","dislike_counter_number":"0"},"jnews_post_split":{"enable_post_split":"0","post_split":[{"template":"1","tag":"h2","numbering":"asc","mode":"normal","first":"0","enable_toc":"0","toc_type":"normal"}]},"footnotes":""},"categories":[54,64],"tags":[457,315,2913,45,13722],"class_list":["post-49498","post","type-post","status-publish","format-standard","has-post-thumbnail","hentry","category-inmigracion","category-sucesos","tag-mexico","tag-migrantes","tag-muertos","tag-noticias","tag-sonora-norte"],"amp_enabled":true,"_links":{"self":[{"href":"https:\/\/esreviral.com\/index.php?rest_route=\/wp\/v2\/posts\/49498"}],"collection":[{"href":"https:\/\/esreviral.com\/index.php?rest_route=\/wp\/v2\/posts"}],"about":[{"href":"https:\/\/esreviral.com\/index.php?rest_route=\/wp\/v2\/types\/post"}],"author":[{"embeddable":true,"href":"https:\/\/esreviral.com\/index.php?rest_route=\/wp\/v2\/users\/3"}],"replies":[{"embeddable":true,"href":"https:\/\/esreviral.com\/index.php?rest_route=%2Fwp%2Fv2%2Fcomments&post=49498"}],"version-history":[{"count":0,"href":"https:\/\/esreviral.com\/index.php?rest_route=\/wp\/v2\/posts\/49498\/revisions"}],"wp:featuredmedia":[{"embeddable":true,"href":"https:\/\/esreviral.com\/index.php?rest_route=\/wp\/v2\/media\/49499"}],"wp:attachment":[{"href":"https:\/\/esreviral.com\/index.php?rest_route=%2Fwp%2Fv2%2Fmedia&parent=49498"}],"wp:term":[{"taxonomy":"category","embeddable":true,"href":"https:\/\/esreviral.com\/index.php?rest_route=%2Fwp%2Fv2%2Fcategories&post=49498"},{"taxonomy":"post_tag","embeddable":true,"href":"https:\/\/esreviral.com\/index.php?rest_route=%2Fwp%2Fv2%2Ftags&post=49498"}],"curies":[{"name":"wp","href":"https:\/\/api.w.org\/{rel}","templated":true}]}}