{"id":49459,"date":"2024-02-19T09:12:08","date_gmt":"2024-02-19T14:12:08","guid":{"rendered":"https:\/\/esreviral.com\/?p=49459"},"modified":"2024-02-19T09:12:09","modified_gmt":"2024-02-19T14:12:09","slug":"la-viuda-del-opositor-ruso-senala-a-putin-como-responsable-de-la-muerte-de-su-esposo","status":"publish","type":"post","link":"https:\/\/esreviral.com\/?p=49459","title":{"rendered":"La viuda del opositor ruso se\u00f1ala a Putin como responsable de la muerte de su esposo"},"content":{"rendered":"\n<p>La viuda del opositor ruso Alexei Navalny&nbsp;<strong>acus\u00f3 este lunes al presidente de Rusia, Vladimir Putin, de matar a su marido<\/strong>, y prometi\u00f3 que seguir\u00e1 luchando por la \u00ablibertad\u00bb de su pa\u00eds.<\/p>\n\n\n\n<p>\u00abHace tres d\u00edas, Vladimir Putin mat\u00f3 a mi marido, Alexei Navalny.&nbsp;<strong>Putin mat\u00f3 al padre de mis hijos<\/strong>\u00ab, afirm\u00f3 Yulia Navalnaya conteniendo las l\u00e1grimas en un video publicado este lunes en las redes sociales.<\/p>\n\n\n\n<p>\u00abCon \u00e9l, (Putin) quiso matar nuestro esp\u00edritu, nuestra libertad, nuestro futuro\u00bb, a\u00f1adi\u00f3.<\/p>\n\n\n\n<p>Las autoridades penitenciarias afirmaron que Navalny muri\u00f3 tras perder el conocimiento despu\u00e9s de un paseo el viernes en la remota prisi\u00f3n del \u00c1rtico donde purgaba una pena de 19 a\u00f1os.<\/p>\n\n\n\n<p>\u00abA mi marido no lo pudieron quebrar,\u00a0<strong>por eso Putin lo mat\u00f3<\/strong>\u00ab, afirm\u00f3 Navalnaya, a\u00f1adiendo que su esposo fue \u00abmaltratado, aislado del mundo\u00bb y \u00abaun as\u00ed no se rindi\u00f3\u00bb.<\/p>\n\n\n\n<figure class=\"wp-block-image size-large\"><img fetchpriority=\"high\" decoding=\"async\" width=\"1024\" height=\"505\" src=\"https:\/\/esreviral.com\/wp-content\/uploads\/2024\/02\/AnyConv.com__TYrb9dC80_1256x620__1-1024x505.webp\" alt=\"\" class=\"wp-image-49460\" srcset=\"https:\/\/esreviral.com\/wp-content\/uploads\/2024\/02\/AnyConv.com__TYrb9dC80_1256x620__1-1024x505.webp 1024w, https:\/\/esreviral.com\/wp-content\/uploads\/2024\/02\/AnyConv.com__TYrb9dC80_1256x620__1-300x148.webp 300w, https:\/\/esreviral.com\/wp-content\/uploads\/2024\/02\/AnyConv.com__TYrb9dC80_1256x620__1-768x379.webp 768w, https:\/\/esreviral.com\/wp-content\/uploads\/2024\/02\/AnyConv.com__TYrb9dC80_1256x620__1-750x370.webp 750w, https:\/\/esreviral.com\/wp-content\/uploads\/2024\/02\/AnyConv.com__TYrb9dC80_1256x620__1-1140x563.webp 1140w, https:\/\/esreviral.com\/wp-content\/uploads\/2024\/02\/AnyConv.com__TYrb9dC80_1256x620__1.webp 1256w\" sizes=\"(max-width: 1024px) 100vw, 1024px\" \/><\/figure>\n\n\n\n<p><\/p>\n\n\n\n<p>La esposa del dirigente opositor prometi\u00f3 averiguar \u00abqui\u00e9n llev\u00f3 a cabo este crimen\u00bb y en qu\u00e9 circunstancias.<\/p>\n\n\n\n<p>\u00abContinuar\u00e9 el trabajo de Alexei Navalny. Continuar\u00e9 por nuestro pa\u00eds, con ustedes. Les pido a todos que est\u00e9n a mi lado (&#8230;). No es una verg\u00fcenza hacer poco, es una verg\u00fcenza no hacer nada, es una verg\u00fcenza dejarse atemorizar\u00bb, declar\u00f3.<\/p>\n\n\n\n<p>Navalny&nbsp;<strong>hab\u00eda sido condenado a 19 a\u00f1os de c\u00e1rcel&nbsp;<\/strong>por \u00abextremismo\u00bb, y era percibido por muchos como la mayor esperanza de un cambio en Rusia.<\/p>\n\n\n\n<p>El anuncio de su fallecimiento la semana pasada caus\u00f3 desaz\u00f3n entre sus partidarios, muchos de ellos j\u00f3venes, condenas de las potencias occidentales, y acusaciones de que las autoridades rusas son responsables de su muerte.<\/p>\n\n\n\n<p>Navalny, abogado y bloguero, se consolid\u00f3 a lo largo de 12 a\u00f1os como el detractor n\u00famero uno de Putin y de su \u00abpartido de ladrones y estafadores\u00bb, como sol\u00eda describirlo.<\/p>\n\n\n\n<p>Acosado por las autoridades e ignorado por los medios de comunicaci\u00f3n oficiales, cobr\u00f3 notoriedad en internet a trav\u00e9s de su presencia en las redes sociales, gracias a la difusi\u00f3n de investigaciones en video virales que denunciaban la corrupci\u00f3n del poder ruso.<\/p>\n\n\n\n<p>En&nbsp;<strong>enero de 2021 fue detenido al regresar a su pa\u00eds tras recuperarse<\/strong>&nbsp;en Alemania, donde fue hospitalizado tras ser v\u00edctima de un envenenamiento en Rusia que atribuy\u00f3 a Putin, algo que el Kremlin siempre ha negado.<\/p>\n\n\n\n<p>Opositor ac\u00e9rrimo de Putin, quien siempre se neg\u00f3 a pronunciar su nombre, Navalny hab\u00eda convocado a protesta contra el mandatario en los centros de votaci\u00f3n del pa\u00eds durante las elecciones presidenciales que se realizar\u00e1n del 15 al 17 de marzo pr\u00f3ximos.<\/p>\n\n\n\n<p><strong><em><mark style=\"background-color:rgba(0, 0, 0, 0)\" class=\"has-inline-color has-vivid-red-color\"><a href=\"https:\/\/esreviral.com\/murio-en-prision-el-maximo-opositor-de-vladimir-putin-en-rusia\/\" data-type=\"post\" data-id=\"49353\">Lea Tambi\u00e9n: Muri\u00f3 en prisi\u00f3n el m\u00e1ximo opositor de Vladimir Putin en Rusia<\/a><\/mark><\/em><\/strong><\/p>\n\n\n\n<p class=\"has-text-align-right\"><strong><em>Clarin.-<\/em><\/strong><\/p>\n","protected":false},"excerpt":{"rendered":"<p>Yulia Navalnaya acus\u00f3 directamente al jefe del Kremlin por la muerte de su esposo, que estaba recluido en una prisi\u00f3n de m\u00e1xima seguridad.<\/p>\n","protected":false},"author":3,"featured_media":49461,"comment_status":"open","ping_status":"open","sticky":false,"template":"","format":"standard","meta":{"jnews-multi-image_gallery":[],"jnews_single_post":{"subtitle":"","format":"standard","video":"","gallery":"","source_name":"","source_url":"","via_name":"","via_url":"","override_template":"0","override":[{"template":"4","single_blog_custom":"","parallax":"1","fullscreen":"1","layout":"right-sidebar","sidebar":"default-sidebar","second_sidebar":"default-sidebar","sticky_sidebar":"1","share_position":"top","share_float_style":"share-monocrhome","show_share_counter":"1","show_view_counter":"1","show_featured":"1","show_post_meta":"1","show_post_author":"1","show_post_author_image":"1","show_post_date":"1","post_date_format":"default","post_date_format_custom":"Y\/m\/d","show_post_category":"1","show_post_reading_time":"1","post_reading_time_wpm":"300","show_zoom_button":"1","zoom_button_out_step":"2","zoom_button_in_step":"3","show_post_tag":"1","show_prev_next_post":"1","show_popup_post":"1","number_popup_post":"1","show_author_box":"1","show_post_related":"1","show_inline_post_related":"0"}],"override_image_size":"0","image_override":[{"single_post_thumbnail_size":"crop-500","single_post_gallery_size":"crop-500"}],"trending_post":"0","trending_post_position":"meta","trending_post_label":"Trending","sponsored_post":"0","sponsored_post_label":"Sponsored by","sponsored_post_name":"","sponsored_post_url":"","sponsored_post_logo_enable":"0","sponsored_post_logo":"","sponsored_post_desc":"","disable_ad":"0"},"jnews_primary_category":{"id":"","hide":""},"jnews_social_meta":{"fb_title":"","fb_description":"","fb_image":"","twitter_title":"","twitter_description":"","twitter_image":""},"jnews_review":[],"enable_review":"0","type":"percentage","name":"","summary":"","brand":"","sku":"","good":[{"good_text":""}],"bad":[{"bad_text":""}],"score_override":"","override_value":"","rating":[{"rating_text":"","rating_number":"10"}],"price":[{"shop":"","price":"","link":"","icon":""}],"jnews_override_counter":{"override_view_counter":"0","view_counter_number":"0","override_share_counter":"0","share_counter_number":"0","override_like_counter":"0","like_counter_number":"0","override_dislike_counter":"0","dislike_counter_number":"0"},"jnews_post_split":{"enable_post_split":"0","post_split":[{"template":"1","tag":"h2","numbering":"asc","mode":"normal","first":"0","enable_toc":"0","toc_type":"normal"}]},"footnotes":""},"categories":[88],"tags":[13708,11439,13710,1586,235,426,13709],"class_list":["post-49459","post","type-post","status-publish","format-standard","has-post-thumbnail","hentry","category-internacionales","tag-alexei-navalny","tag-bruselas","tag-conferencia-de-munich","tag-putin","tag-rusia","tag-vladimir-putin","tag-yulia-navalnaya"],"amp_enabled":true,"_links":{"self":[{"href":"https:\/\/esreviral.com\/index.php?rest_route=\/wp\/v2\/posts\/49459"}],"collection":[{"href":"https:\/\/esreviral.com\/index.php?rest_route=\/wp\/v2\/posts"}],"about":[{"href":"https:\/\/esreviral.com\/index.php?rest_route=\/wp\/v2\/types\/post"}],"author":[{"embeddable":true,"href":"https:\/\/esreviral.com\/index.php?rest_route=\/wp\/v2\/users\/3"}],"replies":[{"embeddable":true,"href":"https:\/\/esreviral.com\/index.php?rest_route=%2Fwp%2Fv2%2Fcomments&post=49459"}],"version-history":[{"count":0,"href":"https:\/\/esreviral.com\/index.php?rest_route=\/wp\/v2\/posts\/49459\/revisions"}],"wp:featuredmedia":[{"embeddable":true,"href":"https:\/\/esreviral.com\/index.php?rest_route=\/wp\/v2\/media\/49461"}],"wp:attachment":[{"href":"https:\/\/esreviral.com\/index.php?rest_route=%2Fwp%2Fv2%2Fmedia&parent=49459"}],"wp:term":[{"taxonomy":"category","embeddable":true,"href":"https:\/\/esreviral.com\/index.php?rest_route=%2Fwp%2Fv2%2Fcategories&post=49459"},{"taxonomy":"post_tag","embeddable":true,"href":"https:\/\/esreviral.com\/index.php?rest_route=%2Fwp%2Fv2%2Ftags&post=49459"}],"curies":[{"name":"wp","href":"https:\/\/api.w.org\/{rel}","templated":true}]}}