{"id":49393,"date":"2024-02-16T13:03:32","date_gmt":"2024-02-16T18:03:32","guid":{"rendered":"https:\/\/esreviral.com\/?p=49393"},"modified":"2024-02-16T13:03:33","modified_gmt":"2024-02-16T18:03:33","slug":"anuncian-paro-de-trenes-por-24-horas","status":"publish","type":"post","link":"https:\/\/esreviral.com\/?p=49393","title":{"rendered":"Anuncian paro de trenes por 24 horas"},"content":{"rendered":"\n<p><strong>La Fraternidad<\/strong>, el gremio que nuclea a los\u00a0<strong>conductores de tren<\/strong>, anunci\u00f3 un\u00a0<strong>paro nacional\u00a0<\/strong>de servicios para el pr\u00f3ximo\u00a0<strong>mi\u00e9rcoles 21 de febrero<\/strong>, ante la falta de negociaci\u00f3n paritaria.<\/p>\n\n\n\n<p>\u00abSe ha decidido ejercer el\u00a0<strong>derecho a huelga<\/strong>\u00a0el d\u00eda 21 de febrero\u00a0<strong>de 0 a 24 horas\u00a0<\/strong>en respuesta a la falta de negociaci\u00f3n paritaria y de propuesta salarial adecuada a la<strong>\u00a0inflaci\u00f3n galopante que deteriora los haberes<\/strong>\u00a0del personal de conducci\u00f3n de trenes, caus\u00e1ndoles da\u00f1os irreparables\u00bb, se\u00f1alaron desde el sindicato que dirige<strong>\u00a0Omar Maturano<\/strong>\u00a0en un comunicado de prensa.<\/p>\n\n\n\n<figure class=\"wp-block-image size-full\"><img fetchpriority=\"high\" decoding=\"async\" width=\"700\" height=\"700\" src=\"https:\/\/esreviral.com\/wp-content\/uploads\/2024\/02\/65cf9c3770ee6.webp\" alt=\"\" class=\"wp-image-49394\" srcset=\"https:\/\/esreviral.com\/wp-content\/uploads\/2024\/02\/65cf9c3770ee6.webp 700w, https:\/\/esreviral.com\/wp-content\/uploads\/2024\/02\/65cf9c3770ee6-300x300.webp 300w, https:\/\/esreviral.com\/wp-content\/uploads\/2024\/02\/65cf9c3770ee6-150x150.webp 150w, https:\/\/esreviral.com\/wp-content\/uploads\/2024\/02\/65cf9c3770ee6-75x75.webp 75w, https:\/\/esreviral.com\/wp-content\/uploads\/2024\/02\/65cf9c3770ee6-350x350.webp 350w\" sizes=\"(max-width: 700px) 100vw, 700px\" \/><\/figure>\n\n\n\n<p><\/p>\n\n\n\n<p>Sobre la medida, que fue resuelta en una reuni\u00f3n efectuada este viernes, desde La Fraternidad remarcaron que \u00abse adoptar\u00e1 dentro del reconocimiento expl\u00edcito del derecho constitucional argentino\u00bb.<\/p>\n\n\n\n<p>\u00abComo dec\u00eda el General Per\u00f3n,\u00a0<strong>dentro de la ley, todo; fuera de la ley, nada<\/strong>\u00ab, agregaron.<\/p>\n\n\n\n<p>D\u00edas atr\u00e1s, en otro comunicado titulado\u00a0<strong>\u00abLa paciencia tiene un l\u00edmite\u00bb<\/strong>, desde el gremio expresaron su preocupaci\u00f3n por el \u00abbochornoso desbarajuste pol\u00edtico, econ\u00f3mico y social\u00bb del Gobierno,\u00a0<\/p>\n\n\n\n<p>Adem\u00e1s, manifestaron su apoyo total a la<strong>\u00a0CGT<\/strong>\u00a0\u00aben el sendero de la resistencia constructiva en defensa de los derechos de los trabajadores\u00bb y expresaron su\u00a0<strong>absoluto rechazo a las privatizaciones.\u00a0<\/strong><\/p>\n\n\n\n<p class=\"has-text-align-right\"><strong><em>cronista.com.-<\/em><\/strong><\/p>\n","protected":false},"excerpt":{"rendered":"<p>Ante la falta de negociaci\u00f3n paritaria, desde el gremio resolvieron llamar a una medida de fuerza por 24 horas<\/p>\n","protected":false},"author":3,"featured_media":37617,"comment_status":"open","ping_status":"open","sticky":false,"template":"","format":"standard","meta":{"jnews-multi-image_gallery":[],"jnews_single_post":{"subtitle":"","format":"standard","video":"","gallery":"","source_name":"","source_url":"","via_name":"","via_url":"","override_template":"0","override":[{"template":"4","single_blog_custom":"","parallax":"1","fullscreen":"1","layout":"right-sidebar","sidebar":"default-sidebar","second_sidebar":"default-sidebar","sticky_sidebar":"1","share_position":"top","share_float_style":"share-monocrhome","show_share_counter":"1","show_view_counter":"1","show_featured":"1","show_post_meta":"1","show_post_author":"1","show_post_author_image":"1","show_post_date":"1","post_date_format":"default","post_date_format_custom":"Y\/m\/d","show_post_category":"1","show_post_reading_time":"1","post_reading_time_wpm":"300","show_zoom_button":"1","zoom_button_out_step":"2","zoom_button_in_step":"3","show_post_tag":"1","show_prev_next_post":"1","show_popup_post":"1","number_popup_post":"1","show_author_box":"1","show_post_related":"1","show_inline_post_related":"0"}],"override_image_size":"0","image_override":[{"single_post_thumbnail_size":"crop-500","single_post_gallery_size":"crop-500"}],"trending_post":"0","trending_post_position":"meta","trending_post_label":"Trending","sponsored_post":"0","sponsored_post_label":"Sponsored by","sponsored_post_name":"","sponsored_post_url":"","sponsored_post_logo_enable":"0","sponsored_post_logo":"","sponsored_post_desc":"","disable_ad":"0"},"jnews_primary_category":{"id":"","hide":""},"jnews_social_meta":{"fb_title":"","fb_description":"","fb_image":"","twitter_title":"","twitter_description":"","twitter_image":""},"jnews_review":[],"enable_review":"0","type":"percentage","name":"","summary":"","brand":"","sku":"","good":[{"good_text":""}],"bad":[{"bad_text":""}],"score_override":"","override_value":"","rating":[{"rating_text":"","rating_number":"10"}],"price":[{"shop":"","price":"","link":"","icon":""}],"jnews_override_counter":{"override_view_counter":"0","view_counter_number":"0","override_share_counter":"0","share_counter_number":"0","override_like_counter":"0","like_counter_number":"0","override_dislike_counter":"0","dislike_counter_number":"0"},"jnews_post_split":{"enable_post_split":"0","post_split":[{"template":"1","tag":"h2","numbering":"asc","mode":"normal","first":"0","enable_toc":"0","toc_type":"normal"}]},"footnotes":""},"categories":[58,61],"tags":[44,62,13687,3818,9618,45,2025,13686,112,2503,2125],"class_list":["post-49393","post","type-post","status-publish","format-standard","has-post-thumbnail","hentry","category-argentina","category-economia","tag-argentina","tag-economia","tag-economia-y-politica","tag-la-fraternidad","tag-medida-de-fuerza","tag-noticias","tag-paritarias","tag-paro-trenes","tag-politica","tag-transporte","tag-trenes"],"amp_enabled":true,"_links":{"self":[{"href":"https:\/\/esreviral.com\/index.php?rest_route=\/wp\/v2\/posts\/49393"}],"collection":[{"href":"https:\/\/esreviral.com\/index.php?rest_route=\/wp\/v2\/posts"}],"about":[{"href":"https:\/\/esreviral.com\/index.php?rest_route=\/wp\/v2\/types\/post"}],"author":[{"embeddable":true,"href":"https:\/\/esreviral.com\/index.php?rest_route=\/wp\/v2\/users\/3"}],"replies":[{"embeddable":true,"href":"https:\/\/esreviral.com\/index.php?rest_route=%2Fwp%2Fv2%2Fcomments&post=49393"}],"version-history":[{"count":0,"href":"https:\/\/esreviral.com\/index.php?rest_route=\/wp\/v2\/posts\/49393\/revisions"}],"wp:featuredmedia":[{"embeddable":true,"href":"https:\/\/esreviral.com\/index.php?rest_route=\/wp\/v2\/media\/37617"}],"wp:attachment":[{"href":"https:\/\/esreviral.com\/index.php?rest_route=%2Fwp%2Fv2%2Fmedia&parent=49393"}],"wp:term":[{"taxonomy":"category","embeddable":true,"href":"https:\/\/esreviral.com\/index.php?rest_route=%2Fwp%2Fv2%2Fcategories&post=49393"},{"taxonomy":"post_tag","embeddable":true,"href":"https:\/\/esreviral.com\/index.php?rest_route=%2Fwp%2Fv2%2Ftags&post=49393"}],"curies":[{"name":"wp","href":"https:\/\/api.w.org\/{rel}","templated":true}]}}