{"id":49291,"date":"2024-02-15T06:31:17","date_gmt":"2024-02-15T11:31:17","guid":{"rendered":"https:\/\/esreviral.com\/?p=49291"},"modified":"2024-02-15T06:31:17","modified_gmt":"2024-02-15T11:31:17","slug":"detuvieron-a-un-joven-acusado-de-asesinar-a-golpes-a-su-hijastro","status":"publish","type":"post","link":"https:\/\/esreviral.com\/?p=49291","title":{"rendered":"Detuvieron a un joven acusado de asesinar\u00a0a golpes a su hijastro"},"content":{"rendered":"\n<p>Un\u00a0<strong>joven de 23 a\u00f1os fue detenido<\/strong>\u00a0este mi\u00e9rcoles tras ser acusado de<strong>\u00a0asesinar a golpes a su hijastro de siete meses\u00a0<\/strong>en su casa de la localidad bonaerense de San Jos\u00e9, partido de\u00a0Almirante Brown.<\/p>\n\n\n\n<p>El presunto asesino estuvo casi un mes pr\u00f3fugo,<strong>\u00a0escondido en una vivienda\u00a0<\/strong>de la localidad bonaerense de Ingeniero Allan, en el partido de\u00a0<strong>Florencio Varela<\/strong>, y se neg\u00f3 a declarar cuando fue indagado.<\/p>\n\n\n\n<p>El tr\u00e1gico episodio se remonta al 16 de enero por la ma\u00f1ana, cuando&nbsp;<strong>la madre de la v\u00edctima hab\u00eda dejado a su beb\u00e9 de 7 meses al cuidado de su pareja,<\/strong>&nbsp;un joven que tendr\u00eda problemas de adicci\u00f3n al alcohol.<\/p>\n\n\n\n<p>El padrastro<strong>&nbsp;habr\u00eda zamarreado al beb\u00e9 y luego le habr\u00eda ocasionado un golpe en la cabeza<\/strong>&nbsp;que le provoc\u00f3 una grave herida. Cuando la madre del menor lleg\u00f3 a la casa, se encontr\u00f3 con la v\u00edctima gravemente herida y la llev\u00f3 a un hospital cercano.<\/p>\n\n\n\n<p>El chico fue atendido primero en el<strong>\u00a0Hospital O\u00f1ativia\u00a0<\/strong>de la localidad bonaerense de\u00a0<strong>Rafael Calzada<\/strong>\u00a0y luego fue derivado de urgencia al<strong>\u00a0Hospital El Cruce<\/strong>\u00a0de\u00a0Florencio Varela.\u00a0All\u00ed, los m\u00e9dicos detallaron que sufri\u00f3 un<strong>\u00a0edema cerebral\u00a0<\/strong>que le ocasion\u00f3 la muerte.<\/p>\n\n\n\n<p>Tras el grave episodio,<strong>&nbsp;el acusado se escap\u00f3 de su casa<\/strong>&nbsp;y no regres\u00f3 a la vivienda que compart\u00eda con su pareja y su hijastro en San Jos\u00e9. Desde ese momento, comenz\u00f3 una exhaustiva investigaci\u00f3n para dar con su paradero.<\/p>\n\n\n\n<p>Este mi\u00e9rcoles por la tarde, efectivos de la polic\u00eda bonaerense lo detuvieron en una vivienda de Ingeniero Allan, en\u00a0Florencio Varela. La detenci\u00f3n se produjo luego de la orden que dio el juez de Garant\u00edas Sebasti\u00e1n Monelo, tras el pedido de la fiscal Marcela Juan.<\/p>\n\n\n\n<p>La titular de la Unidad Fiscal de Investigaci\u00f3n (UFI) N\u00b016 de Lomas de Zamora imput\u00f3 al joven de 23 a\u00f1os por \u201c<strong>homicidio agravado por alevos\u00eda, en el contexto de maltrato a las infancias y violencia de g\u00e9nero\u201d.<\/strong><\/p>\n\n\n\n<p><strong><em><mark style=\"background-color:rgba(0, 0, 0, 0)\" class=\"has-inline-color has-vivid-red-color\"><a href=\"https:\/\/esreviral.com\/un-muerto-y-21-heridos-en-celebracion-del-super-bowl-en-kansas\/\" data-type=\"link\" data-id=\"https:\/\/esreviral.com\/un-muerto-y-21-heridos-en-celebracion-del-super-bowl-en-kansas\/\">Le\u00e9 tambi\u00e9n:\u00a0Un muerto y 21 heridos en celebraci\u00f3n del Super Bowl\u00a0en Kansas<\/a><\/mark><\/em><\/strong><\/p>\n\n\n\n<p>Marcela Juan intent\u00f3 indagar al sospechoso, pero el presunto asesino<strong>\u00a0se neg\u00f3 a declarar<\/strong>\u00a0y qued\u00f3 detenido en una comisar\u00eda de la localidad de San Jos\u00e9.<\/p>\n\n\n\n<p class=\"has-text-align-right\"><strong><em>TN.-<\/em><\/strong><\/p>\n","protected":false},"excerpt":{"rendered":"<p>El acusado estuvo casi un mes pr\u00f3fugo, escondido en una casa de Florencia Varela, y se neg\u00f3 a declarar cuando qued\u00f3 detenido.<\/p>\n","protected":false},"author":3,"featured_media":49292,"comment_status":"open","ping_status":"open","sticky":false,"template":"","format":"standard","meta":{"jnews-multi-image_gallery":[],"jnews_single_post":{"subtitle":"","format":"standard","video":"","gallery":"","source_name":"","source_url":"","via_name":"","via_url":"","override_template":"0","override":[{"template":"4","single_blog_custom":"","parallax":"1","fullscreen":"1","layout":"right-sidebar","sidebar":"default-sidebar","second_sidebar":"default-sidebar","sticky_sidebar":"1","share_position":"top","share_float_style":"share-monocrhome","show_share_counter":"1","show_view_counter":"1","show_featured":"1","show_post_meta":"1","show_post_author":"1","show_post_author_image":"1","show_post_date":"1","post_date_format":"default","post_date_format_custom":"Y\/m\/d","show_post_category":"1","show_post_reading_time":"1","post_reading_time_wpm":"300","show_zoom_button":"1","zoom_button_out_step":"2","zoom_button_in_step":"3","show_post_tag":"1","show_prev_next_post":"1","show_popup_post":"1","number_popup_post":"1","show_author_box":"1","show_post_related":"1","show_inline_post_related":"0"}],"override_image_size":"0","image_override":[{"single_post_thumbnail_size":"crop-500","single_post_gallery_size":"crop-500"}],"trending_post":"0","trending_post_position":"meta","trending_post_label":"Trending","sponsored_post":"0","sponsored_post_label":"Sponsored by","sponsored_post_name":"","sponsored_post_url":"","sponsored_post_logo_enable":"0","sponsored_post_logo":"","sponsored_post_desc":"","disable_ad":"0"},"jnews_primary_category":{"id":"","hide":""},"jnews_social_meta":{"fb_title":"","fb_description":"","fb_image":"","twitter_title":"","twitter_description":"","twitter_image":""},"jnews_review":[],"enable_review":"0","type":"percentage","name":"","summary":"","brand":"","sku":"","good":[{"good_text":""}],"bad":[{"bad_text":""}],"score_override":"","override_value":"","rating":[{"rating_text":"","rating_number":"10"}],"price":[{"shop":"","price":"","link":"","icon":""}],"jnews_override_counter":{"override_view_counter":"0","view_counter_number":"0","override_share_counter":"0","share_counter_number":"0","override_like_counter":"0","like_counter_number":"0","override_dislike_counter":"0","dislike_counter_number":"0"},"jnews_post_split":{"enable_post_split":"0","post_split":[{"template":"1","tag":"h2","numbering":"asc","mode":"normal","first":"0","enable_toc":"0","toc_type":"normal"}]},"footnotes":""},"categories":[58,64],"tags":[12069,44,281,2517,45,13649],"class_list":["post-49291","post","type-post","status-publish","format-standard","has-post-thumbnail","hentry","category-argentina","category-sucesos","tag-almirante-brown","tag-argentina","tag-asesinato","tag-crimen-2","tag-noticias","tag-san-jose"],"amp_enabled":true,"_links":{"self":[{"href":"https:\/\/esreviral.com\/index.php?rest_route=\/wp\/v2\/posts\/49291"}],"collection":[{"href":"https:\/\/esreviral.com\/index.php?rest_route=\/wp\/v2\/posts"}],"about":[{"href":"https:\/\/esreviral.com\/index.php?rest_route=\/wp\/v2\/types\/post"}],"author":[{"embeddable":true,"href":"https:\/\/esreviral.com\/index.php?rest_route=\/wp\/v2\/users\/3"}],"replies":[{"embeddable":true,"href":"https:\/\/esreviral.com\/index.php?rest_route=%2Fwp%2Fv2%2Fcomments&post=49291"}],"version-history":[{"count":0,"href":"https:\/\/esreviral.com\/index.php?rest_route=\/wp\/v2\/posts\/49291\/revisions"}],"wp:featuredmedia":[{"embeddable":true,"href":"https:\/\/esreviral.com\/index.php?rest_route=\/wp\/v2\/media\/49292"}],"wp:attachment":[{"href":"https:\/\/esreviral.com\/index.php?rest_route=%2Fwp%2Fv2%2Fmedia&parent=49291"}],"wp:term":[{"taxonomy":"category","embeddable":true,"href":"https:\/\/esreviral.com\/index.php?rest_route=%2Fwp%2Fv2%2Fcategories&post=49291"},{"taxonomy":"post_tag","embeddable":true,"href":"https:\/\/esreviral.com\/index.php?rest_route=%2Fwp%2Fv2%2Ftags&post=49291"}],"curies":[{"name":"wp","href":"https:\/\/api.w.org\/{rel}","templated":true}]}}