{"id":49281,"date":"2024-02-14T16:42:36","date_gmt":"2024-02-14T21:42:36","guid":{"rendered":"https:\/\/esreviral.com\/?p=49281"},"modified":"2024-02-14T16:43:52","modified_gmt":"2024-02-14T21:43:52","slug":"jorge-macri-fue-recibido-por-el-papa-francisco-en-una-audiencia-privada-en-el-vaticano","status":"publish","type":"post","link":"https:\/\/esreviral.com\/?p=49281","title":{"rendered":"Jorge Macri fue recibido por el Papa Francisco en una audiencia privada en el Vaticano"},"content":{"rendered":"\n<p>El Jefe de Gobierno porte\u00f1o, Jorge Macri, fue recibido en &nbsp;una audiencia privada en la casa de Santa Marta en el Vaticano por el Papa Francisco, a quien le cont\u00f3 los proyectos que quiere encarar en su gesti\u00f3n al frente de la Ciudad.<\/p>\n\n\n\n<p><strong>\u201cCharlamos sobre los planes que tengo para el Sur de Buenos Aires y el Papa se mostr\u00f3 muy interesado. Conversamos tambi\u00e9n del barrio de Flores y eso le trajo muchos recuerdos\u201d,&nbsp;<\/strong>se\u00f1al\u00f3 Macri, quien estuvo acompa\u00f1ado por su esposa, la periodista Mar\u00eda Bel\u00e9n Ludue\u00f1a.<\/p>\n\n\n\n<p>Macri detall\u00f3 que durante el encuentro,&nbsp;<strong>\u201chablamos del valor del di\u00e1logo interreligioso e insisti\u00f3 que eso es muy importante, que trabajemos en reconstruir el di\u00e1logo. Le plante\u00e9 que la Ciudad de Buenos Aires es un modelo, y tenemos que tratar sobre todo en este momento de tanto dolor en el mundo para ser un faro en ese sentido. El Papa valor\u00f3 mucho eso\u201d<\/strong>.<\/p>\n\n\n\n<p>El Jefe de Gobierno agradeci\u00f3 el recibimiento y&nbsp;<strong>\u201csu paternal bendici\u00f3n, rezamos por usted y confiamos que su oraci\u00f3n por nosotros traer\u00e1 paz y unidad a nuestra patria y a nuestra Ciudad. Lo esperamos en su casa que es Buenos Aires\u201d<\/strong>.<\/p>\n\n\n\n<p>Tambi\u00e9n recalc\u00f3 que hablaron mucho del concepto de *\u201cllegar antes de que la gente sufra. Le cont\u00e9 que estamos trabajando en mecanismos para estar cerca de la clase media que no busca asistencia de manera habitual. Coincidimos en que esta situaci\u00f3n recuerda a lo que pas\u00f3 durante la Pandemia\u201d.<\/p>\n\n\n<div class=\"wp-block-image\">\n<figure class=\"aligncenter size-large\"><img fetchpriority=\"high\" decoding=\"async\" width=\"768\" height=\"1024\" src=\"https:\/\/esreviral.com\/wp-content\/uploads\/2024\/02\/AnyConv.com__unnamed-35-768x1024.webp\" alt=\"\" class=\"wp-image-49282\" srcset=\"https:\/\/esreviral.com\/wp-content\/uploads\/2024\/02\/AnyConv.com__unnamed-35-768x1024.webp 768w, https:\/\/esreviral.com\/wp-content\/uploads\/2024\/02\/AnyConv.com__unnamed-35-225x300.webp 225w, https:\/\/esreviral.com\/wp-content\/uploads\/2024\/02\/AnyConv.com__unnamed-35-1152x1536.webp 1152w, https:\/\/esreviral.com\/wp-content\/uploads\/2024\/02\/AnyConv.com__unnamed-35-1536x2048.webp 1536w, https:\/\/esreviral.com\/wp-content\/uploads\/2024\/02\/AnyConv.com__unnamed-35-750x1000.webp 750w, https:\/\/esreviral.com\/wp-content\/uploads\/2024\/02\/AnyConv.com__unnamed-35-1140x1520.webp 1140w, https:\/\/esreviral.com\/wp-content\/uploads\/2024\/02\/AnyConv.com__unnamed-35-scaled.webp 1920w\" sizes=\"(max-width: 768px) 100vw, 768px\" \/><\/figure><\/div>\n\n\n<p>\u201cMe cont\u00f3 que le interesaba esa frase de \u2018llegar antes\u2019 y \u2018te la voy a robar\u2019,* brome\u00f3 el Papa.&nbsp;<strong>\u00abHablamos de la preocupaci\u00f3n del tema de salud mental, las adicciones, c\u00f3mo trabajar con las iglesias, tanto la cat\u00f3lica, los hogares de Cristo, la Iglesia Evang\u00e9lica, los curas villeros, C\u00e1ritas, el tercer sector para ayudar a contener y asistir\u201d<\/strong>, agreg\u00f3 el Jefe de Gobierno.<\/p>\n\n\n\n<p>Seg\u00fan cont\u00f3 Macri, Francisco, al respecto, se\u00f1al\u00f3:&nbsp;<strong>\u201cMe gusta eso de \u2018llegar antes\u2019. Me hace acordar a eso que escribi\u00f3 alg\u00fan poeta de \u2019madrugar a la aurora\u2019. Le dir\u00eda a los porte\u00f1os, y a los argentinos en general: que no se dejen madrugar, que lleguen antes. Que no se dejen madrugar por el des\u00e1nimo, el enojo, por la sensaci\u00f3n de que no hay futuro, de que todo est\u00e1 perdido. Hay esperanza. Cada uno de nosotros tenemos que ponernos en ese esfuerzo y sinton\u00eda de no dejar que nos madruguen los sentimientos y las realidades negativas. Hay que ser parte de un camino de superaci\u00f3n. Un pueblo debe marchar y ponerse de pie\u201d<\/strong>.<\/p>\n\n\n\n<p><strong>\u201cTuve la oportunidad tambi\u00e9n de sumarme al deseo de millones de argentinos e invitarlo a visitar nuestro pa\u00eds y nuestra Ciudad, de la que fue su pastor y gu\u00eda espiritual. Su mensaje de esperanza nos alienta a seguir construyendo una sociedad mejor, m\u00e1s justa y solidaria\u201d<\/strong>, expres\u00f3 el Jefe de Gobierno.<\/p>\n\n\n\n<p>Macri aprovech\u00f3 para contarle al Papa que la Ciudad tiene una muy buena relaci\u00f3n con el arzobispo actual de Buenos Aires, monse\u00f1or Jorge Ignacio Garc\u00eda Cuerva, \u201ccon quien estamos trabajando codo a codo\u201d.<\/p>\n\n\n\n<p>El Papa coment\u00f3 que uno de los grandes atractivos que tiene Buenos Aires adem\u00e1s de su diversidad, su inclusi\u00f3n, la capacidad de convivencia de distintos credos, confesiones y religiones, es la identidad barrial. Que hay una sola Ciudad pero que cada barrio tiene su identidad. Y fue nombrando muchos de ellos y los lugares que recordaba de cada uno.<\/p>\n\n\n\n<p><strong>\u201cFue muy interesante esta charla para m\u00ed. Sentir c\u00f3mo el Papa recuerda con profundo afecto y cari\u00f1o esa Ciudad de la que fue arzobispo y que la recuerda en esquinas, en barrios, en identidades\u2026 Fue algo movilizante\u201d<\/strong>, cerr\u00f3 Macri.<\/p>\n\n\n\n<p class=\"has-text-align-right\"><em><strong>&nbsp;Prensa GCBA.-<\/strong><\/em><\/p>\n","protected":false},"excerpt":{"rendered":"<p>Durante el encuentro, el Jefe de Gobierno le cont\u00f3 al Sumo Pont\u00edfice los proyectos que quiere encarar en su gesti\u00f3n y lo invit\u00f3 a visitar la Ciudad: \u00abLo esperamos en su casa, que es Buenos Aires\u00bb.<\/p>\n","protected":false},"author":3,"featured_media":49283,"comment_status":"open","ping_status":"open","sticky":false,"template":"","format":"standard","meta":{"jnews-multi-image_gallery":[],"jnews_single_post":{"subtitle":"","format":"standard","video":"","gallery":"","source_name":"","source_url":"","via_name":"","via_url":"","override_template":"0","override":[{"template":"4","single_blog_custom":"","parallax":"1","fullscreen":"1","layout":"right-sidebar","sidebar":"default-sidebar","second_sidebar":"default-sidebar","sticky_sidebar":"1","share_position":"top","share_float_style":"share-monocrhome","show_share_counter":"1","show_view_counter":"1","show_featured":"1","show_post_meta":"1","show_post_author":"1","show_post_author_image":"1","show_post_date":"1","post_date_format":"default","post_date_format_custom":"Y\/m\/d","show_post_category":"1","show_post_reading_time":"1","post_reading_time_wpm":"300","show_zoom_button":"1","zoom_button_out_step":"2","zoom_button_in_step":"3","show_post_tag":"1","show_prev_next_post":"1","show_popup_post":"1","number_popup_post":"1","show_author_box":"1","show_post_related":"1","show_inline_post_related":"0"}],"override_image_size":"0","image_override":[{"single_post_thumbnail_size":"crop-500","single_post_gallery_size":"crop-500"}],"trending_post":"0","trending_post_position":"meta","trending_post_label":"Trending","sponsored_post":"0","sponsored_post_label":"Sponsored by","sponsored_post_name":"","sponsored_post_url":"","sponsored_post_logo_enable":"0","sponsored_post_logo":"","sponsored_post_desc":"","disable_ad":"0"},"jnews_primary_category":{"id":"","hide":""},"jnews_social_meta":{"fb_title":"","fb_description":"","fb_image":"","twitter_title":"","twitter_description":"","twitter_image":""},"jnews_review":[],"enable_review":"0","type":"percentage","name":"","summary":"","brand":"","sku":"","good":[{"good_text":""}],"bad":[{"bad_text":""}],"score_override":"","override_value":"","rating":[{"rating_text":"","rating_number":"10"}],"price":[{"shop":"","price":"","link":"","icon":""}],"jnews_override_counter":{"override_view_counter":"0","view_counter_number":"0","override_share_counter":"0","share_counter_number":"0","override_like_counter":"0","like_counter_number":"0","override_dislike_counter":"0","dislike_counter_number":"0"},"jnews_post_split":{"enable_post_split":"0","post_split":[{"template":"1","tag":"h2","numbering":"asc","mode":"normal","first":"0","enable_toc":"0","toc_type":"normal"}]},"footnotes":""},"categories":[88],"tags":[44,13647,299,1327,45,128,129],"class_list":["post-49281","post","type-post","status-publish","format-standard","has-post-thumbnail","hentry","category-internacionales","tag-argentina","tag-audiencia-privada","tag-gobierno-porteno","tag-jorge-macri","tag-noticias","tag-papa-francisco","tag-vaticano"],"amp_enabled":true,"_links":{"self":[{"href":"https:\/\/esreviral.com\/index.php?rest_route=\/wp\/v2\/posts\/49281"}],"collection":[{"href":"https:\/\/esreviral.com\/index.php?rest_route=\/wp\/v2\/posts"}],"about":[{"href":"https:\/\/esreviral.com\/index.php?rest_route=\/wp\/v2\/types\/post"}],"author":[{"embeddable":true,"href":"https:\/\/esreviral.com\/index.php?rest_route=\/wp\/v2\/users\/3"}],"replies":[{"embeddable":true,"href":"https:\/\/esreviral.com\/index.php?rest_route=%2Fwp%2Fv2%2Fcomments&post=49281"}],"version-history":[{"count":0,"href":"https:\/\/esreviral.com\/index.php?rest_route=\/wp\/v2\/posts\/49281\/revisions"}],"wp:featuredmedia":[{"embeddable":true,"href":"https:\/\/esreviral.com\/index.php?rest_route=\/wp\/v2\/media\/49283"}],"wp:attachment":[{"href":"https:\/\/esreviral.com\/index.php?rest_route=%2Fwp%2Fv2%2Fmedia&parent=49281"}],"wp:term":[{"taxonomy":"category","embeddable":true,"href":"https:\/\/esreviral.com\/index.php?rest_route=%2Fwp%2Fv2%2Fcategories&post=49281"},{"taxonomy":"post_tag","embeddable":true,"href":"https:\/\/esreviral.com\/index.php?rest_route=%2Fwp%2Fv2%2Ftags&post=49281"}],"curies":[{"name":"wp","href":"https:\/\/api.w.org\/{rel}","templated":true}]}}