{"id":49263,"date":"2024-02-14T14:26:44","date_gmt":"2024-02-14T19:26:44","guid":{"rendered":"https:\/\/esreviral.com\/?p=49263"},"modified":"2024-02-14T14:49:53","modified_gmt":"2024-02-14T19:49:53","slug":"cuanto-fue-la-inflacion-argentina-en-enero-2024","status":"publish","type":"post","link":"https:\/\/esreviral.com\/?p=49263","title":{"rendered":"Cu\u00e1nto fue la inflaci\u00f3n en argentina en enero 2024"},"content":{"rendered":"\n<p>La&nbsp;<strong>inflaci\u00f3n de enero lleg\u00f3 a 20,6%<\/strong>&nbsp;y&nbsp;<strong>acumul\u00f3 254,2% en los \u00faltimos 12 meses<\/strong>, seg\u00fan inform\u00f3 el&nbsp;<strong>INDEC<\/strong>&nbsp;este mi\u00e9rcoles. El dato signific\u00f3 una&nbsp;<strong>desaceleraci\u00f3n<\/strong>&nbsp;con respecto a diciembre, que hab\u00eda marcado&nbsp;un m\u00e1ximo mensual de 25,5%.<\/p>\n\n\n\n<p>Las&nbsp;estimaciones privadas relevadas por el Banco Central&nbsp;proyectaban que la inflaci\u00f3n de enero estar\u00eda en torno al&nbsp;<strong>21,9%<\/strong>. Ese dato iba en l\u00ednea con la cifra de&nbsp;<strong>aumento de precios en la Ciudad de Buenos Aires<\/strong>, que&nbsp;lleg\u00f3 a 21,7%.<\/p>\n\n\n\n<p>Por su parte, en el Gobierno eran m\u00e1s optimistas. El ministro de Econom\u00eda\u00a0<strong>Luis Caputo<\/strong>\u00a0hab\u00eda anticipado que esperaba un registro cercano al 20%\u00a0en el primer mes del a\u00f1o. A la vez, el funcionario asegur\u00f3 que el indicador seguir\u00e1 la tendencia descendente en los pr\u00f3ximos meses y\u00a0<strong>pronostic\u00f3 un valor m\u00e1s bajo para febrero<\/strong>.<\/p>\n\n\n\n<p><strong><mark style=\"background-color:rgba(0, 0, 0, 0)\" class=\"has-inline-color has-vivid-red-color\"><em><a href=\"https:\/\/esreviral.com\/cuanto-costaran-el-boleto-de-subte-y-los-peajes-desde-abril-2024\/\" data-type=\"link\" data-id=\"https:\/\/esreviral.com\/cuanto-costaran-el-boleto-de-subte-y-los-peajes-desde-abril-2024\/\">Lea Tambi\u00e9n: Cu\u00e1nto costar\u00e1n el boleto de subte y los peajes desde abril 2024<\/a><\/em><\/mark><\/strong><\/p>\n\n\n\n<figure class=\"wp-block-image size-large\"><img fetchpriority=\"high\" decoding=\"async\" width=\"1024\" height=\"776\" src=\"https:\/\/esreviral.com\/wp-content\/uploads\/2024\/02\/AnyConv.com__EDAWYGMYSNHBVCGPV22JZS7EUU-1024x776.webp\" alt=\"\" class=\"wp-image-49265\" srcset=\"https:\/\/esreviral.com\/wp-content\/uploads\/2024\/02\/AnyConv.com__EDAWYGMYSNHBVCGPV22JZS7EUU-1024x776.webp 1024w, https:\/\/esreviral.com\/wp-content\/uploads\/2024\/02\/AnyConv.com__EDAWYGMYSNHBVCGPV22JZS7EUU-300x227.webp 300w, https:\/\/esreviral.com\/wp-content\/uploads\/2024\/02\/AnyConv.com__EDAWYGMYSNHBVCGPV22JZS7EUU-768x582.webp 768w, https:\/\/esreviral.com\/wp-content\/uploads\/2024\/02\/AnyConv.com__EDAWYGMYSNHBVCGPV22JZS7EUU-750x568.webp 750w, https:\/\/esreviral.com\/wp-content\/uploads\/2024\/02\/AnyConv.com__EDAWYGMYSNHBVCGPV22JZS7EUU-1140x864.webp 1140w, https:\/\/esreviral.com\/wp-content\/uploads\/2024\/02\/AnyConv.com__EDAWYGMYSNHBVCGPV22JZS7EUU.webp 1440w\" sizes=\"(max-width: 1024px) 100vw, 1024px\" \/><\/figure>\n\n\n\n<p>\u201cLa divisi\u00f3n de<strong>&nbsp;mayor aumento<\/strong>&nbsp;en el mes fue&nbsp;<strong>Bienes y servicios varios<\/strong>&nbsp;(44,4%), producto del incremento en art\u00edculos de cuidado personal. Le siguieron&nbsp;<strong>Transporte<\/strong>&nbsp;(26,3%) \u2013por las subas en transporte p\u00fablico y el arrastre del aumento de combustibles\u2013 y&nbsp;<strong>Comunicaci\u00f3n<\/strong>&nbsp;(25,1%), por el alza en servicios telef\u00f3nicos y de internet\u201d, detalla el informe.<\/p>\n\n\n\n<p>La divisi\u00f3n con&nbsp;<strong>mayor incidencia&nbsp;<\/strong>en todas las regiones fue&nbsp;<strong>Alimentos y bebidas no alcoh\u00f3licas<\/strong>&nbsp;(20,4%). Al interior de la divisi\u00f3n se destacan las subas de<strong>&nbsp;Carnes&nbsp;<\/strong>y derivados y&nbsp;<strong>Pan<\/strong>&nbsp;y cereales, tal como se registr\u00f3 en la medici\u00f3n de diciembre del 2023.<\/p>\n\n\n\n<p>Asimismo, los rubros que registraron las&nbsp;<strong>menores variaciones<\/strong>&nbsp;en enero fueron<strong>&nbsp;Prendas de vestir y calzado&nbsp;<\/strong>(11,9%) y&nbsp;<strong>Educaci\u00f3n<\/strong>&nbsp;(0,9%). A nivel de las categor\u00edas, Regulados (26,6%) lider\u00f3 el aumento seguida por el IPC N\u00facleo (20,2%), mientras que Estacionales registr\u00f3 un incremento de 16,2%.<\/p>\n\n\n\n<figure class=\"wp-block-image size-large\"><img decoding=\"async\" width=\"1024\" height=\"617\" src=\"https:\/\/esreviral.com\/wp-content\/uploads\/2024\/02\/AnyConv.com__7URKIL25TJD2FAFHFCCKOCVU7I-1024x617.webp\" alt=\"\" class=\"wp-image-49264\" srcset=\"https:\/\/esreviral.com\/wp-content\/uploads\/2024\/02\/AnyConv.com__7URKIL25TJD2FAFHFCCKOCVU7I-1024x617.webp 1024w, https:\/\/esreviral.com\/wp-content\/uploads\/2024\/02\/AnyConv.com__7URKIL25TJD2FAFHFCCKOCVU7I-300x181.webp 300w, https:\/\/esreviral.com\/wp-content\/uploads\/2024\/02\/AnyConv.com__7URKIL25TJD2FAFHFCCKOCVU7I-768x462.webp 768w, https:\/\/esreviral.com\/wp-content\/uploads\/2024\/02\/AnyConv.com__7URKIL25TJD2FAFHFCCKOCVU7I-750x452.webp 750w, https:\/\/esreviral.com\/wp-content\/uploads\/2024\/02\/AnyConv.com__7URKIL25TJD2FAFHFCCKOCVU7I-1140x686.webp 1140w, https:\/\/esreviral.com\/wp-content\/uploads\/2024\/02\/AnyConv.com__7URKIL25TJD2FAFHFCCKOCVU7I.webp 1440w\" sizes=\"(max-width: 1024px) 100vw, 1024px\" \/><\/figure>\n\n\n\n<p>Si la comparaci\u00f3n se realiza en t\u00e9rminos geogr\u00e1ficos, la inflaci\u00f3n de enero mostr\u00f3 algunas diferencias por zona:<\/p>\n\n\n\n<ul class=\"wp-block-list\">\n<li>En la&nbsp;<strong>Patagonia&nbsp;<\/strong>el \u00edndice fue de 24,2%;<\/li>\n\n\n\n<li>En&nbsp;<strong>Cuyo<\/strong>, la inflaci\u00f3n fue de 22,3%;<\/li>\n\n\n\n<li>En el&nbsp;<strong>Noroeste<\/strong>, el \u00edndice de precios lleg\u00f3 al 21,7%;<\/li>\n\n\n\n<li>La regi\u00f3n&nbsp;<strong>Pampeana&nbsp;<\/strong>registr\u00f3 una cifra de 21,2%;<\/li>\n\n\n\n<li><strong>Gran Buenos Aires<\/strong>&nbsp;tuvo un aumento de 19,6%;<\/li>\n\n\n\n<li>En el&nbsp;<strong>Noreste&nbsp;<\/strong>el IPC lleg\u00f3 al 19,5%.<\/li>\n<\/ul>\n\n\n\n<figure class=\"wp-block-image size-large\"><img decoding=\"async\" width=\"1024\" height=\"576\" src=\"https:\/\/esreviral.com\/wp-content\/uploads\/2024\/02\/AnyConv.com__Y6B7ETID7FA4JDRVQK7AWZZUB4-1024x576.webp\" alt=\"\" class=\"wp-image-49270\" srcset=\"https:\/\/esreviral.com\/wp-content\/uploads\/2024\/02\/AnyConv.com__Y6B7ETID7FA4JDRVQK7AWZZUB4-1024x576.webp 1024w, https:\/\/esreviral.com\/wp-content\/uploads\/2024\/02\/AnyConv.com__Y6B7ETID7FA4JDRVQK7AWZZUB4-300x169.webp 300w, https:\/\/esreviral.com\/wp-content\/uploads\/2024\/02\/AnyConv.com__Y6B7ETID7FA4JDRVQK7AWZZUB4-768x432.webp 768w, https:\/\/esreviral.com\/wp-content\/uploads\/2024\/02\/AnyConv.com__Y6B7ETID7FA4JDRVQK7AWZZUB4-750x422.webp 750w, https:\/\/esreviral.com\/wp-content\/uploads\/2024\/02\/AnyConv.com__Y6B7ETID7FA4JDRVQK7AWZZUB4-1140x641.webp 1140w, https:\/\/esreviral.com\/wp-content\/uploads\/2024\/02\/AnyConv.com__Y6B7ETID7FA4JDRVQK7AWZZUB4.webp 1440w\" sizes=\"(max-width: 1024px) 100vw, 1024px\" \/><\/figure>\n\n\n\n<p><\/p>\n\n\n\n<p><strong><mark style=\"background-color:rgba(0, 0, 0, 0)\" class=\"has-inline-color has-vivid-red-color\">Inflaci\u00f3n en enero: cu\u00e1les fueron los sectores que m\u00e1s aumentaron<\/mark><\/strong><\/p>\n\n\n\n<p>Las divisiones que m\u00e1s subieron en el primer mes de 2024 fueron:<\/p>\n\n\n\n<ul class=\"wp-block-list\">\n<li>Bienes y servicios:&nbsp;<strong>44,4%<\/strong><\/li>\n\n\n\n<li>Transporte:&nbsp;<strong>26,3%<\/strong><\/li>\n\n\n\n<li>Comunicaci\u00f3n:&nbsp;<strong>25,1%<\/strong><\/li>\n\n\n\n<li>Recreaci\u00f3n:<strong>&nbsp;24%<\/strong><\/li>\n\n\n\n<li>Equipamiento y mantenimiento del Hogar:<strong>&nbsp;22,3%<\/strong><\/li>\n\n\n\n<li>Bebidas alcoh\u00f3licas y tabaco:&nbsp;<strong>21%<\/strong><\/li>\n\n\n\n<li>Salud:&nbsp;<strong>20,05%<\/strong><\/li>\n\n\n\n<li>Alimentos y bebidas no alcoh\u00f3licas:&nbsp;<strong>20,4%<\/strong><\/li>\n\n\n\n<li>Restaurantes y hoteles:&nbsp;<strong>19,4%<\/strong><\/li>\n\n\n\n<li>Vivienda, agua, electricidad, gas y otros combustibles:&nbsp;<strong>14%<\/strong><\/li>\n\n\n\n<li>Educaci\u00f3n:&nbsp;<strong>0,9%<\/strong>.<\/li>\n<\/ul>\n\n\n\n<p class=\"has-text-align-right\"><strong><em>TN.-<\/em><\/strong><\/p>\n","protected":false},"excerpt":{"rendered":"<p>El INDEC inform\u00f3 el primer dato de 2024, que mostr\u00f3 una desaceleraci\u00f3n con respecto a la cifra r\u00e9cord de diciembre. El Gobierno hab\u00eda anticipado un dato de alrededor de 20%.<\/p>\n","protected":false},"author":3,"featured_media":49266,"comment_status":"open","ping_status":"open","sticky":false,"template":"","format":"standard","meta":{"jnews-multi-image_gallery":[],"jnews_single_post":{"subtitle":"","format":"standard","video":"","gallery":"","source_name":"","source_url":"","via_name":"","via_url":"","override_template":"0","override":[{"template":"4","single_blog_custom":"","parallax":"1","fullscreen":"1","layout":"right-sidebar","sidebar":"default-sidebar","second_sidebar":"default-sidebar","sticky_sidebar":"1","share_position":"top","share_float_style":"share-monocrhome","show_share_counter":"1","show_view_counter":"1","show_featured":"1","show_post_meta":"1","show_post_author":"1","show_post_author_image":"1","show_post_date":"1","post_date_format":"default","post_date_format_custom":"Y\/m\/d","show_post_category":"1","show_post_reading_time":"1","post_reading_time_wpm":"300","show_zoom_button":"1","zoom_button_out_step":"2","zoom_button_in_step":"3","show_post_tag":"1","show_prev_next_post":"1","show_popup_post":"1","number_popup_post":"1","show_author_box":"1","show_post_related":"1","show_inline_post_related":"0"}],"override_image_size":"0","image_override":[{"single_post_thumbnail_size":"crop-500","single_post_gallery_size":"crop-500"}],"trending_post":"0","trending_post_position":"meta","trending_post_label":"Trending","sponsored_post":"0","sponsored_post_label":"Sponsored by","sponsored_post_name":"","sponsored_post_url":"","sponsored_post_logo_enable":"0","sponsored_post_logo":"","sponsored_post_desc":"","disable_ad":"0"},"jnews_primary_category":{"id":"","hide":""},"jnews_social_meta":{"fb_title":"","fb_description":"","fb_image":"","twitter_title":"","twitter_description":"","twitter_image":""},"jnews_review":[],"enable_review":"0","type":"percentage","name":"","summary":"","brand":"","sku":"","good":[{"good_text":""}],"bad":[{"bad_text":""}],"score_override":"","override_value":"","rating":[{"rating_text":"","rating_number":"10"}],"price":[{"shop":"","price":"","link":"","icon":""}],"jnews_override_counter":{"override_view_counter":"0","view_counter_number":"0","override_share_counter":"0","share_counter_number":"0","override_like_counter":"0","like_counter_number":"0","override_dislike_counter":"0","dislike_counter_number":"0"},"jnews_post_split":{"enable_post_split":"0","post_split":[{"template":"1","tag":"h2","numbering":"asc","mode":"normal","first":"0","enable_toc":"0","toc_type":"normal"}]},"footnotes":""},"categories":[58,61],"tags":[44,62,268,13646,45],"class_list":["post-49263","post","type-post","status-publish","format-standard","has-post-thumbnail","hentry","category-argentina","category-economia","tag-argentina","tag-economia","tag-inflacion","tag-inflacion-argentina","tag-noticias"],"amp_enabled":true,"_links":{"self":[{"href":"https:\/\/esreviral.com\/index.php?rest_route=\/wp\/v2\/posts\/49263"}],"collection":[{"href":"https:\/\/esreviral.com\/index.php?rest_route=\/wp\/v2\/posts"}],"about":[{"href":"https:\/\/esreviral.com\/index.php?rest_route=\/wp\/v2\/types\/post"}],"author":[{"embeddable":true,"href":"https:\/\/esreviral.com\/index.php?rest_route=\/wp\/v2\/users\/3"}],"replies":[{"embeddable":true,"href":"https:\/\/esreviral.com\/index.php?rest_route=%2Fwp%2Fv2%2Fcomments&post=49263"}],"version-history":[{"count":0,"href":"https:\/\/esreviral.com\/index.php?rest_route=\/wp\/v2\/posts\/49263\/revisions"}],"wp:featuredmedia":[{"embeddable":true,"href":"https:\/\/esreviral.com\/index.php?rest_route=\/wp\/v2\/media\/49266"}],"wp:attachment":[{"href":"https:\/\/esreviral.com\/index.php?rest_route=%2Fwp%2Fv2%2Fmedia&parent=49263"}],"wp:term":[{"taxonomy":"category","embeddable":true,"href":"https:\/\/esreviral.com\/index.php?rest_route=%2Fwp%2Fv2%2Fcategories&post=49263"},{"taxonomy":"post_tag","embeddable":true,"href":"https:\/\/esreviral.com\/index.php?rest_route=%2Fwp%2Fv2%2Ftags&post=49263"}],"curies":[{"name":"wp","href":"https:\/\/api.w.org\/{rel}","templated":true}]}}