{"id":49254,"date":"2024-02-14T14:16:15","date_gmt":"2024-02-14T19:16:15","guid":{"rendered":"https:\/\/esreviral.com\/?p=49254"},"modified":"2024-02-14T14:16:15","modified_gmt":"2024-02-14T19:16:15","slug":"seis-jovenes-coralistas-de-el-sistema-llegan-al-world-youth-choir","status":"publish","type":"post","link":"https:\/\/esreviral.com\/?p=49254","title":{"rendered":"Seis j\u00f3venes coralistas de El Sistema llegan al World Youth Choir"},"content":{"rendered":"\n<p>Cada a\u00f1o, 100 j\u00f3venes provenientes de todo el mundo se re\u00fanen en el<strong> World Youth Choir<\/strong> (<strong>WYC)<\/strong>. Durante tres semanas, participan en talleres, clases y ensayos intensivos que finalizan con una gira de conciertos. Este a\u00f1o, y tras un estricto proceso de audiciones, seis j\u00f3venes coralistas de El Sistema fueron seleccionados para participar en el encuentro, que se realizar\u00e1 en Weikersheim, Alemania, del 18 de agosto al 8 de septiembre, con conciertos tanto en Alemania como en Pa\u00edses Bajos e Italia.<\/p>\n\n\n\n<p>Merly Mart\u00ednez, Robysell Gonz\u00e1lez, \u00c1ngel Lizarazo, Jos\u00e9 Francisco Berm\u00fadez, Francisco Bourgeois y Raimer Gil se unir\u00e1n a participantes provenientes de Islandia, Polonia, Taiw\u00e1n, Canad\u00e1 y M\u00e9xico, entre otros. Juntos interpretar\u00e1n la 9\u00b0 Sinfon\u00eda de Ludwig van Beethoven y la obra en estreno Nine &#8211; Ode to Compassion de Tan Dun, quien tambi\u00e9n dirigir\u00e1 los conciertos junto con el maestro alem\u00e1n J\u00f6rn Hinnerk Andresen.<\/p>\n\n\n<div class=\"wp-block-image\">\n<figure class=\"aligncenter size-large\"><img fetchpriority=\"high\" decoding=\"async\" width=\"763\" height=\"1024\" src=\"https:\/\/esreviral.com\/wp-content\/uploads\/2024\/02\/AnyConv.com__unnamed-6-763x1024.webp\" alt=\"\" class=\"wp-image-49260\" srcset=\"https:\/\/esreviral.com\/wp-content\/uploads\/2024\/02\/AnyConv.com__unnamed-6-763x1024.webp 763w, https:\/\/esreviral.com\/wp-content\/uploads\/2024\/02\/AnyConv.com__unnamed-6-224x300.webp 224w, https:\/\/esreviral.com\/wp-content\/uploads\/2024\/02\/AnyConv.com__unnamed-6-768x1031.webp 768w, https:\/\/esreviral.com\/wp-content\/uploads\/2024\/02\/AnyConv.com__unnamed-6-1145x1536.webp 1145w, https:\/\/esreviral.com\/wp-content\/uploads\/2024\/02\/AnyConv.com__unnamed-6-750x1006.webp 750w, https:\/\/esreviral.com\/wp-content\/uploads\/2024\/02\/AnyConv.com__unnamed-6-1140x1530.webp 1140w, https:\/\/esreviral.com\/wp-content\/uploads\/2024\/02\/AnyConv.com__unnamed-6.webp 1448w\" sizes=\"(max-width: 763px) 100vw, 763px\" \/><\/figure><\/div>\n\n\n<p>Raimer Gil fue seleccionado como jefe de cuerda de los tenores del WYC. Integrante de la Coral Nacional Sim\u00f3n Bol\u00edvar, fue formado en el coro juvenil de la Orquesta Sinf\u00f3nica de Nirg\u00fca, en el estado Yaracuy. Es la tercera vez que es convocado para este encuentro y habla con emoci\u00f3n de su experiencia.<\/p>\n\n\n\n<p>\u201cMe hizo conectar con la m\u00fasica de una manera a\u00fan m\u00e1s real y sincera. Es un ambiente lleno de arte, compa\u00f1erismo y un gran nivel musical. Este a\u00f1o estoy muy feliz de asistir como jefe de cuerda de los tenores y llevar ese mismo esp\u00edritu y nivel musical, como exalumno de esa maravillosa agrupaci\u00f3n, y compartirla con mis colegas venezolanos\u201d, dice.<\/p>\n\n\n<div class=\"wp-block-image\">\n<figure class=\"aligncenter size-large\"><img decoding=\"async\" width=\"1024\" height=\"682\" src=\"https:\/\/esreviral.com\/wp-content\/uploads\/2024\/02\/AnyConv.com__unnamed-32-1024x682.webp\" alt=\"\" class=\"wp-image-49256\" srcset=\"https:\/\/esreviral.com\/wp-content\/uploads\/2024\/02\/AnyConv.com__unnamed-32-1024x682.webp 1024w, https:\/\/esreviral.com\/wp-content\/uploads\/2024\/02\/AnyConv.com__unnamed-32-300x200.webp 300w, https:\/\/esreviral.com\/wp-content\/uploads\/2024\/02\/AnyConv.com__unnamed-32-768x512.webp 768w, https:\/\/esreviral.com\/wp-content\/uploads\/2024\/02\/AnyConv.com__unnamed-32-1536x1023.webp 1536w, https:\/\/esreviral.com\/wp-content\/uploads\/2024\/02\/AnyConv.com__unnamed-32-750x500.webp 750w, https:\/\/esreviral.com\/wp-content\/uploads\/2024\/02\/AnyConv.com__unnamed-32-1140x760.webp 1140w, https:\/\/esreviral.com\/wp-content\/uploads\/2024\/02\/AnyConv.com__unnamed-32.webp 1600w\" sizes=\"(max-width: 1024px) 100vw, 1024px\" \/><\/figure><\/div>\n\n\n<p>\u201cSi hay algo cierto es que, todo con esfuerzo se logra, ense\u00f1anza que el Maestro Abreu dej\u00f3 sembrada en cada recoveco, sede, n\u00facleo y sal\u00f3n de El Sistema, una filosof\u00eda de la cual me he impregnado\u201d, dice \u00c1ngel Lizarazo, quien estar\u00e1 en la secci\u00f3n de tenores. Lizarazo es coralista de la Coral Nacional Sim\u00f3n Bol\u00edvar y de la Camerata de Caracas. Espera, adem\u00e1s, poder adquirir conocimientos para compartirlos con sus compa\u00f1eros de las agrupaciones que integra.<\/p>\n\n\n\n<p>Merly Mart\u00ednez estar\u00e1 en la fila de altos. Es formadora del n\u00facleo Tama del estado T\u00e1chira, codirectora del Coro Sinf\u00f3nico Juvenil del T\u00e1chira y docente de Pr\u00e1ctica Coral del Conservatorio Sim\u00f3n Bol\u00edvar. \u201cMe llena el coraz\u00f3n de felicidad y, al mismo tiempo, de una responsabilidad enorme, ya que es un evento muy importante. El World Youth Choir se ha mantenido como una organizaci\u00f3n sumamente profesional y de excelencia musical. Espero aprender enormemente de la mano de los mejores talentos a nivel mundial, conocer nuevas culturas y claro, dar a conocer el talento de mi pa\u00eds\u201d, explica.<\/p>\n\n\n<div class=\"wp-block-image\">\n<figure class=\"aligncenter size-large\"><img decoding=\"async\" width=\"768\" height=\"1024\" src=\"https:\/\/esreviral.com\/wp-content\/uploads\/2024\/02\/AnyConv.com__unnamed-34-768x1024.webp\" alt=\"\" class=\"wp-image-49261\" srcset=\"https:\/\/esreviral.com\/wp-content\/uploads\/2024\/02\/AnyConv.com__unnamed-34-768x1024.webp 768w, https:\/\/esreviral.com\/wp-content\/uploads\/2024\/02\/AnyConv.com__unnamed-34-225x300.webp 225w, https:\/\/esreviral.com\/wp-content\/uploads\/2024\/02\/AnyConv.com__unnamed-34-1152x1536.webp 1152w, https:\/\/esreviral.com\/wp-content\/uploads\/2024\/02\/AnyConv.com__unnamed-34-750x1000.webp 750w, https:\/\/esreviral.com\/wp-content\/uploads\/2024\/02\/AnyConv.com__unnamed-34-1140x1520.webp 1140w, https:\/\/esreviral.com\/wp-content\/uploads\/2024\/02\/AnyConv.com__unnamed-34.webp 1200w\" sizes=\"(max-width: 768px) 100vw, 768px\" \/><\/figure><\/div>\n\n\n<p>Jos\u00e9 Francisco Berm\u00fadez es cantante l\u00edrico y coralista, formado en las filas de los Ni\u00f1os Cantores de Maracay y el Coro Sinf\u00f3nico Regional Juvenil del estado Aragua. Para \u00e9l, haber sido seleccionado para integrar la secci\u00f3n de tenores es una firme demostraci\u00f3n de lo que se puede alcanzar con estudio, dedicaci\u00f3n y disciplina. Espera superar sus l\u00edmites, retarse y, sobre todo, aprender. Berm\u00fadez \u201cMis expectativas son encontrarme en un entorno de integraci\u00f3n multicultural, donde podamos compartir el amor por la m\u00fasica, que es el idioma que nos conecta a todos\u201d, agrega.<\/p>\n\n\n<div class=\"wp-block-image\">\n<figure class=\"aligncenter size-large\"><img loading=\"lazy\" decoding=\"async\" width=\"797\" height=\"1024\" src=\"https:\/\/esreviral.com\/wp-content\/uploads\/2024\/02\/AnyConv.com__unnamed-5-797x1024.webp\" alt=\"\" class=\"wp-image-49257\" srcset=\"https:\/\/esreviral.com\/wp-content\/uploads\/2024\/02\/AnyConv.com__unnamed-5-797x1024.webp 797w, https:\/\/esreviral.com\/wp-content\/uploads\/2024\/02\/AnyConv.com__unnamed-5-233x300.webp 233w, https:\/\/esreviral.com\/wp-content\/uploads\/2024\/02\/AnyConv.com__unnamed-5-768x987.webp 768w, https:\/\/esreviral.com\/wp-content\/uploads\/2024\/02\/AnyConv.com__unnamed-5-750x964.webp 750w, https:\/\/esreviral.com\/wp-content\/uploads\/2024\/02\/AnyConv.com__unnamed-5.webp 1063w\" sizes=\"(max-width: 797px) 100vw, 797px\" \/><\/figure><\/div>\n\n\n<p>\u201cEs una manera de honrar a todos mis maestros, compa\u00f1eros, familiares y amigos, que me han acompa\u00f1ado durante mi formaci\u00f3n musical\u201d, dice Robysell Gonz\u00e1lez, quien es formadora en la c\u00e1tedra de Campanas del n\u00facleo Yaritag\u00fca, en Yaracuy, y tambi\u00e9n es coralista del Coro Manos Blancas del n\u00facleo de Barquisimeto, en Lara. Gonz\u00e1lez formar\u00e1 parte de la fila de altos del World Youth Choir. Para ella, es motivo de orgullo poder mostrarle al mundo el nivel musical de Venezuela.<\/p>\n\n\n\n<p>Finalmente, para Francisco Burgois es un honor poder representar a Venezuela. Es formador del n\u00facleo Arsenal del estado Aragua, director del programa coral y profesor de viol\u00edn. Tambi\u00e9n es integrante de la \u00d3pera del Teatro Teresa Carre\u00f1o y de la Camerata de Caracas. \u201cEs el sue\u00f1o de tantos coralistas\u201d, agrega y espera que estas oportunidades contin\u00faen abri\u00e9ndose para todos aquellos que, como \u00e9l, se plantearon como meta participar en el WYC, en el que integrar\u00e1 la fila de bajos.<\/p>\n\n\n\n<p>El World Youth Choir es un ensamble que re\u00fane a muchos de los mejores j\u00f3venes coralistas del planeta. Desde su fundaci\u00f3n, en 1989, ha convocado a m\u00e1s de 1.000 j\u00f3venes de entre 17 y 26 a\u00f1os de edad, para sesiones acad\u00e9micas y giras de conciertos. La experiencia es un intercambio cultural enriquecedor en el que, durante las \u00faltimas 17 ediciones la participaci\u00f3n venezolana -y en especial de integrantes de El Sistema- ha sido constante.<\/p>\n\n\n<div class=\"wp-block-image\">\n<figure class=\"aligncenter size-large\"><img loading=\"lazy\" decoding=\"async\" width=\"804\" height=\"1024\" src=\"https:\/\/esreviral.com\/wp-content\/uploads\/2024\/02\/AnyConv.com__unnamed-4-1-804x1024.webp\" alt=\"\" class=\"wp-image-49258\" srcset=\"https:\/\/esreviral.com\/wp-content\/uploads\/2024\/02\/AnyConv.com__unnamed-4-1-804x1024.webp 804w, https:\/\/esreviral.com\/wp-content\/uploads\/2024\/02\/AnyConv.com__unnamed-4-1-236x300.webp 236w, https:\/\/esreviral.com\/wp-content\/uploads\/2024\/02\/AnyConv.com__unnamed-4-1-768x978.webp 768w, https:\/\/esreviral.com\/wp-content\/uploads\/2024\/02\/AnyConv.com__unnamed-4-1-750x955.webp 750w, https:\/\/esreviral.com\/wp-content\/uploads\/2024\/02\/AnyConv.com__unnamed-4-1.webp 960w\" sizes=\"(max-width: 804px) 100vw, 804px\" \/><\/figure><\/div>\n\n\n<p>Dejar el nombre de Venezuela en alto en encuentros musicales de talla internacional, como el World Youth Choir, forma parte importante de la misi\u00f3n del Sistema Nacional de Orquestas y Coros Juveniles e Infantiles de Venezuela.<\/p>\n\n\n<div class=\"wp-block-image\">\n<figure class=\"aligncenter size-large\"><img loading=\"lazy\" decoding=\"async\" width=\"819\" height=\"1024\" src=\"https:\/\/esreviral.com\/wp-content\/uploads\/2024\/02\/AnyConv.com__unnamed-33-819x1024.webp\" alt=\"\" class=\"wp-image-49259\" srcset=\"https:\/\/esreviral.com\/wp-content\/uploads\/2024\/02\/AnyConv.com__unnamed-33-819x1024.webp 819w, https:\/\/esreviral.com\/wp-content\/uploads\/2024\/02\/AnyConv.com__unnamed-33-240x300.webp 240w, https:\/\/esreviral.com\/wp-content\/uploads\/2024\/02\/AnyConv.com__unnamed-33-768x960.webp 768w, https:\/\/esreviral.com\/wp-content\/uploads\/2024\/02\/AnyConv.com__unnamed-33-750x938.webp 750w, https:\/\/esreviral.com\/wp-content\/uploads\/2024\/02\/AnyConv.com__unnamed-33.webp 1024w\" sizes=\"(max-width: 819px) 100vw, 819px\" \/><\/figure><\/div>\n\n\n<p class=\"has-text-align-right\"><strong><em>Prensa El Sistema.-<\/em><\/strong><\/p>\n","protected":false},"excerpt":{"rendered":"<p>Merly Mart\u00ednez, Robysell Gonz\u00e1lez, \u00c1ngel Lizarazo, Jos\u00e9 Francisco Berm\u00fadez, Francisco Bourgeois y Raimer Gil fueron seleccionados tras un proceso de competitivas audiciones<\/p>\n","protected":false},"author":3,"featured_media":49255,"comment_status":"open","ping_status":"open","sticky":false,"template":"","format":"standard","meta":{"jnews-multi-image_gallery":[],"jnews_single_post":{"subtitle":"","format":"standard","video":"","gallery":"","source_name":"","source_url":"","via_name":"","via_url":"","override_template":"0","override":[{"template":"4","single_blog_custom":"","parallax":"1","fullscreen":"1","layout":"right-sidebar","sidebar":"default-sidebar","second_sidebar":"default-sidebar","sticky_sidebar":"1","share_position":"top","share_float_style":"share-monocrhome","show_share_counter":"1","show_view_counter":"1","show_featured":"1","show_post_meta":"1","show_post_author":"1","show_post_author_image":"1","show_post_date":"1","post_date_format":"default","post_date_format_custom":"Y\/m\/d","show_post_category":"1","show_post_reading_time":"1","post_reading_time_wpm":"300","show_zoom_button":"1","zoom_button_out_step":"2","zoom_button_in_step":"3","show_post_tag":"1","show_prev_next_post":"1","show_popup_post":"1","number_popup_post":"1","show_author_box":"1","show_post_related":"1","show_inline_post_related":"0"}],"override_image_size":"0","image_override":[{"single_post_thumbnail_size":"crop-500","single_post_gallery_size":"crop-500"}],"trending_post":"0","trending_post_position":"meta","trending_post_label":"Trending","sponsored_post":"0","sponsored_post_label":"Sponsored by","sponsored_post_name":"","sponsored_post_url":"","sponsored_post_logo_enable":"0","sponsored_post_logo":"","sponsored_post_desc":"","disable_ad":"0"},"jnews_primary_category":{"id":"","hide":""},"jnews_social_meta":{"fb_title":"","fb_description":"","fb_image":"","twitter_title":"","twitter_description":"","twitter_image":""},"jnews_review":[],"enable_review":"0","type":"percentage","name":"","summary":"","brand":"","sku":"","good":[{"good_text":""}],"bad":[{"bad_text":""}],"score_override":"","override_value":"","rating":[{"rating_text":"","rating_number":"10"}],"price":[{"shop":"","price":"","link":"","icon":""}],"jnews_override_counter":{"override_view_counter":"0","view_counter_number":"0","override_share_counter":"0","share_counter_number":"0","override_like_counter":"0","like_counter_number":"0","override_dislike_counter":"0","dislike_counter_number":"0"},"jnews_post_split":{"enable_post_split":"0","post_split":[{"template":"1","tag":"h2","numbering":"asc","mode":"normal","first":"0","enable_toc":"0","toc_type":"normal"}]},"footnotes":""},"categories":[1142],"tags":[13645,5565,45,56,13643,13644],"class_list":["post-49254","post","type-post","status-publish","format-standard","has-post-thumbnail","hentry","category-musica","tag-coralistas","tag-el-sistema","tag-noticias","tag-venezuela","tag-world-youth-choir","tag-wyc"],"amp_enabled":true,"_links":{"self":[{"href":"https:\/\/esreviral.com\/index.php?rest_route=\/wp\/v2\/posts\/49254"}],"collection":[{"href":"https:\/\/esreviral.com\/index.php?rest_route=\/wp\/v2\/posts"}],"about":[{"href":"https:\/\/esreviral.com\/index.php?rest_route=\/wp\/v2\/types\/post"}],"author":[{"embeddable":true,"href":"https:\/\/esreviral.com\/index.php?rest_route=\/wp\/v2\/users\/3"}],"replies":[{"embeddable":true,"href":"https:\/\/esreviral.com\/index.php?rest_route=%2Fwp%2Fv2%2Fcomments&post=49254"}],"version-history":[{"count":0,"href":"https:\/\/esreviral.com\/index.php?rest_route=\/wp\/v2\/posts\/49254\/revisions"}],"wp:featuredmedia":[{"embeddable":true,"href":"https:\/\/esreviral.com\/index.php?rest_route=\/wp\/v2\/media\/49255"}],"wp:attachment":[{"href":"https:\/\/esreviral.com\/index.php?rest_route=%2Fwp%2Fv2%2Fmedia&parent=49254"}],"wp:term":[{"taxonomy":"category","embeddable":true,"href":"https:\/\/esreviral.com\/index.php?rest_route=%2Fwp%2Fv2%2Fcategories&post=49254"},{"taxonomy":"post_tag","embeddable":true,"href":"https:\/\/esreviral.com\/index.php?rest_route=%2Fwp%2Fv2%2Ftags&post=49254"}],"curies":[{"name":"wp","href":"https:\/\/api.w.org\/{rel}","templated":true}]}}