{"id":49239,"date":"2024-02-14T10:58:42","date_gmt":"2024-02-14T15:58:42","guid":{"rendered":"https:\/\/esreviral.com\/?p=49239"},"modified":"2024-02-14T10:58:43","modified_gmt":"2024-02-14T15:58:43","slug":"encontraron-el-cuerpo-del-joven-perdido-en-el-mar-en-monte-hermoso","status":"publish","type":"post","link":"https:\/\/esreviral.com\/?p=49239","title":{"rendered":"Encontraron el cuerpo del joven perdido en el mar\u00a0en Monte Hermoso\u00a0"},"content":{"rendered":"\n<p>Tras tres d\u00edas de intensa b\u00fasqueda, efectivos de la polic\u00eda bonaerense encontraron<strong>\u00a0el cuerpo del joven que se meti\u00f3 al mar en Monte Hermoso y no logr\u00f3 salir<\/strong>. Los restos del joven, identificado como Axel Malvar, oriundo de Bah\u00eda Blanca, fueron encontrados en un sector de la costa del balneario bonaerense.<\/p>\n\n\n\n<p>El joven fue hallado a primeras horas del mi\u00e9rcoles, en un sector del camping Americano, sobre la zona denominada Las Huellas, inform\u00f3 el secretario de Seguridad de la comuna, Fernando Vera al medio informativo de<em>T\u00e9lam<\/em>.<\/p>\n\n\n\n<p>Desde el lunes pasado el operativo de b\u00fasqueda lo llevaban adelante integrantes de la polic\u00eda bonaerense, junto con personal de bomberos voluntarios.&nbsp;<strong>\u00abEl cuerpo del joven ser\u00e1 trasladado a la morgue judicial en el marco de la causa que lleva adelante la Unidad Fiscal 20 del Departamento Judicial de Bah\u00eda Blanca\u00bb<\/strong>, a\u00f1adieron fuentes.<\/p>\n\n\n\n<p>Axel Malvar junto a sus cuatro amigos, ingresaron al mar justo en un momento de sudestada muy fuerte, por lo que todos decidieron salir del agua. Sin embargo, el joven no logr\u00f3 hacerlo. Inmediatamente, se inici\u00f3 un operativo de b\u00fasqueda que cont\u00f3 con la participaci\u00f3n del cuerpo de guardavidas, integrantes de la Prefectura Naval Argentina (PNA), entre otros.<\/p>\n\n\n\n<p>\u00abCuando el joven ingres\u00f3 al mar ayer, a las 6 de la ma\u00f1ana, la sudestada era muy importante, era pleamar y hab\u00eda mucho viento. No hab\u00eda playa pr\u00e1cticamente, por lo tanto, los canales son mucho m\u00e1s riesgosos y no son visibles\u00bb, hab\u00eda expresado Vera a la prensa local.<\/p>\n\n\n\n<p class=\"has-text-align-right\"><strong><em>c5n.com.-<\/em><\/strong><\/p>\n","protected":false},"excerpt":{"rendered":"<p>Axel Malvar (21) era buscado desde el lunes, cuando entr\u00f3 al agua en medio de un fuerte oleaje.<\/p>\n","protected":false},"author":3,"featured_media":49240,"comment_status":"open","ping_status":"open","sticky":false,"template":"","format":"standard","meta":{"jnews-multi-image_gallery":[],"jnews_single_post":{"subtitle":"","format":"standard","video":"","gallery":"","source_name":"","source_url":"","via_name":"","via_url":"","override_template":"0","override":[{"template":"4","single_blog_custom":"","parallax":"1","fullscreen":"1","layout":"right-sidebar","sidebar":"default-sidebar","second_sidebar":"default-sidebar","sticky_sidebar":"1","share_position":"top","share_float_style":"share-monocrhome","show_share_counter":"1","show_view_counter":"1","show_featured":"1","show_post_meta":"1","show_post_author":"1","show_post_author_image":"1","show_post_date":"1","post_date_format":"default","post_date_format_custom":"Y\/m\/d","show_post_category":"1","show_post_reading_time":"1","post_reading_time_wpm":"300","show_zoom_button":"1","zoom_button_out_step":"2","zoom_button_in_step":"3","show_post_tag":"1","show_prev_next_post":"1","show_popup_post":"1","number_popup_post":"1","show_author_box":"1","show_post_related":"1","show_inline_post_related":"0"}],"override_image_size":"0","image_override":[{"single_post_thumbnail_size":"crop-500","single_post_gallery_size":"crop-500"}],"trending_post":"0","trending_post_position":"meta","trending_post_label":"Trending","sponsored_post":"0","sponsored_post_label":"Sponsored by","sponsored_post_name":"","sponsored_post_url":"","sponsored_post_logo_enable":"0","sponsored_post_logo":"","sponsored_post_desc":"","disable_ad":"0"},"jnews_primary_category":{"id":"","hide":""},"jnews_social_meta":{"fb_title":"","fb_description":"","fb_image":"","twitter_title":"","twitter_description":"","twitter_image":""},"jnews_review":[],"enable_review":"0","type":"percentage","name":"","summary":"","brand":"","sku":"","good":[{"good_text":""}],"bad":[{"bad_text":""}],"score_override":"","override_value":"","rating":[{"rating_text":"","rating_number":"10"}],"price":[{"shop":"","price":"","link":"","icon":""}],"jnews_override_counter":{"override_view_counter":"0","view_counter_number":"0","override_share_counter":"0","share_counter_number":"0","override_like_counter":"0","like_counter_number":"0","override_dislike_counter":"0","dislike_counter_number":"0"},"jnews_post_split":{"enable_post_split":"0","post_split":[{"template":"1","tag":"h2","numbering":"asc","mode":"normal","first":"0","enable_toc":"0","toc_type":"normal"}]},"footnotes":""},"categories":[58,64],"tags":[44,11577,13640,45,13641,363],"class_list":["post-49239","post","type-post","status-publish","format-standard","has-post-thumbnail","hentry","category-argentina","category-sucesos","tag-argentina","tag-mar","tag-monte-hermoso","tag-noticias","tag-perdido-en-el-mar","tag-provincia-de-buenos-aires"],"amp_enabled":true,"_links":{"self":[{"href":"https:\/\/esreviral.com\/index.php?rest_route=\/wp\/v2\/posts\/49239"}],"collection":[{"href":"https:\/\/esreviral.com\/index.php?rest_route=\/wp\/v2\/posts"}],"about":[{"href":"https:\/\/esreviral.com\/index.php?rest_route=\/wp\/v2\/types\/post"}],"author":[{"embeddable":true,"href":"https:\/\/esreviral.com\/index.php?rest_route=\/wp\/v2\/users\/3"}],"replies":[{"embeddable":true,"href":"https:\/\/esreviral.com\/index.php?rest_route=%2Fwp%2Fv2%2Fcomments&post=49239"}],"version-history":[{"count":0,"href":"https:\/\/esreviral.com\/index.php?rest_route=\/wp\/v2\/posts\/49239\/revisions"}],"wp:featuredmedia":[{"embeddable":true,"href":"https:\/\/esreviral.com\/index.php?rest_route=\/wp\/v2\/media\/49240"}],"wp:attachment":[{"href":"https:\/\/esreviral.com\/index.php?rest_route=%2Fwp%2Fv2%2Fmedia&parent=49239"}],"wp:term":[{"taxonomy":"category","embeddable":true,"href":"https:\/\/esreviral.com\/index.php?rest_route=%2Fwp%2Fv2%2Fcategories&post=49239"},{"taxonomy":"post_tag","embeddable":true,"href":"https:\/\/esreviral.com\/index.php?rest_route=%2Fwp%2Fv2%2Ftags&post=49239"}],"curies":[{"name":"wp","href":"https:\/\/api.w.org\/{rel}","templated":true}]}}