{"id":49115,"date":"2024-02-12T10:00:51","date_gmt":"2024-02-12T15:00:51","guid":{"rendered":"https:\/\/esreviral.com\/?p=49115"},"modified":"2024-02-12T10:00:51","modified_gmt":"2024-02-12T15:00:51","slug":"un-muerto-y-tres-heridos-en-un-impactante-choque-en-la-plata-entre-dos-motos-y-un-auto","status":"publish","type":"post","link":"https:\/\/esreviral.com\/?p=49115","title":{"rendered":"Un muerto y tres heridos en un impactante choque en La Plata entre dos motos y un auto"},"content":{"rendered":"\n<p>Un impactante y tr\u00e1gico accidente ocurri\u00f3 durante esta madrugada de lunes en pleno coraz\u00f3n de La Plata, donde<strong>&nbsp;dos motos cruzaron un sem\u00e1foro en rojo<\/strong>&nbsp;y embistieron a un auto que termin\u00f3 incrustado contra una columna. Hubo un muerto y tres personas debieron ser hospitalizadas.<\/p>\n\n\n\n<p>Fuentes policiales confirmaron que<strong>&nbsp;el accidente se produjo en el cruce de las calles 7 y 49<\/strong>; alrededor de la 1,30 de este lunes. Y los protagonistas fueron un Volkswagen Suran y dos motos: una Bajaj Dominar 250cc y otra Bajaj Rouser 200 NS.<\/p>\n\n\n\n<p>Las im\u00e1genes obtenidas por las c\u00e1maras de seguridad impactan. All\u00ed se puede ver que la Suran que viene por calle 49 avanza con sem\u00e1foro en verde y las dos motos, que circulaban por calle 7, embisten al auto, que tras el impacto pierde el control y termina chocando contra una columna sobre el pasaje Dardo Rocha.<\/p>\n\n\n\n<p><strong>Una de las motos se parti\u00f3 al medio<\/strong>; mientras que la otra termin\u00f3 sobre avenida 7, cerca de un puesto de diarios y revistas.<\/p>\n\n\n\n<p>En la Rouser 200, que termin\u00f3 partida en dos, viajaba Moira Darrigan, una mujer de 31 a\u00f1os, que est\u00e1 internada en grave estado; y el conductor de 29, que fue quien muri\u00f3 en el lugar. Mientras que en la otra moto circulaban Genaro Yaniz, un joven de 19 y Martina Postigo (20), ambos de Ensenada.<\/p>\n\n\n<div class=\"wp-block-image\">\n<figure class=\"aligncenter size-full\"><img fetchpriority=\"high\" decoding=\"async\" width=\"720\" height=\"450\" src=\"https:\/\/esreviral.com\/wp-content\/uploads\/2024\/02\/AnyConv.com__a3VfPxYr6_720x0__1.webp\" alt=\"\" class=\"wp-image-49117\" srcset=\"https:\/\/esreviral.com\/wp-content\/uploads\/2024\/02\/AnyConv.com__a3VfPxYr6_720x0__1.webp 720w, https:\/\/esreviral.com\/wp-content\/uploads\/2024\/02\/AnyConv.com__a3VfPxYr6_720x0__1-300x188.webp 300w\" sizes=\"(max-width: 720px) 100vw, 720px\" \/><\/figure><\/div>\n\n\n<p>Seg\u00fan public\u00f3 el sitio 0221, la v\u00edctima fatal fue identificada como Mat\u00edas Chiusaroli y\u00a0<strong>viajaba sin casco en el momento del impacto.\u00a0<\/strong>Su cuerpo fue derivado a la morgue judicial y por estas horas, se le aplica la autopsia de rigor, que dar\u00e1 certezas acerca de su muerte.<\/p>\n\n\n\n<p>Intervino personal del SAME quien constat\u00f3 en el lugar, el fallecimiento del joven de 29 a\u00f1os; mientras que los tres heridos fueron derivados a los hospitales Guti\u00e9rrez y San Mart\u00edn. Darrigan, que iba con la v\u00edctima fatal, fue sometida una intervenci\u00f3n quir\u00fargica y el \u00faltimo parte m\u00e9dico indic\u00f3 que su estado de salud es \u00abreservado\u00bb.<\/p>\n\n\n<div class=\"wp-block-image\">\n<figure class=\"aligncenter size-full\"><img decoding=\"async\" width=\"720\" height=\"450\" src=\"https:\/\/esreviral.com\/wp-content\/uploads\/2024\/02\/AnyConv.com__-L3EwWJlx_720x0__1.webp\" alt=\"\" class=\"wp-image-49118\" srcset=\"https:\/\/esreviral.com\/wp-content\/uploads\/2024\/02\/AnyConv.com__-L3EwWJlx_720x0__1.webp 720w, https:\/\/esreviral.com\/wp-content\/uploads\/2024\/02\/AnyConv.com__-L3EwWJlx_720x0__1-300x188.webp 300w\" sizes=\"(max-width: 720px) 100vw, 720px\" \/><\/figure><\/div>\n\n\n<p>La Suran era manejada por un joven de 19 a\u00f1os, Kevin Leonel G. que no sufri\u00f3 heridas de consideraci\u00f3n y qued\u00f3 imputado por \u00abhomicidio culposo\u00bb.<\/p>\n\n\n\n<p>La causa est\u00e1 siendo llevada por la UFIJ N\u00b010, quien anticip\u00f3 que en el material f\u00edlmico se constat\u00f3 que ambas motos cruzan con el sem\u00e1foro en rojo.<\/p>\n\n\n\n<p class=\"has-text-align-right\"><strong><em>Clarin.-<\/em><\/strong><\/p>\n","protected":false},"excerpt":{"rendered":"<p>Ocurri\u00f3 durante la madrugada del lunes en 7 y 49. Tras pasar un sem\u00e1foro en rojo, dos motos embistieron a una Volkswagen Suran.<br \/>\nUna de las motos se parti\u00f3 al medio y los ocupantes volaron por el aire.<\/p>\n","protected":false},"author":3,"featured_media":49116,"comment_status":"open","ping_status":"open","sticky":false,"template":"","format":"standard","meta":{"jnews-multi-image_gallery":[],"jnews_single_post":{"subtitle":"","format":"standard","video":"","gallery":"","source_name":"","source_url":"","via_name":"","via_url":"","override_template":"0","override":[{"template":"4","single_blog_custom":"","parallax":"1","fullscreen":"1","layout":"right-sidebar","sidebar":"default-sidebar","second_sidebar":"default-sidebar","sticky_sidebar":"1","share_position":"top","share_float_style":"share-monocrhome","show_share_counter":"1","show_view_counter":"1","show_featured":"1","show_post_meta":"1","show_post_author":"1","show_post_author_image":"1","show_post_date":"1","post_date_format":"default","post_date_format_custom":"Y\/m\/d","show_post_category":"1","show_post_reading_time":"1","post_reading_time_wpm":"300","show_zoom_button":"1","zoom_button_out_step":"2","zoom_button_in_step":"3","show_post_tag":"1","show_prev_next_post":"1","show_popup_post":"1","number_popup_post":"1","show_author_box":"1","show_post_related":"1","show_inline_post_related":"0"}],"override_image_size":"0","image_override":[{"single_post_thumbnail_size":"crop-500","single_post_gallery_size":"crop-500"}],"trending_post":"0","trending_post_position":"meta","trending_post_label":"Trending","sponsored_post":"0","sponsored_post_label":"Sponsored by","sponsored_post_name":"","sponsored_post_url":"","sponsored_post_logo_enable":"0","sponsored_post_logo":"","sponsored_post_desc":"","disable_ad":"0"},"jnews_primary_category":{"id":"","hide":""},"jnews_social_meta":{"fb_title":"","fb_description":"","fb_image":"","twitter_title":"","twitter_description":"","twitter_image":""},"jnews_review":[],"enable_review":"0","type":"percentage","name":"","summary":"","brand":"","sku":"","good":[{"good_text":""}],"bad":[{"bad_text":""}],"score_override":"","override_value":"","rating":[{"rating_text":"","rating_number":"10"}],"price":[{"shop":"","price":"","link":"","icon":""}],"jnews_override_counter":{"override_view_counter":"0","view_counter_number":"0","override_share_counter":"0","share_counter_number":"0","override_like_counter":"0","like_counter_number":"0","override_dislike_counter":"0","dislike_counter_number":"0"},"jnews_post_split":{"enable_post_split":"0","post_split":[{"template":"1","tag":"h2","numbering":"asc","mode":"normal","first":"0","enable_toc":"0","toc_type":"normal"}]},"footnotes":""},"categories":[58,64],"tags":[3651,44,13615,930,45],"class_list":["post-49115","post","type-post","status-publish","format-standard","has-post-thumbnail","hentry","category-argentina","category-sucesos","tag-accidentes-de-transito","tag-argentina","tag-impactante-choque","tag-la-plata","tag-noticias"],"amp_enabled":true,"_links":{"self":[{"href":"https:\/\/esreviral.com\/index.php?rest_route=\/wp\/v2\/posts\/49115"}],"collection":[{"href":"https:\/\/esreviral.com\/index.php?rest_route=\/wp\/v2\/posts"}],"about":[{"href":"https:\/\/esreviral.com\/index.php?rest_route=\/wp\/v2\/types\/post"}],"author":[{"embeddable":true,"href":"https:\/\/esreviral.com\/index.php?rest_route=\/wp\/v2\/users\/3"}],"replies":[{"embeddable":true,"href":"https:\/\/esreviral.com\/index.php?rest_route=%2Fwp%2Fv2%2Fcomments&post=49115"}],"version-history":[{"count":0,"href":"https:\/\/esreviral.com\/index.php?rest_route=\/wp\/v2\/posts\/49115\/revisions"}],"wp:featuredmedia":[{"embeddable":true,"href":"https:\/\/esreviral.com\/index.php?rest_route=\/wp\/v2\/media\/49116"}],"wp:attachment":[{"href":"https:\/\/esreviral.com\/index.php?rest_route=%2Fwp%2Fv2%2Fmedia&parent=49115"}],"wp:term":[{"taxonomy":"category","embeddable":true,"href":"https:\/\/esreviral.com\/index.php?rest_route=%2Fwp%2Fv2%2Fcategories&post=49115"},{"taxonomy":"post_tag","embeddable":true,"href":"https:\/\/esreviral.com\/index.php?rest_route=%2Fwp%2Fv2%2Ftags&post=49115"}],"curies":[{"name":"wp","href":"https:\/\/api.w.org\/{rel}","templated":true}]}}