{"id":49111,"date":"2024-02-12T09:08:17","date_gmt":"2024-02-12T14:08:17","guid":{"rendered":"https:\/\/esreviral.com\/?p=49111"},"modified":"2024-02-12T09:08:18","modified_gmt":"2024-02-12T14:08:18","slug":"israel-libera-a-dos-rehenes-argentinos-secuestrados-por-hamas","status":"publish","type":"post","link":"https:\/\/esreviral.com\/?p=49111","title":{"rendered":"Israel libera a dos rehenes argentinos secuestrados por Ham\u00e1s"},"content":{"rendered":"\n<p>El ej\u00e9rcito israel\u00ed ha liberado a dos rehenes argentinos, Fernando Sim\u00f3n Marman y Norberto Luis Har, en una operaci\u00f3n de rescate. La maniobra, que ha estado en preparaci\u00f3n durante alg\u00fan tiempo, se llev\u00f3 a cabo con intensos bombardeos a\u00e9reos y de artiller\u00eda como distracci\u00f3n, causando al menos 67 muertes.<\/p>\n\n\n\n<p>Los liberados, ambos de doble nacionalidad argentina-israel\u00ed, se encuentran en buen estado de salud tras una revisi\u00f3n inicial en el hospital. Fueron capturados en un&nbsp; kibutz cercano a Gaza en el ataque de octubre junto con tres familiares que pudieron regresar a casa a finales de noviembre gracias a un intercambio de rehenes durante una semana de alto el fuego.<\/p>\n\n\n\n<figure class=\"wp-block-image size-large\"><img fetchpriority=\"high\" decoding=\"async\" width=\"1024\" height=\"682\" src=\"https:\/\/esreviral.com\/wp-content\/uploads\/2024\/02\/9aa5c66082b77def6f0b77d52165970b354aa945-1024x682.webp\" alt=\"\" class=\"wp-image-49113\" srcset=\"https:\/\/esreviral.com\/wp-content\/uploads\/2024\/02\/9aa5c66082b77def6f0b77d52165970b354aa945-1024x682.webp 1024w, https:\/\/esreviral.com\/wp-content\/uploads\/2024\/02\/9aa5c66082b77def6f0b77d52165970b354aa945-300x200.webp 300w, https:\/\/esreviral.com\/wp-content\/uploads\/2024\/02\/9aa5c66082b77def6f0b77d52165970b354aa945-768x512.webp 768w, https:\/\/esreviral.com\/wp-content\/uploads\/2024\/02\/9aa5c66082b77def6f0b77d52165970b354aa945-1536x1023.webp 1536w, https:\/\/esreviral.com\/wp-content\/uploads\/2024\/02\/9aa5c66082b77def6f0b77d52165970b354aa945-2048x1364.webp 2048w, https:\/\/esreviral.com\/wp-content\/uploads\/2024\/02\/9aa5c66082b77def6f0b77d52165970b354aa945-750x500.webp 750w, https:\/\/esreviral.com\/wp-content\/uploads\/2024\/02\/9aa5c66082b77def6f0b77d52165970b354aa945-1140x759.webp 1140w\" sizes=\"(max-width: 1024px) 100vw, 1024px\" \/><\/figure>\n\n\n\n<p>El ej\u00e9rcito, la agencia de seguridad y la polic\u00eda de Israel llevaron a cabo una operaci\u00f3n en Rafah para rescatar a Marman y Har. Ambos son parte de un grupo familiar que ha vivido en primera persona las acciones de Ham\u00e1s. Har es cu\u00f1ado de Fernando, ya que est\u00e1 casado con Clara Marman, otra argentina que hab\u00eda sido secuestrada pero que fue liberada en noviembre.<\/p>\n\n\n\n<p>La Presidencia argentina ha expresado su agradecimiento por la operaci\u00f3n. Javier Milei, quien recientemente visit\u00f3 Israel y mostr\u00f3 un fuerte apoyo al pa\u00eds, pidi\u00f3 la liberaci\u00f3n de todos los rehenes argentinos, que se estima son alrededor de 10.<\/p>\n\n\n\n<p>A las 3 de la ma\u00f1ana del lunes, el Ej\u00e9rcito de Israel inform\u00f3 a los familiares de Har y Marman que hab\u00edan sido rescatados. Menos de dos horas antes, un escuadr\u00f3n de soldados israel\u00edes hab\u00eda irrumpido en un departamento en Rafah, donde se encontraban Marman y Har. Seg\u00fan el vocero militar Daniel Hagari, \u00abmuchos terroristas fueron eliminados esta noche en esta acci\u00f3n\u00bb, incluyendo al menos tres en el edificio donde estaban Har y Marman.<\/p>\n\n\n\n<blockquote class=\"twitter-tweet\"><p lang=\"es\" dir=\"ltr\">La Oficina del Presidente agradece a las Fuerzas de Defensa Israel\u00edes, al Shabak y a la Polic\u00eda israel\u00ed por haber culminado con \u00e9xito el rescate de los argentinos Fernando Simon Marman (60) y Louis Har (70), quienes estaban secuestrados desde el pasado 7 de octubre por el grupo\u2026<\/p>&mdash; Oficina del Presidente (@OPRArgentina) <a href=\"https:\/\/twitter.com\/OPRArgentina\/status\/1756882810290192413?ref_src=twsrc%5Etfw\">February 12, 2024<\/a><\/blockquote> <script async src=\"https:\/\/platform.twitter.com\/widgets.js\" charset=\"utf-8\"><\/script>\n\n\n\n<p class=\"has-text-align-right\"><strong><em>elimpulso.com.-<\/em><\/strong><\/p>\n","protected":false},"excerpt":{"rendered":"<p> Israel anunci\u00f3 el lunes que liber\u00f3 a dos rehenes de origen argentino en Rafah, en el extremo sur de la Franja de Gaza, en una operaci\u00f3n nocturna que dej\u00f3 un centenar de muertos, seg\u00fan Ham\u00e1s, en el poder en este territorio palestino.<\/p>\n","protected":false},"author":3,"featured_media":49112,"comment_status":"open","ping_status":"open","sticky":false,"template":"","format":"standard","meta":{"jnews-multi-image_gallery":[],"jnews_single_post":{"subtitle":"","format":"standard","video":"","gallery":"","source_name":"","source_url":"","via_name":"","via_url":"","override_template":"0","override":[{"template":"4","single_blog_custom":"","parallax":"1","fullscreen":"1","layout":"right-sidebar","sidebar":"default-sidebar","second_sidebar":"default-sidebar","sticky_sidebar":"1","share_position":"top","share_float_style":"share-monocrhome","show_share_counter":"1","show_view_counter":"1","show_featured":"1","show_post_meta":"1","show_post_author":"1","show_post_author_image":"1","show_post_date":"1","post_date_format":"default","post_date_format_custom":"Y\/m\/d","show_post_category":"1","show_post_reading_time":"1","post_reading_time_wpm":"300","show_zoom_button":"1","zoom_button_out_step":"2","zoom_button_in_step":"3","show_post_tag":"1","show_prev_next_post":"1","show_popup_post":"1","number_popup_post":"1","show_author_box":"1","show_post_related":"1","show_inline_post_related":"0"}],"override_image_size":"0","image_override":[{"single_post_thumbnail_size":"crop-500","single_post_gallery_size":"crop-500"}],"trending_post":"0","trending_post_position":"meta","trending_post_label":"Trending","sponsored_post":"0","sponsored_post_label":"Sponsored by","sponsored_post_name":"","sponsored_post_url":"","sponsored_post_logo_enable":"0","sponsored_post_logo":"","sponsored_post_desc":"","disable_ad":"0"},"jnews_primary_category":{"id":"","hide":""},"jnews_social_meta":{"fb_title":"","fb_description":"","fb_image":"","twitter_title":"","twitter_description":"","twitter_image":""},"jnews_review":[],"enable_review":"0","type":"percentage","name":"","summary":"","brand":"","sku":"","good":[{"good_text":""}],"bad":[{"bad_text":""}],"score_override":"","override_value":"","rating":[{"rating_text":"","rating_number":"10"}],"price":[{"shop":"","price":"","link":"","icon":""}],"jnews_override_counter":{"override_view_counter":"0","view_counter_number":"0","override_share_counter":"0","share_counter_number":"0","override_like_counter":"0","like_counter_number":"0","override_dislike_counter":"0","dislike_counter_number":"0"},"jnews_post_split":{"enable_post_split":"0","post_split":[{"template":"1","tag":"h2","numbering":"asc","mode":"normal","first":"0","enable_toc":"0","toc_type":"normal"}]},"footnotes":""},"categories":[88],"tags":[44,13614,806,45,13613],"class_list":["post-49111","post","type-post","status-publish","format-standard","has-post-thumbnail","hentry","category-internacionales","tag-argentina","tag-franja-de-gaza","tag-israel","tag-noticias","tag-rehenes-argentinos"],"amp_enabled":true,"_links":{"self":[{"href":"https:\/\/esreviral.com\/index.php?rest_route=\/wp\/v2\/posts\/49111"}],"collection":[{"href":"https:\/\/esreviral.com\/index.php?rest_route=\/wp\/v2\/posts"}],"about":[{"href":"https:\/\/esreviral.com\/index.php?rest_route=\/wp\/v2\/types\/post"}],"author":[{"embeddable":true,"href":"https:\/\/esreviral.com\/index.php?rest_route=\/wp\/v2\/users\/3"}],"replies":[{"embeddable":true,"href":"https:\/\/esreviral.com\/index.php?rest_route=%2Fwp%2Fv2%2Fcomments&post=49111"}],"version-history":[{"count":0,"href":"https:\/\/esreviral.com\/index.php?rest_route=\/wp\/v2\/posts\/49111\/revisions"}],"wp:featuredmedia":[{"embeddable":true,"href":"https:\/\/esreviral.com\/index.php?rest_route=\/wp\/v2\/media\/49112"}],"wp:attachment":[{"href":"https:\/\/esreviral.com\/index.php?rest_route=%2Fwp%2Fv2%2Fmedia&parent=49111"}],"wp:term":[{"taxonomy":"category","embeddable":true,"href":"https:\/\/esreviral.com\/index.php?rest_route=%2Fwp%2Fv2%2Fcategories&post=49111"},{"taxonomy":"post_tag","embeddable":true,"href":"https:\/\/esreviral.com\/index.php?rest_route=%2Fwp%2Fv2%2Ftags&post=49111"}],"curies":[{"name":"wp","href":"https:\/\/api.w.org\/{rel}","templated":true}]}}