{"id":49092,"date":"2024-02-12T08:09:33","date_gmt":"2024-02-12T13:09:33","guid":{"rendered":"https:\/\/esreviral.com\/?p=49092"},"modified":"2024-02-12T08:09:34","modified_gmt":"2024-02-12T13:09:34","slug":"javier-milei-y-el-papa-francisco-hablaron-de-la-crisis-economica","status":"publish","type":"post","link":"https:\/\/esreviral.com\/?p=49092","title":{"rendered":"Javier Milei y el papa Francisco hablaron de la crisis econ\u00f3mica"},"content":{"rendered":"\n<p><strong>Javier Milei<\/strong>\u00a0concret\u00f3 finalmente su esperada reuni\u00f3n con el papa Francisco en el Vaticano.\u00a0<strong>El Presidente estuvo 70 minutos con el Pont\u00edfice en un encuentro a solas. Luego,\u00a0<\/strong>ingres\u00f3 la secretaria general y hermana del mandatario,\u00a0<strong>Karina Milei<\/strong>; y finalmente se incorporaron los ministros que formaron parte de la comitiva:\u00a0<strong>Guillermo Francos<\/strong>\u00a0(Interior),\u00a0<strong>Diana Mondino<\/strong>\u00a0(Relaciones Exteriores) y\u00a0<strong>Sandra Pettovello<\/strong>\u00a0(Capital Humano).<\/p>\n\n\n\n<p>Milei y Francisco dialogaron sobre la situaci\u00f3n pol\u00edtica y econ\u00f3mica de la Argentina.\u00a0<strong>Fue una conversaci\u00f3n franca<\/strong>, adonde confluyeron distintas miradas ideol\u00f3gicas, pero siempre en un mismo sentido:\u00a0<strong>la manera de resolver la crisis<\/strong>, contener a los m\u00e1s pobres y gatillar el crecimiento productivo.<\/p>\n\n\n\n<p><strong>\u201cNi tomamos un vaso con agua\u201d<\/strong>, revel\u00f3 el Presidente a este enviado especial cuando le pregunt\u00f3 sobre el c\u00f3nclave que protagoniz\u00f3 con el Santo Padre.<\/p>\n\n\n\n<p><strong>Javier Milei<\/strong>\u00a0lleg\u00f3 a la Santa Sede a las 8:58, hora local (4:58 de la Argentina). Fue recibido en el\u00a0<strong>Palacio Apost\u00f3lico<\/strong>\u00a0por la Guardia Suiza y luego subi\u00f3 las escaleras de granito gris hasta llegar a la biblioteca vaticana. Francisco le sonri\u00f3 cuando lleg\u00f3, la comitiva oficial se qued\u00f3 afuera, y por primera vez el presidente y sumo pont\u00edfice se quedaron a solas para enlazar\u00a0<strong>una conversaci\u00f3n que se extendi\u00f3 m\u00e1s all\u00e1 de lo previsto.<\/strong><\/p>\n\n\n\n<p>Pese a las fuertes palabras que hab\u00eda tenido para con la m\u00e1xima autoridad de la Santa Sede, el Presidente hoy se qued\u00f3 con un peque\u00f1o r\u00e9cord: fue el jefe de Estado que\u00a0<strong>m\u00e1s tiempo estuvo\u00a0<\/strong>con el Pont\u00edfice en su primera reuni\u00f3n.<\/p>\n\n\n\n<p><\/p>\n\n\n<div class=\"wp-block-image\">\n<figure class=\"aligncenter size-full\"><img fetchpriority=\"high\" decoding=\"async\" width=\"768\" height=\"432\" src=\"https:\/\/esreviral.com\/wp-content\/uploads\/2024\/02\/AnyConv.com__CCZHORUUDREWXHISCLLPOZVTY4.webp\" alt=\"\" class=\"wp-image-49097\" srcset=\"https:\/\/esreviral.com\/wp-content\/uploads\/2024\/02\/AnyConv.com__CCZHORUUDREWXHISCLLPOZVTY4.webp 768w, https:\/\/esreviral.com\/wp-content\/uploads\/2024\/02\/AnyConv.com__CCZHORUUDREWXHISCLLPOZVTY4-300x169.webp 300w, https:\/\/esreviral.com\/wp-content\/uploads\/2024\/02\/AnyConv.com__CCZHORUUDREWXHISCLLPOZVTY4-750x422.webp 750w\" sizes=\"(max-width: 768px) 100vw, 768px\" \/><\/figure><\/div>\n\n\n<p>Los memoriosos del Vaticano recuerdan que\u00a0<strong>Francisco le dedic\u00f3 a su primer encuentro con Mauricio Macri en 2016 apenas 22 minutos.<\/strong>\u00a0Con Alberto Fern\u00e1ndez, estuvo 44 minutos en 2020. Con Cristina Kirchner estuvo menos de una hora en 2013, cuando la ex Presidenta viaj\u00f3 para su asunci\u00f3n, pero luego estuvieron otras 6 veces juntos;\u00a0<strong>hubo incluso almuerzos de casi dos horas<\/strong>.<\/p>\n\n\n<div class=\"wp-block-image\">\n<figure class=\"aligncenter size-full\"><img decoding=\"async\" width=\"768\" height=\"432\" src=\"https:\/\/esreviral.com\/wp-content\/uploads\/2024\/02\/AnyConv.com__6ZN23HDXNVE6ZD45SPUGU5WNZU.webp\" alt=\"\" class=\"wp-image-49098\" srcset=\"https:\/\/esreviral.com\/wp-content\/uploads\/2024\/02\/AnyConv.com__6ZN23HDXNVE6ZD45SPUGU5WNZU.webp 768w, https:\/\/esreviral.com\/wp-content\/uploads\/2024\/02\/AnyConv.com__6ZN23HDXNVE6ZD45SPUGU5WNZU-300x169.webp 300w, https:\/\/esreviral.com\/wp-content\/uploads\/2024\/02\/AnyConv.com__6ZN23HDXNVE6ZD45SPUGU5WNZU-750x422.webp 750w\" sizes=\"(max-width: 768px) 100vw, 768px\" \/><\/figure><\/div>\n\n\n<p>En las fotos oficiales que difundi\u00f3 el Vaticano del encuentro a trav\u00e9s de las agencias internacionales,&nbsp;<strong>los dos l\u00edderes lucen sonrientes<\/strong>. Ayer ya hab\u00edan tenido un encuentro cordial durante la ceremonia de canonizaci\u00f3n de mama Antula, cuando el l\u00edder de la Iglesia acept\u00f3 un abrazo fuera de protocolo del mandatario argentino en la Bas\u00edlica de San Pedro.<\/p>\n\n\n\n<p>El\u00a0intercambio de regalos\u00a0es una tradici\u00f3n cada vez que el Pont\u00edfice mantiene una audiencia. Seg\u00fan detall\u00f3 el vocero Manuel Adorni, Milei entreg\u00f3 al papa una carpeta con la copia de la carta manuscrita del Canciller Jos\u00e9 Mar\u00eda Guti\u00e9rrez a Juan Bautista Alberdi, acredit\u00e1ndolo como representante en Europa (mayo de 1854); un cuadro con la postal conmemorativa de Mama Antula que el Correo Argentino distribuy\u00f3 en ocasi\u00f3n de su beatificaci\u00f3n (agosto de 2017) y alfajores de dulce de leche y galletitas de lim\u00f3n.<\/p>\n\n\n\n<p><strong>Adem\u00e1s, le llev\u00f3 un obsequio personal: libros de Jes\u00fas Huerta de Soto<\/strong>,\u00a0el economista espa\u00f1ol\u00a0que suele citar en sus discursos y que mencion\u00f3 el 10 de diciembre, luego de asumir la Presidencia,\u00a0<strong>para referirse a la pobreza<\/strong>. \u201cComo dice el gran Jes\u00fas Huerta de Soto, los planes contra la pobreza generan m\u00e1s pobreza, la \u00fanica manera de salir de la pobreza es con m\u00e1s libertad\u201d, dijo el jefe de Estado frente al Congreso.<\/p>\n\n\n\n<p>El l\u00edder de la Iglesia Cat\u00f3lica, por su lado, le obsequi\u00f3 un medall\u00f3n de bronce inspirado en el Baldaquino de San Pedro, los vol\u00famenes de documentos papales y el Mensaje por la Paz de este a\u00f1o.<\/p>\n\n\n\n<p>Alrededor de las 6:20 de la Argentina, luego del saludo protocolar y las fotos de rigor, la comitiva oficial inici\u00f3 una segunda reuni\u00f3n dentro del Vaticano, esta vez con Pietro Parolin, secretario de Estado de la Santa Sede, que se extendi\u00f3 casi cincuenta minutos (<em>ver fotos<\/em>). Luego de realizar un recorrido guiado por el Palacio, Milei y su hermana se retiraron del Vaticano a las 7:40 (11:40 de Roma). Tiene previsto compartir un caf\u00e9 con\u00a0<strong>Sergio Mattarella<\/strong>, presidente italiano.<\/p>\n\n\n\n<figure class=\"wp-block-image size-full\"><img decoding=\"async\" width=\"768\" height=\"432\" src=\"https:\/\/esreviral.com\/wp-content\/uploads\/2024\/02\/AnyConv.com__CG72QJQLVVHS5CCZCUWSUKWOYU.webp\" alt=\"\" class=\"wp-image-49099\" srcset=\"https:\/\/esreviral.com\/wp-content\/uploads\/2024\/02\/AnyConv.com__CG72QJQLVVHS5CCZCUWSUKWOYU.webp 768w, https:\/\/esreviral.com\/wp-content\/uploads\/2024\/02\/AnyConv.com__CG72QJQLVVHS5CCZCUWSUKWOYU-300x169.webp 300w, https:\/\/esreviral.com\/wp-content\/uploads\/2024\/02\/AnyConv.com__CG72QJQLVVHS5CCZCUWSUKWOYU-750x422.webp 750w\" sizes=\"(max-width: 768px) 100vw, 768px\" \/><\/figure>\n\n\n\n<p>El jefe de Estado argentino cont\u00f3 que durante la conversaci\u00f3n el Papa\u00a0\u201c<strong>se mostr\u00f3 satisfecho por el programa econ\u00f3mico y su contenci\u00f3n social<\/strong>\u201d\u00a0implementado por el gobierno a partir del 10 de diciembre del a\u00f1o pasado.<\/p>\n\n\n\n<p>El Vaticano inform\u00f3, por su lado, c\u00f3mo fue el encuentro: \u201cDurante las cordiales conversaciones en la Secretar\u00eda de Estado, se expres\u00f3 satisfacci\u00f3n por las buenas relaciones entre la Santa Sede y la Rep\u00fablica Argentina y el deseo de reforzarlas a\u00fan m\u00e1s. A continuaci\u00f3n,\u00a0<strong>se detuvieron en el programa del nuevo Gobierno para enfrentar la crisis econ\u00f3mica<\/strong>\u00a0y se abordaron varios temas internacionales, en particular los conflictos actuales y el compromiso por la paz entre las naciones\u201d.<\/p>\n\n\n\n<figure class=\"wp-block-image size-large\"><img loading=\"lazy\" decoding=\"async\" width=\"683\" height=\"1024\" src=\"https:\/\/esreviral.com\/wp-content\/uploads\/2024\/02\/AnyConv.com__FL3ARSJ7XVAWNHOOQOKBFWXV3M-683x1024.webp\" alt=\"\" class=\"wp-image-49100\" srcset=\"https:\/\/esreviral.com\/wp-content\/uploads\/2024\/02\/AnyConv.com__FL3ARSJ7XVAWNHOOQOKBFWXV3M-683x1024.webp 683w, https:\/\/esreviral.com\/wp-content\/uploads\/2024\/02\/AnyConv.com__FL3ARSJ7XVAWNHOOQOKBFWXV3M-200x300.webp 200w, https:\/\/esreviral.com\/wp-content\/uploads\/2024\/02\/AnyConv.com__FL3ARSJ7XVAWNHOOQOKBFWXV3M-750x1125.webp 750w, https:\/\/esreviral.com\/wp-content\/uploads\/2024\/02\/AnyConv.com__FL3ARSJ7XVAWNHOOQOKBFWXV3M.webp 768w\" sizes=\"(max-width: 683px) 100vw, 683px\" \/><\/figure>\n\n\n\n<p>Francisco S\u00e1nchez, secretario de Culto, asegur\u00f3 una vez finalizada la reuni\u00f3n: \u201c<strong>Tuvimos una audiencia papal llevada adelante de una manera muy cordial, con mucha simpat\u00eda entre los dos<\/strong>\u201d. Y analiz\u00f3: \u201cEl Papa le dedic\u00f3 m\u00e1s de una hora a una audiencia a la que no se le suele dedicar tanto tiempo\u201d.<\/p>\n\n\n\n<figure class=\"wp-block-image size-large\"><img loading=\"lazy\" decoding=\"async\" width=\"683\" height=\"1024\" src=\"https:\/\/esreviral.com\/wp-content\/uploads\/2024\/02\/AnyConv.com__JLPGGBZ73NB67PT4L34K3Y7Z24-683x1024.webp\" alt=\"\" class=\"wp-image-49101\" srcset=\"https:\/\/esreviral.com\/wp-content\/uploads\/2024\/02\/AnyConv.com__JLPGGBZ73NB67PT4L34K3Y7Z24-683x1024.webp 683w, https:\/\/esreviral.com\/wp-content\/uploads\/2024\/02\/AnyConv.com__JLPGGBZ73NB67PT4L34K3Y7Z24-200x300.webp 200w, https:\/\/esreviral.com\/wp-content\/uploads\/2024\/02\/AnyConv.com__JLPGGBZ73NB67PT4L34K3Y7Z24-750x1125.webp 750w, https:\/\/esreviral.com\/wp-content\/uploads\/2024\/02\/AnyConv.com__JLPGGBZ73NB67PT4L34K3Y7Z24.webp 768w\" sizes=\"(max-width: 683px) 100vw, 683px\" \/><\/figure>\n\n\n\n<p>El funcionario asegur\u00f3 que&nbsp;<strong>varios cardenales dijeron estar sorprendidos por la buena sinton\u00eda que mostraron Francisco y Milei<\/strong>. \u201cEllos recordaban antecedentes que no hab\u00edan sido as\u00ed, por eso llam\u00f3 la atenci\u00f3n de todo el mundo\u201d, reconoci\u00f3.<\/p>\n\n\n\n<p>Y complet\u00f3: \u201cTodo se desarroll\u00f3 muy por encima de los est\u00e1ndares y estamos muy satisfechos\u201d.<\/p>\n\n\n\n<figure class=\"wp-block-image size-full\"><img loading=\"lazy\" decoding=\"async\" width=\"987\" height=\"555\" src=\"https:\/\/esreviral.com\/wp-content\/uploads\/2024\/02\/AnyConv.com__javier-milei-y-el-papa-francisco-1754180.webp\" alt=\"\" class=\"wp-image-49102\" srcset=\"https:\/\/esreviral.com\/wp-content\/uploads\/2024\/02\/AnyConv.com__javier-milei-y-el-papa-francisco-1754180.webp 987w, https:\/\/esreviral.com\/wp-content\/uploads\/2024\/02\/AnyConv.com__javier-milei-y-el-papa-francisco-1754180-300x169.webp 300w, https:\/\/esreviral.com\/wp-content\/uploads\/2024\/02\/AnyConv.com__javier-milei-y-el-papa-francisco-1754180-768x432.webp 768w, https:\/\/esreviral.com\/wp-content\/uploads\/2024\/02\/AnyConv.com__javier-milei-y-el-papa-francisco-1754180-750x422.webp 750w\" sizes=\"(max-width: 987px) 100vw, 987px\" \/><\/figure>\n\n\n\n<p><\/p>\n\n\n\n<p class=\"has-text-align-right\"><strong><em>infobae.com.-<\/em><\/strong><\/p>\n","protected":false},"excerpt":{"rendered":"<p>El Pont\u00edfice dialog\u00f3 a solas con el Presidente argentino durante 70 minutos y, luego, se le permiti\u00f3 el ingreso a la secretaria general Karina Milei y al resto de los ministros que formaron parte de la comitiva oficial<\/p>\n","protected":false},"author":3,"featured_media":49103,"comment_status":"open","ping_status":"open","sticky":false,"template":"","format":"standard","meta":{"jnews-multi-image_gallery":[],"jnews_single_post":{"subtitle":"","format":"standard","video":"","gallery":"","source_name":"","source_url":"","via_name":"","via_url":"","override_template":"0","override":[{"template":"4","single_blog_custom":"","parallax":"1","fullscreen":"1","layout":"right-sidebar","sidebar":"default-sidebar","second_sidebar":"default-sidebar","sticky_sidebar":"1","share_position":"top","share_float_style":"share-monocrhome","show_share_counter":"1","show_view_counter":"1","show_featured":"1","show_post_meta":"1","show_post_author":"1","show_post_author_image":"1","show_post_date":"1","post_date_format":"default","post_date_format_custom":"Y\/m\/d","show_post_category":"1","show_post_reading_time":"1","post_reading_time_wpm":"300","show_zoom_button":"1","zoom_button_out_step":"2","zoom_button_in_step":"3","show_post_tag":"1","show_prev_next_post":"1","show_popup_post":"1","number_popup_post":"1","show_author_box":"1","show_post_related":"1","show_inline_post_related":"0"}],"override_image_size":"0","image_override":[{"single_post_thumbnail_size":"crop-500","single_post_gallery_size":"crop-500"}],"trending_post":"0","trending_post_position":"meta","trending_post_label":"Trending","sponsored_post":"0","sponsored_post_label":"Sponsored by","sponsored_post_name":"","sponsored_post_url":"","sponsored_post_logo_enable":"0","sponsored_post_logo":"","sponsored_post_desc":"","disable_ad":"0"},"jnews_primary_category":{"id":"","hide":""},"jnews_social_meta":{"fb_title":"","fb_description":"","fb_image":"","twitter_title":"","twitter_description":"","twitter_image":""},"jnews_review":[],"enable_review":"0","type":"percentage","name":"","summary":"","brand":"","sku":"","good":[{"good_text":""}],"bad":[{"bad_text":""}],"score_override":"","override_value":"","rating":[{"rating_text":"","rating_number":"10"}],"price":[{"shop":"","price":"","link":"","icon":""}],"jnews_override_counter":{"override_view_counter":"0","view_counter_number":"0","override_share_counter":"0","share_counter_number":"0","override_like_counter":"0","like_counter_number":"0","override_dislike_counter":"0","dislike_counter_number":"0"},"jnews_post_split":{"enable_post_split":"0","post_split":[{"template":"1","tag":"h2","numbering":"asc","mode":"normal","first":"0","enable_toc":"0","toc_type":"normal"}]},"footnotes":""},"categories":[59],"tags":[44,1158,45,128,8378,129,13609],"class_list":["post-49092","post","type-post","status-publish","format-standard","has-post-thumbnail","hentry","category-politica","tag-argentina","tag-javier-milei","tag-noticias","tag-papa-francisco","tag-roma","tag-vaticano","tag-via-della-conciliazione"],"amp_enabled":true,"_links":{"self":[{"href":"https:\/\/esreviral.com\/index.php?rest_route=\/wp\/v2\/posts\/49092"}],"collection":[{"href":"https:\/\/esreviral.com\/index.php?rest_route=\/wp\/v2\/posts"}],"about":[{"href":"https:\/\/esreviral.com\/index.php?rest_route=\/wp\/v2\/types\/post"}],"author":[{"embeddable":true,"href":"https:\/\/esreviral.com\/index.php?rest_route=\/wp\/v2\/users\/3"}],"replies":[{"embeddable":true,"href":"https:\/\/esreviral.com\/index.php?rest_route=%2Fwp%2Fv2%2Fcomments&post=49092"}],"version-history":[{"count":0,"href":"https:\/\/esreviral.com\/index.php?rest_route=\/wp\/v2\/posts\/49092\/revisions"}],"wp:featuredmedia":[{"embeddable":true,"href":"https:\/\/esreviral.com\/index.php?rest_route=\/wp\/v2\/media\/49103"}],"wp:attachment":[{"href":"https:\/\/esreviral.com\/index.php?rest_route=%2Fwp%2Fv2%2Fmedia&parent=49092"}],"wp:term":[{"taxonomy":"category","embeddable":true,"href":"https:\/\/esreviral.com\/index.php?rest_route=%2Fwp%2Fv2%2Fcategories&post=49092"},{"taxonomy":"post_tag","embeddable":true,"href":"https:\/\/esreviral.com\/index.php?rest_route=%2Fwp%2Fv2%2Ftags&post=49092"}],"curies":[{"name":"wp","href":"https:\/\/api.w.org\/{rel}","templated":true}]}}