{"id":49080,"date":"2024-02-11T10:22:40","date_gmt":"2024-02-11T15:22:40","guid":{"rendered":"https:\/\/esreviral.com\/?p=49080"},"modified":"2024-02-11T10:22:40","modified_gmt":"2024-02-11T15:22:40","slug":"cuando-vuelve-la-luz-en-caballito-y-cuantas-personas-hay-afectadas","status":"publish","type":"post","link":"https:\/\/esreviral.com\/?p=49080","title":{"rendered":"Cu\u00e1ndo vuelve la luz en Caballito y cu\u00e1ntas personas hay afectadas"},"content":{"rendered":"\n<p>El&nbsp;<strong>regreso del suministro<\/strong>&nbsp;<strong>de energ\u00eda<\/strong>&nbsp;<strong>en Caballito<\/strong>&nbsp;est\u00e1 programado para ciertos sectores alrededor de las<strong>&nbsp;14:54&nbsp;<\/strong>de este domingo 11 de febrero, seg\u00fan informaci\u00f3n brindada por ENRE y Edesur tras los cortes de luz.<\/p>\n\n\n\n<p>Tras el feroz incendio de la subestaci\u00f3n de Edesur, se mont\u00f3 un operativo para que la energ\u00eda pueda restablecerse en las pr\u00f3ximas horas.<\/p>\n\n\n\n<p><strong><em><mark style=\"background-color:rgba(0, 0, 0, 0)\" class=\"has-inline-color has-vivid-red-color\"><a href=\"https:\/\/esreviral.com\/organismo-porteno-alerto-sobre-irregularidades-en-obra-cercana-al-edificio-que-se-derrumbo-en-caballito\/\" data-type=\"link\" data-id=\"https:\/\/esreviral.com\/organismo-porteno-alerto-sobre-irregularidades-en-obra-cercana-al-edificio-que-se-derrumbo-en-caballito\/\">Lea Tambi\u00e9n: Organismo porte\u00f1o alert\u00f3 sobre irregularidades en obra cercana al edificio que se derrumb\u00f3 en Caballito<\/a><\/mark><\/em><\/strong><\/p>\n\n\n\n<p><strong><mark style=\"background-color:rgba(0, 0, 0, 0)\" class=\"has-inline-color has-vivid-red-color\">Cu\u00e1l es el operativo de emergencia de Edesur para que vuelva la luz en Caballito<\/mark><\/strong><\/p>\n\n\n\n<p>Edesur explic\u00f3 que el&nbsp;<strong>operativo de emergencia<\/strong>&nbsp;para que&nbsp;<strong>vuelva la luz a Caballito<\/strong>&nbsp;en las pr\u00f3ximas horas involucra:<\/p>\n\n\n\n<ul class=\"wp-block-list\">\n<li>Movilizaci\u00f3n de grupos electr\u00f3genos.<\/li>\n\n\n\n<li>Obras transitorias para tratar de minimizar el \u00e1rea de corte.<\/li>\n\n\n\n<li>Trabajo en conjunto con el Gobierno de la Ciudad y la Secretar\u00eda de Energ\u00eda.<\/li>\n\n\n\n<li>Operativo para electrodependientes de la zona.<\/li>\n\n\n\n<li><\/li>\n<\/ul>\n\n\n\n<p><strong><mark style=\"background-color:rgba(0, 0, 0, 0)\" class=\"has-inline-color has-vivid-red-color\">D\u00f3nde contactarte con Edesur por los cortes de luz<\/mark><\/strong><\/p>\n\n\n\n<ul class=\"wp-block-list\">\n<li>Facebook: Edesur Argentina.<\/li>\n\n\n\n<li>WhatsApp: 11 6187 6995.<\/li>\n\n\n\n<li>Emergencias: 0800 222 0200.<\/li>\n<\/ul>\n\n\n\n<p><strong><mark style=\"background-color:rgba(0, 0, 0, 0)\" class=\"has-inline-color has-vivid-red-color\">Cu\u00e1nta gente hay sin luz en Caballito<\/mark><\/strong><\/p>\n\n\n\n<p>Hay\u00a0<strong>13.200 usuarios sin luz en Caballito<\/strong>, seg\u00fan informaron Enre y Edesur hace instantes.<\/p>\n\n\n\n<p><\/p>\n\n\n\n<blockquote class=\"twitter-tweet\"><p lang=\"es\" dir=\"ltr\">\ud83d\udce2 ACTUALIZACI\u00d3N DEL ESTADO DE SITUACI\u00d3N SOBRE EL INCENDIO EN LA SUBESTACI\u00d3N CABALLITO<br> <br>En la ma\u00f1ana del domingo, quedan 13.200 clientes sin suministro, lo que representa que el 80% recupero el servicio.<\/p>&mdash; Edesur Argentina (@OficialEdesur) <a href=\"https:\/\/twitter.com\/OficialEdesur\/status\/1756672361657438716?ref_src=twsrc%5Etfw\">February 11, 2024<\/a><\/blockquote> <script async src=\"https:\/\/platform.twitter.com\/widgets.js\" charset=\"utf-8\"><\/script>\n\n\n\n<p><\/p>\n\n\n\n<p><strong><mark style=\"background-color:rgba(0, 0, 0, 0)\" class=\"has-inline-color has-vivid-red-color\">Mapa de cortes de luz: qu\u00e9 barrios de CABA est\u00e1n sin servicio hoy<\/mark><\/strong><\/p>\n\n\n\n<p>Los&nbsp;<strong>barrios de CABA<\/strong>&nbsp;m\u00e1s afectados por la falta de luz (baja y alta tensi\u00f3n) son los siguientes:<\/p>\n\n\n\n<ul class=\"wp-block-list\">\n<li>Almagro<\/li>\n\n\n\n<li>Boedo<\/li>\n\n\n\n<li><strong>Caballito<\/strong><\/li>\n\n\n\n<li>Monserrat<\/li>\n\n\n\n<li>La Paternal<\/li>\n\n\n\n<li>San Nicol\u00e1s<\/li>\n\n\n\n<li>Parque Chacabuco<\/li>\n<\/ul>\n\n\n\n<p class=\"has-text-align-right\"><strong><em>TN.-<\/em><\/strong><\/p>\n","protected":false},"excerpt":{"rendered":"<p>Edesur y ENRE informaron cu\u00e1ndo regresa la energ\u00eda a los usuarios afectados.<\/p>\n","protected":false},"author":3,"featured_media":49081,"comment_status":"open","ping_status":"open","sticky":false,"template":"","format":"standard","meta":{"jnews-multi-image_gallery":[],"jnews_single_post":{"subtitle":"","format":"standard","video":"","gallery":"","source_name":"","source_url":"","via_name":"","via_url":"","override_template":"0","override":[{"template":"4","single_blog_custom":"","parallax":"1","fullscreen":"1","layout":"right-sidebar","sidebar":"default-sidebar","second_sidebar":"default-sidebar","sticky_sidebar":"1","share_position":"top","share_float_style":"share-monocrhome","show_share_counter":"1","show_view_counter":"1","show_featured":"1","show_post_meta":"1","show_post_author":"1","show_post_author_image":"1","show_post_date":"1","post_date_format":"default","post_date_format_custom":"Y\/m\/d","show_post_category":"1","show_post_reading_time":"1","post_reading_time_wpm":"300","show_zoom_button":"1","zoom_button_out_step":"2","zoom_button_in_step":"3","show_post_tag":"1","show_prev_next_post":"1","show_popup_post":"1","number_popup_post":"1","show_author_box":"1","show_post_related":"1","show_inline_post_related":"0"}],"override_image_size":"0","image_override":[{"single_post_thumbnail_size":"crop-500","single_post_gallery_size":"crop-500"}],"trending_post":"0","trending_post_position":"meta","trending_post_label":"Trending","sponsored_post":"0","sponsored_post_label":"Sponsored by","sponsored_post_name":"","sponsored_post_url":"","sponsored_post_logo_enable":"0","sponsored_post_logo":"","sponsored_post_desc":"","disable_ad":"0"},"jnews_primary_category":{"id":"","hide":""},"jnews_social_meta":{"fb_title":"","fb_description":"","fb_image":"","twitter_title":"","twitter_description":"","twitter_image":""},"jnews_review":[],"enable_review":"0","type":"percentage","name":"","summary":"","brand":"","sku":"","good":[{"good_text":""}],"bad":[{"bad_text":""}],"score_override":"","override_value":"","rating":[{"rating_text":"","rating_number":"10"}],"price":[{"shop":"","price":"","link":"","icon":""}],"jnews_override_counter":{"override_view_counter":"0","view_counter_number":"0","override_share_counter":"0","share_counter_number":"0","override_like_counter":"0","like_counter_number":"0","override_dislike_counter":"0","dislike_counter_number":"0"},"jnews_post_split":{"enable_post_split":"0","post_split":[{"template":"1","tag":"h2","numbering":"asc","mode":"normal","first":"0","enable_toc":"0","toc_type":"normal"}]},"footnotes":""},"categories":[58],"tags":[44,1516,3754,5164,45],"class_list":["post-49080","post","type-post","status-publish","format-standard","has-post-thumbnail","hentry","category-argentina","tag-argentina","tag-caballito","tag-cortes-de-luz","tag-edesur","tag-noticias"],"amp_enabled":true,"_links":{"self":[{"href":"https:\/\/esreviral.com\/index.php?rest_route=\/wp\/v2\/posts\/49080"}],"collection":[{"href":"https:\/\/esreviral.com\/index.php?rest_route=\/wp\/v2\/posts"}],"about":[{"href":"https:\/\/esreviral.com\/index.php?rest_route=\/wp\/v2\/types\/post"}],"author":[{"embeddable":true,"href":"https:\/\/esreviral.com\/index.php?rest_route=\/wp\/v2\/users\/3"}],"replies":[{"embeddable":true,"href":"https:\/\/esreviral.com\/index.php?rest_route=%2Fwp%2Fv2%2Fcomments&post=49080"}],"version-history":[{"count":0,"href":"https:\/\/esreviral.com\/index.php?rest_route=\/wp\/v2\/posts\/49080\/revisions"}],"wp:featuredmedia":[{"embeddable":true,"href":"https:\/\/esreviral.com\/index.php?rest_route=\/wp\/v2\/media\/49081"}],"wp:attachment":[{"href":"https:\/\/esreviral.com\/index.php?rest_route=%2Fwp%2Fv2%2Fmedia&parent=49080"}],"wp:term":[{"taxonomy":"category","embeddable":true,"href":"https:\/\/esreviral.com\/index.php?rest_route=%2Fwp%2Fv2%2Fcategories&post=49080"},{"taxonomy":"post_tag","embeddable":true,"href":"https:\/\/esreviral.com\/index.php?rest_route=%2Fwp%2Fv2%2Ftags&post=49080"}],"curies":[{"name":"wp","href":"https:\/\/api.w.org\/{rel}","templated":true}]}}