{"id":4902,"date":"2021-03-15T11:52:40","date_gmt":"2021-03-15T14:52:40","guid":{"rendered":"http:\/\/esreviral.com\/?p=4902"},"modified":"2021-03-15T11:52:40","modified_gmt":"2021-03-15T14:52:40","slug":"directora-de-migraciones-acuso-a-excanciller-macrista-de-usar-a-la-gente-y-desconocer-sus-propias-normas","status":"publish","type":"post","link":"https:\/\/esreviral.com\/?p=4902","title":{"rendered":"Directora de Migraciones acus\u00f3 a excanciller macrista de \u00abusar a la gente\u00bb y desconocer sus propias normas"},"content":{"rendered":"\n<p>La directora nacional de Migraciones, Florencia Carignano, acus\u00f3 al excanciller de Mauricio Macri, Jorge Faurie, de desconocer las normas dictadas por la propia gesti\u00f3n de Cambiemos que permitieron el al ingreso al pa\u00eds de 35 mil venezolanos \u00absin acreditar identidad\u00bb y le record\u00f3 que \u00abuna cosa es preocuparse por la gente y otra usarla\u00bb.<\/p>\n\n\n\n<p>Carignano sali\u00f3 as\u00ed al cruce de los dichos de Faurie quien, a trav\u00e9s de sus sociales, hab\u00eda opinado que la funcionaria nacional \u00abtergivers\u00f3\u00bb el decreto de Macri \u00abque en 2019 que allan\u00f3 regularizaci\u00f3n migratoria de venezolanos llegados al pa\u00eds\u00bb.<\/p>\n\n\n\n<p>En ese sentido, la directora de Migraciones le expres\u00f3 al ex canciller que \u00abconfundi\u00f3\u00bb el Decreto 70\/19 de Macri -declarado inconstitucional siete veces- con la Resoluci\u00f3n 520\/19, que eximi\u00f3 de acreditar identidad a los venezolanos.<\/p>\n\n\n\n<figure class=\"wp-block-embed-twitter wp-block-embed is-type-rich is-provider-twitter\"><div class=\"wp-block-embed__wrapper\">\n<blockquote class=\"twitter-tweet\" data-width=\"500\" data-dnt=\"true\"><p lang=\"es\" dir=\"ltr\">El canciller de Macri confunde el Dec. 70\/19 con Dispo. 520\/19 que eximi\u00f3 de acreditar identidad a venezolan@s como requisito de ingreso. <br>Eso explica por qu\u00e9 dejaron a 35 mil sin identificaci\u00f3n y vulnerables. <br>Nosotros lo vamos a resolver. Cuidar a la gente, NO usarla. <a href=\"https:\/\/t.co\/9DfdiGH2XV\">pic.twitter.com\/9DfdiGH2XV<\/a><\/p>&mdash; Florencia Carignano (@florcarignanook) <a href=\"https:\/\/twitter.com\/florcarignanook\/status\/1371431093753294854?ref_src=twsrc%5Etfw\">March 15, 2021<\/a><\/blockquote><script async src=\"https:\/\/platform.twitter.com\/widgets.js\" charset=\"utf-8\"><\/script>\n<\/div><\/figure>\n\n\n\n<p>Seg\u00fan se explic\u00f3, se trata de dos normas absolutamente diferentes, e incluso a la que hace referencia Faurie como \u00abdecreto\u00bb era, en realidad, una disposici\u00f3n<\/p>\n\n\n\n<p>\u00abAhora se entiende por qu\u00e9 dejaron a 35 mil sin identidad y vulnerables. Nosotros lo vamos a resolver. Una cosa es preocuparse por la gente y otra usarla\u00bb, le respondi\u00f3 Carignano al exfuncionario de Macri.<\/p>\n\n\n\n<p>La pol\u00e9mica se desat\u00f3 luego que la directora de migraciones emitiera unas declaraciones en A24 que fueron cuestionadas por algunos pol\u00edticos venezolanos en Argentina y ella aclar\u00f3 que no se trataba de ning\u00fan tipo de xenofobia. <\/p>\n\n\n\n<figure class=\"wp-block-embed-twitter wp-block-embed is-type-rich is-provider-twitter\"><div class=\"wp-block-embed__wrapper\">\n<blockquote class=\"twitter-tweet\" data-width=\"500\" data-dnt=\"true\"><p lang=\"es\" dir=\"ltr\">Argentina tiene una hist\u00f3rica tradici\u00f3n migrante. Todos fueron, son y ser\u00e1n bienvenidos. No se dejen confundir hermanas y hermanos venezolanos. Estamos resolviendo uno a uno los graves inconvenientes administrativos de la gesti\u00f3n anterior. Cuenten con nosotros.<\/p>&mdash; Florencia Carignano (@florcarignanook) <a href=\"https:\/\/twitter.com\/florcarignanook\/status\/1370852019607646213?ref_src=twsrc%5Etfw\">March 13, 2021<\/a><\/blockquote><script async src=\"https:\/\/platform.twitter.com\/widgets.js\" charset=\"utf-8\"><\/script>\n<\/div><\/figure>\n\n\n\n<p><\/p>\n","protected":false},"excerpt":{"rendered":"<p>La pol\u00e9mica se desat\u00f3 luego que la directora de migraciones emitiera unas declaraciones en A24 que fueron cuestionadas por algunos pol\u00edticos venezolanos en Argentina y ella aclar\u00f3 que no se trataba de ning\u00fan tipo de xenofobia<\/p>\n","protected":false},"author":2,"featured_media":4903,"comment_status":"open","ping_status":"open","sticky":false,"template":"","format":"standard","meta":{"jnews-multi-image_gallery":[],"jnews_single_post":[],"jnews_primary_category":[],"jnews_social_meta":[],"jnews_review":[],"enable_review":"","type":"","name":"","summary":"","brand":"","sku":"","good":[],"bad":[],"score_override":"","override_value":"","rating":[],"price":[],"jnews_override_counter":[],"jnews_post_split":[],"footnotes":""},"categories":[43,58,54],"tags":[45,67],"class_list":["post-4902","post","type-post","status-publish","format-standard","has-post-thumbnail","hentry","category-actualidad","category-argentina","category-inmigracion","tag-noticias","tag-venezolanos-en-argentina"],"amp_enabled":true,"_links":{"self":[{"href":"https:\/\/esreviral.com\/index.php?rest_route=\/wp\/v2\/posts\/4902"}],"collection":[{"href":"https:\/\/esreviral.com\/index.php?rest_route=\/wp\/v2\/posts"}],"about":[{"href":"https:\/\/esreviral.com\/index.php?rest_route=\/wp\/v2\/types\/post"}],"author":[{"embeddable":true,"href":"https:\/\/esreviral.com\/index.php?rest_route=\/wp\/v2\/users\/2"}],"replies":[{"embeddable":true,"href":"https:\/\/esreviral.com\/index.php?rest_route=%2Fwp%2Fv2%2Fcomments&post=4902"}],"version-history":[{"count":0,"href":"https:\/\/esreviral.com\/index.php?rest_route=\/wp\/v2\/posts\/4902\/revisions"}],"wp:featuredmedia":[{"embeddable":true,"href":"https:\/\/esreviral.com\/index.php?rest_route=\/"}],"wp:attachment":[{"href":"https:\/\/esreviral.com\/index.php?rest_route=%2Fwp%2Fv2%2Fmedia&parent=4902"}],"wp:term":[{"taxonomy":"category","embeddable":true,"href":"https:\/\/esreviral.com\/index.php?rest_route=%2Fwp%2Fv2%2Fcategories&post=4902"},{"taxonomy":"post_tag","embeddable":true,"href":"https:\/\/esreviral.com\/index.php?rest_route=%2Fwp%2Fv2%2Ftags&post=4902"}],"curies":[{"name":"wp","href":"https:\/\/api.w.org\/{rel}","templated":true}]}}