{"id":49015,"date":"2024-02-09T06:21:04","date_gmt":"2024-02-09T11:21:04","guid":{"rendered":"https:\/\/esreviral.com\/?p=49015"},"modified":"2024-02-09T06:21:05","modified_gmt":"2024-02-09T11:21:05","slug":"instalaran-paneles-solares-en-la-antartida","status":"publish","type":"post","link":"https:\/\/esreviral.com\/?p=49015","title":{"rendered":"Instalar\u00e1n paneles solares en la Ant\u00e1rtida"},"content":{"rendered":"\n<p><strong>Argentina<\/strong>&nbsp;avanza en la instalaci\u00f3n de&nbsp;<strong>sistemas fotovoltaicos<\/strong>&nbsp;en sus bases y refugios de la&nbsp;<strong>Ant\u00e1rtida<\/strong>, para reducir la utilizaci\u00f3n de combustibles f\u00f3siles en la generaci\u00f3n de energ\u00eda para el funcionamiento de esas instalaciones, en busca de reducir su impacto ambiental y costo log\u00edstico.<\/p>\n\n\n\n<p>Un equipo de la&nbsp;<strong>Comisi\u00f3n Nacional de Energ\u00eda At\u00f3mica (CNEA)<\/strong>&nbsp;fue desplegado este verano en ese continente para instalar&nbsp;<strong>paneles solares<\/strong>&nbsp;junto a un sistema de acumulaci\u00f3n de energ\u00eda, en un refugio utilizado por investigadores de la&nbsp;<strong>Direcci\u00f3n Nacional del Ant\u00e1rtico (DNA)<\/strong>&nbsp;dedicados a la glaciolog\u00eda en la Isla Vega, a unos 60 kil\u00f3metros de distancia de la&nbsp;<strong>base Marambio<\/strong>.<\/p>\n\n\n\n<p>El ingeniero electr\u00f3nico y doctor en Tecnolog\u00edas Fotovoltaicas\u00a0<strong>Hern\u00e1n Socolovsky\u00a0<\/strong>es jefe del Departamento Energ\u00eda Solar de la CNEA y en 2014 viaj\u00f3 a\u00a0<strong>Marambio<\/strong>, para la instalaci\u00f3n del primer sistema de energ\u00eda solar fotovoltaica en el sector ant\u00e1rtico argentino.<\/p>\n\n\n\n<figure class=\"wp-block-image size-large\"><img fetchpriority=\"high\" decoding=\"async\" width=\"1024\" height=\"576\" src=\"https:\/\/esreviral.com\/wp-content\/uploads\/2024\/02\/AnyConv.com__65c5482b31b20_1200-1024x576.webp\" alt=\"\" class=\"wp-image-49016\" srcset=\"https:\/\/esreviral.com\/wp-content\/uploads\/2024\/02\/AnyConv.com__65c5482b31b20_1200-1024x576.webp 1024w, https:\/\/esreviral.com\/wp-content\/uploads\/2024\/02\/AnyConv.com__65c5482b31b20_1200-300x169.webp 300w, https:\/\/esreviral.com\/wp-content\/uploads\/2024\/02\/AnyConv.com__65c5482b31b20_1200-768x432.webp 768w, https:\/\/esreviral.com\/wp-content\/uploads\/2024\/02\/AnyConv.com__65c5482b31b20_1200-750x422.webp 750w, https:\/\/esreviral.com\/wp-content\/uploads\/2024\/02\/AnyConv.com__65c5482b31b20_1200-1140x641.webp 1140w, https:\/\/esreviral.com\/wp-content\/uploads\/2024\/02\/AnyConv.com__65c5482b31b20_1200.webp 1200w\" sizes=\"(max-width: 1024px) 100vw, 1024px\" \/><\/figure>\n\n\n\n<p>En di\u00e1logo con el medioinformativo de \u00a0<em>T\u00e9lam<\/em><strong>, Socolovsky<\/strong>\u00a0cont\u00f3 que \u00aben la CNEA ven\u00edamos trabajando desde 2011 sobre aplicaciones terrestres de la energ\u00eda solar, concretamente con sistemas para que los usuarios puedan inyectar energ\u00eda a la red cuando, en 2014, la Fuerza A\u00e9rea Argentina nos present\u00f3 la posibilidad de instalar este tipo de tecnolog\u00eda en la\u00a0<strong>base Marambio<\/strong>, a fin de probar si era una ayuda para reducir el consumo de combustible de los generadores\u00bb.<\/p>\n\n\n\n<p>\u00abAquella experiencia fue muy positiva y despu\u00e9s de ese v\u00ednculo inicial con la Fuerza A\u00e9rea, fue la DNA que nos propuso avanzar en un programa para aumentar la cantidad de estos sistemas en las bases ant\u00e1rticas argentinas; por eso, en 2020, instalamos un sistema de generaci\u00f3n y acumulaci\u00f3n en el refugio \u00abElefante\u00bb que est\u00e1 cerca de la base Carlini y hasta donde cada verano los investigadores ten\u00edan que cargar un grupo electr\u00f3geno y todo el combustible para alimentarlo\u00bb, a\u00f1adi\u00f3.<\/p>\n\n\n\n<figure class=\"wp-block-image size-large\"><img decoding=\"async\" width=\"1024\" height=\"576\" src=\"https:\/\/esreviral.com\/wp-content\/uploads\/2024\/02\/AnyConv.com__65c5482b6a07d_1200-1024x576.webp\" alt=\"\" class=\"wp-image-49017\" srcset=\"https:\/\/esreviral.com\/wp-content\/uploads\/2024\/02\/AnyConv.com__65c5482b6a07d_1200-1024x576.webp 1024w, https:\/\/esreviral.com\/wp-content\/uploads\/2024\/02\/AnyConv.com__65c5482b6a07d_1200-300x169.webp 300w, https:\/\/esreviral.com\/wp-content\/uploads\/2024\/02\/AnyConv.com__65c5482b6a07d_1200-768x432.webp 768w, https:\/\/esreviral.com\/wp-content\/uploads\/2024\/02\/AnyConv.com__65c5482b6a07d_1200-750x422.webp 750w, https:\/\/esreviral.com\/wp-content\/uploads\/2024\/02\/AnyConv.com__65c5482b6a07d_1200-1140x641.webp 1140w, https:\/\/esreviral.com\/wp-content\/uploads\/2024\/02\/AnyConv.com__65c5482b6a07d_1200.webp 1200w\" sizes=\"(max-width: 1024px) 100vw, 1024px\" \/><\/figure>\n\n\n\n<p><\/p>\n\n\n\n<p>El ingeniero se\u00f1al\u00f3 que \u00aben el verano de 2023 se instal\u00f3 un sistema fotovoltaico en la base Carlini que le permite reducir una parte de su consumo de combustible, y, este verano, un equipo, de tres compa\u00f1eros de la CNEA va a montar en Isla Vega un sistema similar al que funciona hace cuatro a\u00f1os en el refugio Elefante para, que tampoco tengan que trasladar tanto combustible hasta ese punto aislado\u00bb.<\/p>\n\n\n\n<p>\u00abEl verano de 2023 fue muy importante para las energ\u00edas renovables en la Ant\u00e1rtida porque, adem\u00e1s de nuestro trabajo, hubo empresas argentinas que, a trav\u00e9s de acuerdos con el Comando Conjunto Ant\u00e1rtico, tambi\u00e9n montaron sistemas fotovoltaicos en otras bases; el objetivo del programa que desarrollamos desde hace diez a\u00f1os con la DNA es que la generaci\u00f3n de energ\u00eda a trav\u00e9s de renovables reduzca al menos a la mitad la demanda de combustibles f\u00f3siles, para sostener la presencia argentina en la Ant\u00e1rtida\u00bb, indic\u00f3.<\/p>\n\n\n\n<p>El investigador destac\u00f3 que \u00abc\u00f3mo cient\u00edficos, trabajar en este proyecto nos da la oportunidad de obtener informaci\u00f3n y nuevos datos como, por ejemplo, la eficiencia de los paneles solares en ambientes polares, sabemos que el fr\u00edo aumenta un poco el rendimiento de los paneles, pero la cantidad de meses sin sol limitan el uso de estos sistemas\u00bb.<\/p>\n\n\n\n<figure class=\"wp-block-image size-large\"><img decoding=\"async\" width=\"1024\" height=\"576\" src=\"https:\/\/esreviral.com\/wp-content\/uploads\/2024\/02\/AnyConv.com__65c5482b891c7_1200-1024x576.webp\" alt=\"\" class=\"wp-image-49018\" srcset=\"https:\/\/esreviral.com\/wp-content\/uploads\/2024\/02\/AnyConv.com__65c5482b891c7_1200-1024x576.webp 1024w, https:\/\/esreviral.com\/wp-content\/uploads\/2024\/02\/AnyConv.com__65c5482b891c7_1200-300x169.webp 300w, https:\/\/esreviral.com\/wp-content\/uploads\/2024\/02\/AnyConv.com__65c5482b891c7_1200-768x432.webp 768w, https:\/\/esreviral.com\/wp-content\/uploads\/2024\/02\/AnyConv.com__65c5482b891c7_1200-750x422.webp 750w, https:\/\/esreviral.com\/wp-content\/uploads\/2024\/02\/AnyConv.com__65c5482b891c7_1200-1140x641.webp 1140w, https:\/\/esreviral.com\/wp-content\/uploads\/2024\/02\/AnyConv.com__65c5482b891c7_1200.webp 1200w\" sizes=\"(max-width: 1024px) 100vw, 1024px\" \/><\/figure>\n\n\n\n<p><\/p>\n\n\n\n<p>\u00abUna cosa que hacemos en cada lugar en el que instalamos estos sistemas es colocar radi\u00f3metros que registren cu\u00e1nta cantidad de energ\u00eda solar llega a ese punto durante un a\u00f1o, y, comparando ese dato con la cantidad de energ\u00eda que gener\u00f3 el sistema instalado, podemos estimar la eficiencia del mismo\u00bb, agreg\u00f3.<\/p>\n\n\n\n<p>Las instalaciones en la Ant\u00e1rtida forman, desde 2024, parte de un proyecto de inversi\u00f3n p\u00fablica (BAPIN).<\/p>\n\n\n\n<p>\u00abEsperamos que durante la ejecuci\u00f3n de este proyecto se contin\u00fae aumentando el uso de fuentes de energ\u00eda renovables en las bases ant\u00e1rticas, disminuyendo as\u00ed la emisi\u00f3n de di\u00f3xido de carbono a la atm\u00f3sfera\u00bb, complet\u00f3\u00a0<strong>Socolovsky<\/strong>.<\/p>\n\n\n\n<p class=\"has-text-align-right\"><strong><em>Telam.-<\/em><\/strong><\/p>\n","protected":false},"excerpt":{"rendered":"<p>Un equipo de la Comisi\u00f3n Nacional de Energ\u00eda At\u00f3mica (CNEA) instal\u00f3 placas solares junto a un sistema de acumulaci\u00f3n de energ\u00eda en un refugio utilizado por investigadores, a unos 60 kil\u00f3metros de distancia de la base Marambio.<\/p>\n","protected":false},"author":3,"featured_media":49019,"comment_status":"open","ping_status":"open","sticky":false,"template":"","format":"standard","meta":{"jnews-multi-image_gallery":[],"jnews_single_post":{"subtitle":"","format":"standard","video":"","gallery":"","source_name":"","source_url":"","via_name":"","via_url":"","override_template":"0","override":[{"template":"4","single_blog_custom":"","parallax":"1","fullscreen":"1","layout":"right-sidebar","sidebar":"default-sidebar","second_sidebar":"default-sidebar","sticky_sidebar":"1","share_position":"top","share_float_style":"share-monocrhome","show_share_counter":"1","show_view_counter":"1","show_featured":"1","show_post_meta":"1","show_post_author":"1","show_post_author_image":"1","show_post_date":"1","post_date_format":"default","post_date_format_custom":"Y\/m\/d","show_post_category":"1","show_post_reading_time":"1","post_reading_time_wpm":"300","show_zoom_button":"1","zoom_button_out_step":"2","zoom_button_in_step":"3","show_post_tag":"1","show_prev_next_post":"1","show_popup_post":"1","number_popup_post":"1","show_author_box":"1","show_post_related":"1","show_inline_post_related":"0"}],"override_image_size":"0","image_override":[{"single_post_thumbnail_size":"crop-500","single_post_gallery_size":"crop-500"}],"trending_post":"0","trending_post_position":"meta","trending_post_label":"Trending","sponsored_post":"0","sponsored_post_label":"Sponsored by","sponsored_post_name":"","sponsored_post_url":"","sponsored_post_logo_enable":"0","sponsored_post_logo":"","sponsored_post_desc":"","disable_ad":"0"},"jnews_primary_category":{"id":"","hide":""},"jnews_social_meta":{"fb_title":"","fb_description":"","fb_image":"","twitter_title":"","twitter_description":"","twitter_image":""},"jnews_review":[],"enable_review":"0","type":"percentage","name":"","summary":"","brand":"","sku":"","good":[{"good_text":""}],"bad":[{"bad_text":""}],"score_override":"","override_value":"","rating":[{"rating_text":"","rating_number":"10"}],"price":[{"shop":"","price":"","link":"","icon":""}],"jnews_override_counter":{"override_view_counter":"0","view_counter_number":"0","override_share_counter":"0","share_counter_number":"0","override_like_counter":"0","like_counter_number":"0","override_dislike_counter":"0","dislike_counter_number":"0"},"jnews_post_split":{"enable_post_split":"0","post_split":[{"template":"1","tag":"h2","numbering":"asc","mode":"normal","first":"0","enable_toc":"0","toc_type":"normal"}]},"footnotes":""},"categories":[58],"tags":[13576,44,13574,13577,13575,45,13578],"class_list":["post-49015","post","type-post","status-publish","format-standard","has-post-thumbnail","hentry","category-argentina","tag-antartida","tag-argentina","tag-base-marambio","tag-cnea","tag-energia-solar","tag-noticias","tag-paneles-solares"],"amp_enabled":true,"_links":{"self":[{"href":"https:\/\/esreviral.com\/index.php?rest_route=\/wp\/v2\/posts\/49015"}],"collection":[{"href":"https:\/\/esreviral.com\/index.php?rest_route=\/wp\/v2\/posts"}],"about":[{"href":"https:\/\/esreviral.com\/index.php?rest_route=\/wp\/v2\/types\/post"}],"author":[{"embeddable":true,"href":"https:\/\/esreviral.com\/index.php?rest_route=\/wp\/v2\/users\/3"}],"replies":[{"embeddable":true,"href":"https:\/\/esreviral.com\/index.php?rest_route=%2Fwp%2Fv2%2Fcomments&post=49015"}],"version-history":[{"count":0,"href":"https:\/\/esreviral.com\/index.php?rest_route=\/wp\/v2\/posts\/49015\/revisions"}],"wp:featuredmedia":[{"embeddable":true,"href":"https:\/\/esreviral.com\/index.php?rest_route=\/wp\/v2\/media\/49019"}],"wp:attachment":[{"href":"https:\/\/esreviral.com\/index.php?rest_route=%2Fwp%2Fv2%2Fmedia&parent=49015"}],"wp:term":[{"taxonomy":"category","embeddable":true,"href":"https:\/\/esreviral.com\/index.php?rest_route=%2Fwp%2Fv2%2Fcategories&post=49015"},{"taxonomy":"post_tag","embeddable":true,"href":"https:\/\/esreviral.com\/index.php?rest_route=%2Fwp%2Fv2%2Ftags&post=49015"}],"curies":[{"name":"wp","href":"https:\/\/api.w.org\/{rel}","templated":true}]}}