{"id":48996,"date":"2024-02-08T10:13:23","date_gmt":"2024-02-08T15:13:23","guid":{"rendered":"https:\/\/esreviral.com\/?p=48996"},"modified":"2024-02-08T10:13:24","modified_gmt":"2024-02-08T15:13:24","slug":"la-casa-rosada-se-desligo-del-proyecto-para-derogar-la-ley-del-aborto","status":"publish","type":"post","link":"https:\/\/esreviral.com\/?p=48996","title":{"rendered":"La Casa Rosada se deslig\u00f3 del proyecto para derogar la ley del aborto"},"content":{"rendered":"\n<p>El vocero presidencial,\u00a0<strong>Manuel Adorni<\/strong>, asegur\u00f3 este jueves que la\u00a0<strong>derogaci\u00f3n de la ley<\/strong>\u00a0<strong>de aborto legal no est\u00e1 en la agenda\u00a0<\/strong>de\u00a0<strong>Javier Milei<\/strong>, horas despu\u00e9s de que un\u00a0<strong>grupo de diputados de La Libertad Avanza<\/strong>\u00a0(LLA) presentara un\u00a0proyecto en ese sentido.<\/p>\n\n\n\n<p>\u201c<strong>No es parte de la agenda del Presidente<\/strong>, no es decisi\u00f3n del Presidente y no est\u00e1 impulsada (la iniciativa) de ninguna manera por el Poder Ejecutivo\u201d, afirm\u00f3 Adorni en su habitual conferencia de prensa en la Casa Rosada.<\/p>\n\n\n\n<p>Y agreg\u00f3, sin m\u00e1s detalles: \u201c(El Gobierno) est\u00e1 preocupado y abocado en trabajar sin descanso en&nbsp;<strong>otros temas que son much\u00edsimo m\u00e1s urgentes<\/strong>\u201d.<\/p>\n\n\n\n<p>El proyecto, impulsado por la diputada nacional\u00a0<strong>Roc\u00edo Bonacci<\/strong>, lleva tambi\u00e9n la firma de\u00a0<strong>Oscar Zago<\/strong>, jefe del bloque de La Libertad Avanza; y los legisladores\u00a0<strong>Lilia Lemoine<\/strong>, Benedit Beltr\u00e1n, Mar\u00eda Fernanda Araujo y Manuel Quintar; quienes piden la\u00a0<strong>derogaci\u00f3n de la Ley de Interrupci\u00f3n Voluntaria del Embarazo (IVE)<\/strong>, aprobada el 30 de diciembre de 2020 y promulgada el 14 de enero de 2021, y\u00a0<strong>que el aborto sea un delito penal<\/strong>\u00a0tanto para la mujer como para quienes participen en la intervenci\u00f3n.<\/p>\n\n\n<div class=\"wp-block-image\">\n<figure class=\"aligncenter size-full\"><img fetchpriority=\"high\" decoding=\"async\" width=\"640\" height=\"480\" src=\"https:\/\/esreviral.com\/wp-content\/uploads\/2024\/02\/15ddb6_bc0400ef4fdf4829963e9a107539b61bmv2.webp\" alt=\"\" class=\"wp-image-48997\" srcset=\"https:\/\/esreviral.com\/wp-content\/uploads\/2024\/02\/15ddb6_bc0400ef4fdf4829963e9a107539b61bmv2.webp 640w, https:\/\/esreviral.com\/wp-content\/uploads\/2024\/02\/15ddb6_bc0400ef4fdf4829963e9a107539b61bmv2-300x225.webp 300w\" sizes=\"(max-width: 640px) 100vw, 640px\" \/><\/figure><\/div>\n\n\n<p><\/p>\n\n\n\n<p>Adem\u00e1s, el texto&nbsp;<strong>no presenta eximente en los casos de violaci\u00f3n<\/strong>, aunque deja a criterio del juez que disponga la excepci\u00f3n de la pena para la mujer \u201cen atenci\u00f3n a los motivos que la impulsaron a cometer el delito, su actitud posterior, y la naturaleza del hecho\u201d.&nbsp;<strong>La mujer ser\u00eda sancionada con c\u00e1rcel de uno a tres a\u00f1os<\/strong>.<\/p>\n\n\n\n<p>Tras el revuelo que gener\u00f3 la noticia, la diputada\u00a0<strong>Roc\u00edo Bonacci aclar\u00f3 que el proyecto es una iniciativa propia<\/strong>\u00a0y \u201cno del Poder Ejecutivo\u201d. \u201cEl proyecto es mi iniciativa no del Ejecutivo y<strong>\u00a0ha sido puesto a la consideraci\u00f3n del cuerpo que integro<\/strong>. Defiendo la vida. Ni m\u00e1s, ni menos\u201d, public\u00f3 la diputada por la madrugada en su cuenta de la plataforma X, antes conocida como Twitter.<\/p>\n\n\n\n<p>Bonacci aclar\u00f3 -en respuesta a un usuario- que<strong>&nbsp;\u201cno son firmas de pu\u00f1o y letra\u201d&nbsp;<\/strong>sino \u201cacompa\u00f1amientos de miembros de mi bloque, con los que&nbsp;<strong>previamente charlamos<\/strong>&nbsp;acerca de este proyecto, algunos por WhatsApp y otros personalmente\u201d.<\/p>\n\n\n\n<p>Y agreg\u00f3: \u201cPod\u00edan estar o no. No s\u00e9 por qu\u00e9 tienen el af\u00e1n de llamarle operaci\u00f3n a todo\u201d, en respuesta a versiones que indicaban que esos diputados libertarios no acompa\u00f1aban la iniciativa. Y ante una consulta sobre si el proyecto lo hab\u00eda presentado\u00a0<strong>sin autorizaci\u00f3n de Milei<\/strong>, la diputada contest\u00f3: \u201cLos diputados pueden y deben presentar proyectos.\u00a0<strong>No sab\u00eda que tenia que pedir permiso para proceder<\/strong>\u201d.<\/p>\n\n\n\n<p>Tras la difusi\u00f3n del proyecto,&nbsp;<strong>referentes pol\u00edticos de la oposici\u00f3n<\/strong>&nbsp;se expresaron en contra de la iniciativa impulsada por los legisladores libertarios. La vicepresidenta de la C\u00e1mara de Diputados de la Naci\u00f3n,&nbsp;<strong>Cecilia Moreau<\/strong>, se expres\u00f3 a trav\u00e9s de su cuenta de X (exTwitter):&nbsp;<strong>\u201cLos derechos conquistados no van a ser arrebatados. Buscan cambiar de tema, se equivocan otra vez\u201d<\/strong>.<\/p>\n\n\n\n<p>A su vez, la diputada&nbsp;<strong>Margarita Stolbizer<\/strong>&nbsp;tambi\u00e9n se expres\u00f3 en su red social:\u201cVamos a&nbsp;<strong>defender la vigencia e implementaci\u00f3n<\/strong>&nbsp;de la Ley 27.610 porque protege el derecho a la interrupci\u00f3n voluntaria del embarazo, evita la muerte de muchas mujeres, sobre todo las m\u00e1s pobres frente a un estado que todav\u00eda se pretende hacer m\u00e1s ausente\u201d.<\/p>\n\n\n\n<p>Y la diputada de izquierda<strong>\u00a0Myriam Bregman<\/strong>\u00a0tambi\u00e9n apunt\u00f3 contra los legisladores libertarios y poste\u00f3: \u201cSe ve a diputados de La Libertad Avanza desesperados por volver a usar a la reacci\u00f3n patriarcal como elemento aglutinador, ahora, siendo Gobierno y en medio de tarifazos, ajustes y una inflaci\u00f3n desatada\u201d.<\/p>\n\n\n\n<p class=\"has-text-align-right\"><strong><em>tn.-<\/em><\/strong><\/p>\n","protected":false},"excerpt":{"rendered":"<p>Lo asegur\u00f3 el vocero presidencial, Manuel Adorni, horas despu\u00e9s de que un grupo de diputados del oficialismo presentara el proyecto en el Congreso.<\/p>\n","protected":false},"author":3,"featured_media":48998,"comment_status":"open","ping_status":"open","sticky":false,"template":"","format":"standard","meta":{"jnews-multi-image_gallery":[],"jnews_single_post":{"subtitle":"","format":"standard","video":"","gallery":"","source_name":"","source_url":"","via_name":"","via_url":"","override_template":"0","override":[{"template":"4","single_blog_custom":"","parallax":"1","fullscreen":"1","layout":"right-sidebar","sidebar":"default-sidebar","second_sidebar":"default-sidebar","sticky_sidebar":"1","share_position":"top","share_float_style":"share-monocrhome","show_share_counter":"1","show_view_counter":"1","show_featured":"1","show_post_meta":"1","show_post_author":"1","show_post_author_image":"1","show_post_date":"1","post_date_format":"default","post_date_format_custom":"Y\/m\/d","show_post_category":"1","show_post_reading_time":"1","post_reading_time_wpm":"300","show_zoom_button":"1","zoom_button_out_step":"2","zoom_button_in_step":"3","show_post_tag":"1","show_prev_next_post":"1","show_popup_post":"1","number_popup_post":"1","show_author_box":"1","show_post_related":"1","show_inline_post_related":"0"}],"override_image_size":"0","image_override":[{"single_post_thumbnail_size":"crop-500","single_post_gallery_size":"crop-500"}],"trending_post":"0","trending_post_position":"meta","trending_post_label":"Trending","sponsored_post":"0","sponsored_post_label":"Sponsored by","sponsored_post_name":"","sponsored_post_url":"","sponsored_post_logo_enable":"0","sponsored_post_logo":"","sponsored_post_desc":"","disable_ad":"0"},"jnews_primary_category":{"id":"","hide":""},"jnews_social_meta":{"fb_title":"","fb_description":"","fb_image":"","twitter_title":"","twitter_description":"","twitter_image":""},"jnews_review":[],"enable_review":"0","type":"percentage","name":"","summary":"","brand":"","sku":"","good":[{"good_text":""}],"bad":[{"bad_text":""}],"score_override":"","override_value":"","rating":[{"rating_text":"","rating_number":"10"}],"price":[{"shop":"","price":"","link":"","icon":""}],"jnews_override_counter":{"override_view_counter":"0","view_counter_number":"0","override_share_counter":"0","share_counter_number":"0","override_like_counter":"0","like_counter_number":"0","override_dislike_counter":"0","dislike_counter_number":"0"},"jnews_post_split":{"enable_post_split":"0","post_split":[{"template":"1","tag":"h2","numbering":"asc","mode":"normal","first":"0","enable_toc":"0","toc_type":"normal"}]},"footnotes":""},"categories":[58,59],"tags":[229,44,3105,1158,11982,12936,45],"class_list":["post-48996","post","type-post","status-publish","format-standard","has-post-thumbnail","hentry","category-argentina","category-politica","tag-aborto-legal","tag-argentina","tag-casa-rosada","tag-javier-milei","tag-la-libertad-avanza","tag-manuel-adorni","tag-noticias"],"amp_enabled":true,"_links":{"self":[{"href":"https:\/\/esreviral.com\/index.php?rest_route=\/wp\/v2\/posts\/48996"}],"collection":[{"href":"https:\/\/esreviral.com\/index.php?rest_route=\/wp\/v2\/posts"}],"about":[{"href":"https:\/\/esreviral.com\/index.php?rest_route=\/wp\/v2\/types\/post"}],"author":[{"embeddable":true,"href":"https:\/\/esreviral.com\/index.php?rest_route=\/wp\/v2\/users\/3"}],"replies":[{"embeddable":true,"href":"https:\/\/esreviral.com\/index.php?rest_route=%2Fwp%2Fv2%2Fcomments&post=48996"}],"version-history":[{"count":0,"href":"https:\/\/esreviral.com\/index.php?rest_route=\/wp\/v2\/posts\/48996\/revisions"}],"wp:featuredmedia":[{"embeddable":true,"href":"https:\/\/esreviral.com\/index.php?rest_route=\/wp\/v2\/media\/48998"}],"wp:attachment":[{"href":"https:\/\/esreviral.com\/index.php?rest_route=%2Fwp%2Fv2%2Fmedia&parent=48996"}],"wp:term":[{"taxonomy":"category","embeddable":true,"href":"https:\/\/esreviral.com\/index.php?rest_route=%2Fwp%2Fv2%2Fcategories&post=48996"},{"taxonomy":"post_tag","embeddable":true,"href":"https:\/\/esreviral.com\/index.php?rest_route=%2Fwp%2Fv2%2Ftags&post=48996"}],"curies":[{"name":"wp","href":"https:\/\/api.w.org\/{rel}","templated":true}]}}