{"id":4896,"date":"2021-03-13T12:25:22","date_gmt":"2021-03-13T15:25:22","guid":{"rendered":"http:\/\/esreviral.com\/?p=4896"},"modified":"2021-03-13T12:25:22","modified_gmt":"2021-03-13T15:25:22","slug":"ocho-anos-del-pontificado-de-francisco-el-papa-que-abrio-la-iglesia","status":"publish","type":"post","link":"https:\/\/esreviral.com\/?p=4896","title":{"rendered":"Ocho a\u00f1os del pontificado de Francisco, el Papa que abri\u00f3 la iglesia"},"content":{"rendered":"\n<p>Elegido Papa el 13 de marzo de 2013, el primer pont\u00edfice latinoamericano de la historia ha impulsado reformas, cambios en la curia y ha demostrado gestos transformadores en muchos \u00e1mbitos. Con su\u00a0\u00abpontificado itinerante\u00bb, recorri\u00f3 el mundo para pedir\u00a0\u00abTierra, Techo y Trabajo\u00bb y recordar a toda la humanidad que \u00abNadie se salva solo\u00bb. \u00a0<\/p>\n\n\n\n<p><strong><span style=\"background-color:#9a1b22\" class=\"td_text_highlight_marker\">Del pedido de \u00abTierra, Techo y Trabajo\u00bb a \u00abNadie se salva solo\u00bb<\/span><\/strong><\/p>\n\n\n\n<p>Desde su elecci\u00f3n en 2013 como el Papa n\u00famero 266 de la Iglesia Cat\u00f3lica, el primero latinoamericano de la historia, Francisco ha impulsado reformas, cambios y gestos transformadores en muchos \u00e1mbitos, algunos de ellos ya imborrables como el pedido universal de \u00abTierra, Techo y Trabajo\u00bb y el recuerdo a la humanidad de que \u00abNadie se salva solo\u00bb.<\/p>\n\n\n\n<p>Muchas de estas iniciativas derivan de su primer escrito como Papa, la exhortaci\u00f3n Evangelii gaudium (La alegr\u00eda del Evangelio, 2013), un texto program\u00e1tico en el que, entre otras definiciones,plantea&nbsp;<strong>los cuatro principios rectores de su pensamiento y que luego ha ido aplicando en su pontificado<\/strong>: 1. La realidad es m\u00e1s importante que la idea; 2. El tiempo es superior al espacio; 3. El todo es superior a la parte; 4. La unidad prevalece sobre el conflicto.<\/p>\n\n\n\n<p><strong>1. La realidad es m\u00e1s importante que la idea<\/strong>:<strong>&nbsp;Los pasos concretos con los movimientos populares<\/strong><\/p>\n\n\n\n<p>Adem\u00e1s de sus discursos al mundo del trabajo y la econom\u00eda, una de las revoluciones del pontificado de Francisco es su acercamiento al colectivo de los movimientos populares del mundo, que\u00a0inici\u00f3 en 2014 con un encuentro en el Vaticano\u00a0y repiti\u00f3 luego en Bolivia en 2015 y otra vez en Roma en 2016.<\/p>\n\n\n\n<p>En esa trilog\u00eda,\u00a0<strong>supo darle forma concreta a las ideas de los diversos grupos de \u00abdescartados\u00bb<\/strong>, como \u00e9l llama a los que se quedan fuera del sistema,\u00a0<strong>y materializ\u00f3 el lema de las denominadas \u00abtres T\u00bb, Tierra, Techo y Trabajo<\/strong>, convertido desde entonces no s\u00f3lo en un emblema de reivindicaciones sino en un reclamo real que traduce las demandas de gran parte de la humanidad.<\/p>\n\n\n\n<blockquote class=\"wp-block-quote td_quote_box td_box_center is-layout-flow wp-block-quote-is-layout-flow\"><p>\u00abEste encuentro nuestro responde a un anhelo muy concreto, algo que cualquier padre, cualquier madre quiere para sus hijos; un anhelo que deber\u00eda estar al alcance de todos, pero hoy vemos con tristeza cada vez m\u00e1s lejos de la mayor\u00eda: tierra, techo y trabajo. Es extra\u00f1o pero si hablo de esto para algunos resulta que el Papa es comunista\u00bb, les dijo durante el primer encuentro, el 28 de octubre de 2014.<\/p><\/blockquote>\n\n\n\n<p><img decoding=\"async\" src=\"https:\/\/www.telam.com.ar\/advf\/imagenes\/2021\/03\/604a55faa1a03_1004x642.jpg\" alt=\"Foto: AFP.\">Foto: AFP.<\/p>\n\n\n\n<p><strong>2. El tiempo es superior al espacio: El acercamiento a China y las reformas en la Curia romana<\/strong><\/p>\n\n\n\n<p>Francisco se ha esforzado en poner en marcha procesos de reformas y cambios que no madurar\u00e1n en su pontificado pero que, conf\u00eda, terminar\u00e1n teniendo una din\u00e1mica irreversible cuando abandone el sill\u00f3n de sucesor de Pedro.<\/p>\n\n\n\n<p>Es en ese marco que se engloba el acuerdo firmado con China en 2018 para la designaci\u00f3n conjunta de obispos, que signific\u00f3 el primer paso de acercamiento bilateral en m\u00e1s de 50 a\u00f1os, una decisi\u00f3n que marca la apertura de Roma hacia Oriente m\u00e1s all\u00e1 de los 10 millones de cat\u00f3licos estimados en el pa\u00eds asi\u00e1tico y que pone de relieve el rol geopol\u00edtico de la Santa Sede bajo la gu\u00eda de Bergoglio.<\/p>\n\n\n\n<p>A inicios de a\u00f1o, el Papa destac\u00f3 el acuerdo firmado entre las dos diplomacias m\u00e1s longevas del planeta, pese incluso a las presiones recibidas de parte de otras potencias, y afirm\u00f3 que \u00abla Santa Sede espera que el camino emprendido contin\u00fae, en un esp\u00edritu de respeto y de confianza rec\u00edproca, contribuyendo a\u00fan m\u00e1s a la resoluci\u00f3n de cuestiones de inter\u00e9s com\u00fan\u00bb.<\/p>\n\n\n\n<p>Con el mismo objetivo, la Curia romana impuls\u00f3 una serie de cambios enmarcados en la redacci\u00f3n de una nueva Constituci\u00f3n que plasmar\u00e1 la mirada franciscana de la Iglesia, se titular\u00e1 \u00abPrediquen el Evangelio\u00bb y se espera est\u00e9 terminada en 2021, tras siete a\u00f1os de trabajo del Papa con su consejo de cardenales asesores.<\/p>\n\n\n\n<p>La nueva Carta Magna, que reemplazar\u00e1 a una sancionada por Juan Pablo II en 1988, le dar\u00e1 \u00abrango constitucional\u00bb a muchos de los avances de Francisco en temas como la lucha contra la pederast\u00eda en la Iglesia y la b\u00fasqueda de transparencia en las finanzas vaticanas.<\/p>\n\n\n\n<p><img decoding=\"async\" src=\"https:\/\/www.telam.com.ar\/advf\/imagenes\/2021\/03\/604ba2e2388b3_1004x687.jpg\" alt=\"La nueva Constituci\u00f3n plasmar\u00e1 la mirada franciscana de la Iglesia y se titular\u00e1 &quot;Prediquen el Evangelio&quot;.\">La nueva Constituci\u00f3n plasmar\u00e1 la mirada franciscana de la Iglesia y se titular\u00e1 \u00abPrediquen el Evangelio\u00bb.<\/p>\n\n\n\n<p><strong>3. El todo es superior a la parte: La mirada integral sobre ambiente y migraci\u00f3n<\/strong><\/p>\n\n\n\n<p>A mediados de 2015, Francisco sorprendi\u00f3 al mundo con&nbsp;<a href=\"https:\/\/www.telam.com.ar\/notas\/201506\/109324-francisco-condena-el-calentamiento-global-y-llama-a-tomar-conciencia-en-su-enciclica-sobre-medio-ambiente.html\" target=\"_blank\" rel=\"noreferrer noopener\">la publicaci\u00f3n de su enc\u00edclica &#8216;Laudato si&#8217;<\/a>, un escrito que, como \u00e9l defini\u00f3, no se trata solo de un documento ambiental sino que ofrece una amplia perspectiva social. La enc\u00edclica dio origen a centenares de movimientos y fundaciones en Argentina y el mundo, al tiempo que jug\u00f3 un rol determinante en la firma ese mismo a\u00f1o del denominado Acuerdo de Par\u00eds.<\/p>\n\n\n\n<p>Adem\u00e1s, introdujo por primera vez una perspectiva integral, en la que \u00abel todo es superior a la parte\u00bb, para analizar el complejo entramado de causas y consecuencias derivadas del cambio clim\u00e1tico y los procesos de concentraci\u00f3n de la riqueza a nivel mundial, productos de una \u00abeconom\u00eda que mata\u00bb, como el Papa la describi\u00f3.<\/p>\n\n\n\n<p>Bajo este principio de Francisco se engloba tambi\u00e9n otro de los ejes distintivos de su pontificado, la manera en que le \u00abpreocupa la triste situaci\u00f3n de tantos emigrantes y refugiados que huyen de las guerras, de las persecuciones, de los desastres naturales y de la pobreza\u00bb, como plante\u00f3 en un discurso en 2017.<\/p>\n\n\n\n<p>El Papa se refiere siempre a los migrantes y refugiados como v\u00edctimas \u00aben l\u00edneas generales\u00bb de un sistema en el que \u00abcada vez hay menos ricos con mucha plata y cada vez hay m\u00e1s pobres con muy poca plata\u00bb, seg\u00fan explic\u00f3 en 2019. Y tambi\u00e9n suele destacar, como hizo en 2016, que las migraciones derivan de las guerras y los \u00abdesastres naturales que podr\u00edan ser evitados o por lo menos limitados, ya que a menudo sus efectos son debidos a la falta de cuidado del medio ambiente por parte del hombre\u00bb.<\/p>\n\n\n\n<p><img decoding=\"async\" src=\"https:\/\/www.telam.com.ar\/advf\/imagenes\/2021\/03\/604361a57c68f_1004x565.jpg\" alt=\"En Irak, Francisco se reuni\u00f3 con el gran ayatollah Ali al-Sistani.\">En Irak, Francisco se reuni\u00f3 con el gran ayatollah Ali al-Sistani.<\/p>\n\n\n\n<p><strong>4. La unidad prevalece sobre el conflicto: Los acercamientos al mundo isl\u00e1mico y el recuerdo de que \u00abNadie se salva solo\u00bb<\/strong><\/p>\n\n\n\n<p>Si bien el di\u00e1logo interreligioso es una de las herencias que Bergoglio llev\u00f3 a Roma de su paso como arzobispo de Buenos Aires, le dio una impronta decisiva desde sus primeros d\u00edas como Papa. En ese \u00e1mbito el pont\u00edfice impulsa una unidad entre las religiones para hacer frente a los desaf\u00edos de la humanidad, especialmente tras la pandemia de coronavirus.<\/p>\n\n\n\n<p><a href=\"https:\/\/www.telam.com.ar\/notas\/202103\/546649-el-papa-se-despidio-de-irak-con-mensajes-contra-el-terrorismo-y-por-una-reconstruccion-sin-venganza.html\" target=\"_blank\" rel=\"noreferrer noopener\">Su reciente visita a Irak<\/a>&nbsp;fue su und\u00e9cimo viaje a un pa\u00eds con mayor\u00eda musulmana y, adem\u00e1s, su enc\u00edclica de 2020, Fratelli tutti (Hermanos todos), fue un llamado a la fraternidad mundial m\u00e1s all\u00e1 de las religiones, en la que incluy\u00f3 una oraci\u00f3n \u00abpara estrechar lazos de unidad, de proyectos comunes, de esperanzas compartidas\u00bb.<\/p>\n\n\n\n<p>En ese marco y bajo este principio rector, se lee tambi\u00e9n otro de los grandes hitos de su pontificado: el hist\u00f3rico rezo en soledad en la Plaza San Pedro hace casi un a\u00f1o, el 27 de marzo de 2020, cuando le dijo a la humanidad que \u00abnadie se salva solo\u00bb frente a una pandemia con la que, afirm\u00f3, todos \u00abnos dimos cuenta de que est\u00e1bamos en la misma barca, todos fr\u00e1giles y desorientados\u00bb.<\/p>\n\n\n\n<p id=\"contenido2\"><strong><span style=\"background-color:#9a1b22\" class=\"td_text_highlight_marker\">Creaci\u00f3n de cardenales y viajes, dos formas de reivindicar las periferias<\/span><\/strong><\/p>\n\n\n\n<p>Propulsor de una Iglesia que vaya a las \u00abperiferias\u00bb para \u00abver el mundo tal cual es\u00bb, el papa Francisco visit\u00f3<strong>&nbsp;53 pa\u00edses en sus ocho a\u00f1os de pontificado<\/strong>, una pol\u00edtica de apertura hacia naciones no \u00abcentrales\u00bb que tambi\u00e9n qued\u00f3 plasmada en la<strong>&nbsp;creaci\u00f3n de 95 cardenales&nbsp;<\/strong>desde que fue elegido el 13 de marzo de 2013.<\/p>\n\n\n\n<figure class=\"wp-block-embed-wordpress wp-block-embed is-type-wp-embed is-provider-knight-lab\"><div class=\"wp-block-embed__wrapper\">\n<iframe class=\"wp-embedded-content\" sandbox=\"allow-scripts\" security=\"restricted\" src='https:\/\/uploads.knightlab.com\/storymapjs\/d14ba9ab97009ffab1fc277a6bdd8054\/los-viajes-del-papa-francisco\/index.html#?secret=RYROrdf84D' data-secret='RYROrdf84D' width='500' height='700' frameborder='0'><\/iframe>\n<\/div><\/figure>\n\n\n\n<p>Apenas dos semanas despu\u00e9s de ser elegido, durante la Misa Crismal del 28 de marzo de 2013, el entonces flamante Papa dejaba ya clara su predilecci\u00f3n por una Iglesia que pueda llegar a \u00ablos bordes de la realidad, cuando ilumina las situaciones l\u00edmites, las periferias\u00bb.<\/p>\n\n\n\n<p>Esa elecci\u00f3n, que tiene como ra\u00edz una interpretaci\u00f3n que la fil\u00f3sofa argentina Amelia Podetti (1928-1979) hace del pensador alem\u00e1n Georg W. F. Hegel, se ha mantenido desde entonces como una constante durante los ochos de pontificado de Jorge Bergoglio, que en su \u00faltimo libro plantea que \u00abhay que ir a la periferia si se quiere ver el mundo tal cual es\u00bb.<\/p>\n\n\n\n<p>\u00abSiempre pens\u00e9 que uno ve el mundo m\u00e1s claro desde la periferia, pero en estos \u00faltimos siete a\u00f1os como Papa, termin\u00e9 de comprobarlo. Para encontrar un futuro nuevo hay que ir a la periferia\u00bb, escribi\u00f3 el Papa en el libro So\u00f1emos juntos, de diciembre de 2020.<\/p>\n\n\n\n<p>En ese libro, plante\u00f3 que su forma de poder hacer realidad esa idea es a trav\u00e9s de los viajes que realiza fuera de Italia: \u00abUno no puede ir a la periferia en lo abstracto\u00bb, argument\u00f3.<\/p>\n\n\n\n<p>Desde su entronizaci\u00f3n en 2013, Francisco ha hecho<strong>&nbsp;33 viajes en los que visit\u00f3 53 pa\u00edses de cuatro continentes<\/strong>, a la espera de que el viaje que el a\u00f1o pasado debi\u00f3 suspender por la pandemia a Pap\u00faa Nueva Guinea le permita pisar Ocean\u00eda por primera vez en cuanto mejore la situaci\u00f3n epidemiol\u00f3gica.<\/p>\n\n\n\n<p>En sus viajes, Bergoglio se ha regido muchas veces por el criterio de hacerse presente en los pa\u00edses en los que ha sentido que se necesitaba su ayuda, explic\u00f3 a T\u00e9lam la directora de la edici\u00f3n en espa\u00f1ol del diario oficial del Vaticano, L&#8217;Osservatore Romano, la argentina Silvina P\u00e9rez.<\/p>\n\n\n\n<figure class=\"wp-block-image\"><img decoding=\"async\" src=\"https:\/\/www.telam.com.ar\/advf\/imagenes\/2021\/03\/604b90149a7b1_1004x908.jpg\" alt=\"\" title=\"\"\/><\/figure>\n\n\n\n<p>As\u00ed, adem\u00e1s de su reciente viaje a Irak, en el que se convirti\u00f3 el primer pont\u00edfice de la historia en pisar Bagdad, el Papa tambi\u00e9n lleg\u00f3 con su mensaje de paz y amistad<a href=\"https:\/\/www.telam.com.ar\/notas\/201501\/92277-francisco-en-filipinas.php\" target=\"_blank\" rel=\"noreferrer noopener\">a pa\u00edses como Filipinas, en 2015<\/a>, luego del mort\u00edfero paso del tif\u00f3n Haiyan; o en naciones como Rep\u00fablica Centroafricana, a donde fue en 2015 para animar el proceso de di\u00e1logo entre las fuerzas pol\u00edticas del siempre convulsionado pa\u00eds.<\/p>\n\n\n\n<p>Con igual esp\u00edritu de alcanzar las periferias antes que el centro, se pueden analizar las visitas del Papa dentro de Europa: Francisco fue a&nbsp;<strong>Bosnia y Herzegovina<\/strong>&nbsp;en 2015 a fomentar el proceso de paz en la regi\u00f3n. Y visit\u00f3 la isla griega de&nbsp;<strong>Lesbos<\/strong>&nbsp;en 2016 para visibilizar la situaci\u00f3n de los refugiados y migrantes, mientras a\u00fan no ha visitado potencias del continente como Alemania, Francia y Espa\u00f1a.<\/p>\n\n\n\n<p>En esa misma l\u00ednea,&nbsp;<strong>Francisco fue en 2017 el primer Papa de la historia en visitar Myanmar<\/strong>, a donde lleg\u00f3 para visibilizar lo que la ONU y organizaciones de derechos humanos califican como una limpieza \u00e9tnica o un genocidio contra la minor\u00eda musulmana de los rohingya.<\/p>\n\n\n\n<p>Con a\u00f1os como 2019, en los que hizo siete viajes a 11 pa\u00edses, y otros como 2020, en el que no sali\u00f3 de Italia por causa de la pandemia, Francisco&nbsp;<strong>ha utilizado sus peregrinaciones para llevar adelante un \u00abpontificado itinerante\u00bb<\/strong>, como lo describi\u00f3 su exvocero Alessandro Gisotti.<\/p>\n\n\n\n<p>Con 11 pa\u00edses americanos visitados desde 2013, es justamente&nbsp;<strong>Cuba la \u00fanica naci\u00f3n en la que el Papa ha estado dos veces<\/strong>: primero como parte de un viaje que tambi\u00e9n incluy\u00f3 Estados Unidos, en 2015, y luego en febrero de 2016 para mantener en la isla caribe\u00f1a el hist\u00f3rico encuentro con el patriarca ortodoxo Cirilo, que puso fin a casi mil a\u00f1os de divisi\u00f3n entre las dos iglesias.<\/p>\n\n\n\n<p>\u00abSiempre pens\u00e9 que uno ve el mundo m\u00e1s claro desde la periferia, pero en estos \u00faltimos siete a\u00f1os como Papa, termin\u00e9 de comprobarlo\u00bbFRANCISCO<br>Con una mirada similar pueden leerse los siete consistorios que ha celebrado Francisco para crear&nbsp;<strong>95 cardenales a lo largo de su pontificado, dise\u00f1ando de hecho el cuerpo electoral que deber\u00e1 elegir a su sucesor<\/strong><\/p>\n\n\n\n<p>Desde 2013, Francisco ha designado a&nbsp;<strong>18 cardenales provenientes de pa\u00edses que jam\u00e1s en su historia hab\u00edan contado con un purpurado en la Santa Sede<\/strong>, muchos de ellos oriundos de naciones en desarrollo.<\/p>\n\n\n\n<p>En 2020, nombr\u00f3 nuevos purpurados de Ruanda y Brunei, y antes de Cabo Verde, Hait\u00ed y Tonga, entre otros. Tambi\u00e9n ha elegido cardenales de pa\u00edses de poca tradici\u00f3n cat\u00f3lica, como Uruguay, que desde 2014 cuenta con el salesiano Daniel Sturla como cardenal, el segundo en la historia del pa\u00eds vecino.<\/p>\n\n\n\n<p>Con los cardenales que ha creado, que en 2020 incluyeron tambi\u00e9n al primer estadounidense afroamericano de la historia, el arzobispo de Washington Winston Gregory, 73 de los 126 purpurados que actualmente est\u00e1n condiciones de votar en un eventual conclave por tener menos de 80 a\u00f1os fueron creados por Francisco.<\/p>\n\n\n\n<p>La proporci\u00f3n, que ir\u00e1 creciendo conforme los purpurados creados por sus predecesores Juan Pablo II y Benedicto XVI vayan superando el l\u00edmite de edad, es una marca de la descentralizaci\u00f3n que el Papa aspira a dejar como legado entre los cardenales que deber\u00e1n elegir a su sucesor. De hecho, en lo que queda de 2021, otros cuatro purpurados llegar\u00e1n al l\u00edmite de edad de 80 a\u00f1os para votar en un c\u00f3nclave: ninguno fue creado por Francisco.<\/p>\n\n\n\n<p><img decoding=\"async\" src=\"https:\/\/www.telam.com.ar\/advf\/imagenes\/2021\/03\/604a615bb4416_1004x689.jpg\" alt=\"Cuba, el \u00fanico pa\u00eds que Francisco visit\u00f3 dos veces.\">Cuba, el \u00fanico pa\u00eds que Francisco visit\u00f3 dos veces.<br>Tras los \u00faltimos cardenales creados por el Papa,&nbsp;<strong>a fines de 2020, la geograf\u00eda de los cardenales electores quedaba con una repartici\u00f3n de 17 cardenales para \u00c1frica, 17 para Asia, 24 para Am\u00e9rica Latina, 13 para Am\u00e9rica del Norte, 4 para Ocean\u00eda y 54 para Europa.<\/strong><\/p>\n\n\n\n<p>Si bien Europa todav\u00eda tiene la mayor proporci\u00f3n de cardenales electores, con un 42%, est\u00e1 por debajo del 52% que reun\u00eda en 2013 cuando Jorge Bergoglio fue elegido como el primer Papa latinoamericano de la historia.<\/p>\n\n\n\n<p><img decoding=\"async\" src=\"https:\/\/www.telam.com.ar\/advf\/imagenes\/2021\/03\/604a55faabac6_1004x827.jpg\" alt=\"Foto: AFP.\">Foto: AFP.<br>La dos veces presidenta de Chile, Michelle Bachelet, puso la lupa sobre la \u00abhumildad (del papa) y consecuencia de vida, su opci\u00f3n por los pobres y el cuidado de la casa com\u00fan, adem\u00e1s de su espontaneidad y cercan\u00eda.\u00bb<\/p>\n\n\n\n<p>\u00abSignificativo es tambi\u00e9n que sea un Papa latinoamericano y jesuita\u00bb, agreg\u00f3.<\/p>\n\n\n\n<p>En di\u00e1logo con T\u00e9lam, Bachelet tambi\u00e9n quiso destacar la importancia de los gestos que tiene Francisco con la gente: \u00abPor diversas circunstancias he conversado con \u00e9l en varias oportunidades, la m\u00e1s reciente en agosto pasado en Roma y lo primero que me dijo fue que sent\u00eda la muerte de mi madre\u00bb, plante\u00f3.<\/p>\n\n\n\n<p>\u00abMe emocion\u00f3 adem\u00e1s que recordara la conversaci\u00f3n que tuvo con ella en enero de 2018 cuando vino en visita oficial a Chile. Fue para m\u00ed muy significativo, un gesto de su humanidad\u00bb, valor\u00f3 Bachelet.<\/p>\n\n\n\n<p>La elecci\u00f3n de vivir en el antiguo hotel para cardenales, admiti\u00f3, le permiti\u00f3 moverse con m\u00e1s comodidad y escapar a la soledad que puede rodear a la vida en los aposentos del Palacio y que, como \u00e9l mismo fue testigo, termin\u00f3 por aislar a algunos de los Papas que lo precedieron.<\/p>\n\n\n\n<p>En su habitaci\u00f3n del segundo piso de la residencia Casa Santa Marta, Francisco recibi\u00f3 a algunos visitantes en el peque\u00f1o sal\u00f3n ubicado a metros de la salida de los ascensores. Tres sillones individuales, mucha iconograf\u00eda de la Virgen y un tel\u00e9fono son parte del austero mobiliario del lugar.<\/p>\n\n\n\n<p>El propio Papa suele levantarse durante algunas reuniones para descolgar el tel\u00e9fono y comunicarse con uno de sus dos secretarios, el italiano Fabio Salerno, a quien, en uno de sus \u00faltimos encuentros, le record\u00f3 que traiga los libros que tiene preparados para dar de regalo al visitante.<\/p>\n\n\n\n<figure class=\"wp-block-image\"><img decoding=\"async\" src=\"https:\/\/www.telam.com.ar\/advf\/imagenes\/2021\/03\/604baff9e5746_1004x667.jpg\" alt=\"\" title=\"\"\/><\/figure>\n\n\n\n<p>En algunas ocasiones, es el mismo Jorge Bergoglio el que permite a quien lo visita ir a la sala contigua, en la que se amontonan pilas de los libros que ha escrito, y da v\u00eda libre a la selecci\u00f3n. \u00abEleg\u00ed los que quieras\u00bb, se le ha escuchado decir.<\/p>\n\n\n\n<p>En esa misma sala contigua, se acumulan tambi\u00e9n parte de las golosinas y productos argentinos, como alfajores, que le traen los visitantes. Incluso suele ironizar sobre el \u00abmito\u00bb que se cre\u00f3 alrededor de su supuesta preferencia por una marca en particular.<\/p>\n\n\n\n<p>Al Papa, en otro peque\u00f1o eje que marca su estilo revolucionario basado en gestos, le gusta compartir porciones de los dulces y tortas con cada uno de los hu\u00e9spedes de Santa Marta tras las cenas.<\/p>\n\n\n\n<p>Algunos domingos de invierno, incluso uno de sus secretarios y un gendarme recorrieron el interior del Vaticano para llevar, de parte del propio Papa, alfajores y dulces a todo el personal de seguridad encargado del turno noche.<\/p>\n\n\n\n<p>Para las comidas, el Papa suele compartir el comedor de la planta baja con el resto de los hu\u00e9spedes del Hotel. Solo en algunas ocasiones, cuando la comida se mezcla con alguna obligaci\u00f3n, le preparan una sala contigua para recibir a hu\u00e9spedes con los que, dada su apretada agenda, aprovecha para comer y trabajar.<\/p>\n\n\n\n<p>Por lo general, la agenda matutina del Papa, al menos en los tiempos de la \u00abvieja normalidad\u00bb pre-pand\u00e9mica, se daba a la ma\u00f1ana en el Palacio Apost\u00f3lico, con los encuentros formales, desde obispos y cardenales a jefes de Estado, y, por la tarde, en su residencia. Con una clara voluntad de separar la agenda institucional de la persona, solo las reuniones de la ma\u00f1ana se comunican de forma oficial a la prensa.<\/p>\n\n\n\n<p><img decoding=\"async\" src=\"https:\/\/www.telam.com.ar\/advf\/imagenes\/2021\/03\/604baffa0d1a7_1004x669.jpg\" alt=\"En los peque\u00f1os gestos cotidianos se ve el estilo revolucionario de Francisco.\">En los peque\u00f1os gestos cotidianos se ve el estilo revolucionario de Francisco.<br>Como algunos de sus hu\u00e9spedes o visitantes vespertinos muchas veces quieren contar al mundo entero que se reunieron con el papa, Francisco autoriz\u00f3 que la comunicaci\u00f3n de las reuniones de la tarde corra a cuenta de quien lo visita.<\/p>\n\n\n\n<p>Solo en ocasiones puntuales Francisco ha pedido al aparato comunicacional de la Santa Sede que grabe o divulgue los encuentros que tiene en su casa.<\/p>\n\n\n\n<p>Desde su residencia, mantiene la misma cercan\u00eda, impensada para un Papa pero l\u00f3gica en un \u00abpastor\u00bb, como a\u00fan se define, en sus comunicaciones con el exterior.<\/p>\n\n\n\n<p>El Papa suele escribir a mano las cartas que sus secretarios mandan por mail escaneadas y como archivo adjunto con el apellido del destinatario y la fecha. Cuando no escribe, ya son centenares las personas que han recibido una llamada desde un \u00abn\u00famero oculto\u00bb y al atender suena, con tranquilidad y cercan\u00eda, la voz que se presenta como papa Francisco.<\/p>\n\n\n\n<p><img decoding=\"async\" src=\"https:\/\/www.telam.com.ar\/advf\/imagenes\/2021\/03\/604a6be4a17c1_1004x703.jpg\" alt=\"Carta manuscrita del Papa a T\u00e9lam, por sus 75 a\u00f1os de historia.\">Carta manuscrita del Papa a T\u00e9lam, por sus 75 a\u00f1os de historia.<br>As\u00ed, el estilo revolucionario de Francisco, que luego se palpa en su forma de Gobierno de la Iglesia Cat\u00f3lica, empieza con los peque\u00f1os gestos cotidianos.<\/p>\n\n\n\n<p>Al terminar la charla con el argentino al que recibi\u00f3 a inicios de marzo y, pese a la ci\u00e1tica reciente, Francisco lo acompa\u00f1\u00f3 hacia los ascensores. A mitad de camino, volvi\u00f3 atr\u00e1s unos pasos y apag\u00f3 la luz del sal\u00f3n. Otro de los peque\u00f1os gestos que sirve como base al estilo Francisco, ese que sirve como pilar a la \u00abrevoluci\u00f3n\u00bb que busca en la iglesia y que, ha repetido, \u00abdebe empezar por casa\u00bb.<\/p>\n\n\n\n<p class=\"has-text-align-right\"><strong><em>Agencia Telam.-<\/em><\/strong><\/p>\n","protected":false},"excerpt":{"rendered":"<p>Elegido Papa el 13 de marzo de 2013, el primer pont\u00edfice latinoamericano de la historia ha impulsado reformas, cambios en la curia y ha demostrado gestos transformadores en muchos \u00e1mbitos. Con su\u00a0\u00abpontificado itinerante\u00bb, recorri\u00f3 el mundo para pedir\u00a0\u00abTierra, Techo y Trabajo\u00bb y recordar a toda la humanidad que \u00abNadie se salva solo\u00bb. \u00a0 Del pedido [&hellip;]<\/p>\n","protected":false},"author":2,"featured_media":4897,"comment_status":"open","ping_status":"open","sticky":false,"template":"","format":"standard","meta":{"jnews-multi-image_gallery":[],"jnews_single_post":[],"jnews_primary_category":[],"jnews_social_meta":[],"jnews_review":[],"enable_review":"","type":"","name":"","summary":"","brand":"","sku":"","good":[],"bad":[],"score_override":"","override_value":"","rating":[],"price":[],"jnews_override_counter":[],"jnews_post_split":[],"footnotes":""},"categories":[43,88],"tags":[128],"class_list":["post-4896","post","type-post","status-publish","format-standard","has-post-thumbnail","hentry","category-actualidad","category-internacionales","tag-papa-francisco"],"amp_enabled":true,"_links":{"self":[{"href":"https:\/\/esreviral.com\/index.php?rest_route=\/wp\/v2\/posts\/4896"}],"collection":[{"href":"https:\/\/esreviral.com\/index.php?rest_route=\/wp\/v2\/posts"}],"about":[{"href":"https:\/\/esreviral.com\/index.php?rest_route=\/wp\/v2\/types\/post"}],"author":[{"embeddable":true,"href":"https:\/\/esreviral.com\/index.php?rest_route=\/wp\/v2\/users\/2"}],"replies":[{"embeddable":true,"href":"https:\/\/esreviral.com\/index.php?rest_route=%2Fwp%2Fv2%2Fcomments&post=4896"}],"version-history":[{"count":0,"href":"https:\/\/esreviral.com\/index.php?rest_route=\/wp\/v2\/posts\/4896\/revisions"}],"wp:featuredmedia":[{"embeddable":true,"href":"https:\/\/esreviral.com\/index.php?rest_route=\/"}],"wp:attachment":[{"href":"https:\/\/esreviral.com\/index.php?rest_route=%2Fwp%2Fv2%2Fmedia&parent=4896"}],"wp:term":[{"taxonomy":"category","embeddable":true,"href":"https:\/\/esreviral.com\/index.php?rest_route=%2Fwp%2Fv2%2Fcategories&post=4896"},{"taxonomy":"post_tag","embeddable":true,"href":"https:\/\/esreviral.com\/index.php?rest_route=%2Fwp%2Fv2%2Ftags&post=4896"}],"curies":[{"name":"wp","href":"https:\/\/api.w.org\/{rel}","templated":true}]}}