{"id":4892,"date":"2021-03-13T11:59:15","date_gmt":"2021-03-13T14:59:15","guid":{"rendered":"http:\/\/esreviral.com\/?p=4892"},"modified":"2021-03-13T11:59:15","modified_gmt":"2021-03-13T14:59:15","slug":"nuevas-restricciones-con-distanciamiento-social-se-mantendra-en-argentina-hasta-el-9-de-abril","status":"publish","type":"post","link":"https:\/\/esreviral.com\/?p=4892","title":{"rendered":"Nuevas restricciones con distanciamiento social, se mantendr\u00e1 en Argentina hasta el 9 de abril"},"content":{"rendered":"\n<p>Finalmente, el Gobierno de Alberto Fern\u00e1ndez, public\u00f3 la madrugada de este s\u00e1bado las nuevas medidas que regir\u00e1n en Argentina hasta el 9 de abril, tiempo durante el cual el ejecutivo buscar\u00e1 aumentar el porcentaje de vacunados, que hasta es de s\u00f3lo el 4 % mientras que en Chile superan el 30 %. <\/p>\n\n\n\n<p>En vista de esta situaci\u00f3n, se decidieron nuevas restricciones como los vuelos internacionales provenientes de\u00a0<strong>M\u00e9xico, Europa, Per\u00fa, Ecuador, Colombia, Panam\u00e1, Chile, Estados Unidos y Brasil\u00a0<\/strong>para intentar prevenir el arribo de las\u00a0<strong>nuevas cepas de coronavirus.<\/strong><\/p>\n\n\n\n<p>En cuanto a las fronteras, se indica que la Direcci\u00f3n Nacional de Migraciones \u00abpodr\u00e1 establecer excepciones a las restricciones de ingreso al pa\u00eds con el fin de atender circunstancias de necesidad o de implementar lo dispuesto por el Jefe de Gabinete de Ministros\u00bb.<\/p>\n\n\n\n<p>En este \u00faltimo supuesto, la Direcci\u00f3n Nacional de Migraciones \u00abdeterminar\u00e1 y habilitar\u00e1 los pasos internacionales de ingreso al territorio nacional que resulten m\u00e1s convenientes al efecto y definir\u00e1 los pa\u00edses cuyos nacionales y residentes queden autorizados para ingresar al territorio nacional\u00bb.<\/p>\n\n\n\n<p>La ministra de salud, Carla Vizzotti explic\u00f3 que\u00a0\u201clo que buscamos con las nuevas medidas es retrasar lo m\u00e1s posible el aumento de para poder sostener la vacunaci\u00f3n\u00a0en aquellas personas que tienen m\u00e1s riesgo de fallecer\u201d.<\/p>\n\n\n\n<blockquote class=\"wp-block-quote td_quote_box td_box_center is-layout-flow wp-block-quote-is-layout-flow\"><p> \u201cHay un aumento sostenido y preocupante de casos en la regi\u00f3n\u201d. <strong><a href=\"https:\/\/www.lanacion.com.ar\/politica\/coronavirus-restringen-vuelos-de-estados-unidos-europa-chile-y-brasil-para-evitar-el-ingreso-de-nid11032021\/\">\u00a0<\/a><\/strong>Carla Vizzotti, ministra de salud<\/p><\/blockquote>\n\n\n\n<p>Por otro lado, mediante la\u00a0<a rel=\"noreferrer noopener\" href=\"https:\/\/www.boletinoficial.gob.ar\/detalleAviso\/primera\/241831\/20210313\" target=\"_blank\">Decisi\u00f3n Administrativa 219\/2021,<\/a>\u00a0el Gobierno decidi\u00f3 \u201cmantener la suspensi\u00f3n de las autorizaciones y permisos que se hubieran dispuesto relativas a las operaciones de transporte a\u00e9reo de pasajeros y pasajeras en vuelos directos que tengan como origen o destino el Reino Unido de Gran Breta\u00f1a e Irlanda del Norte, ante el nuevo linaje en la secuenciaci\u00f3n de muestras locales, respecto al ingreso de personas\u201d. Esta n\u00f3mina de pa\u00edses podr\u00eda ampliarse a partir del Ministerio de Transporte, la\u00a0<strong>Administraci\u00f3n Nacional de Aviaci\u00f3n Civil (ANAC)<\/strong>\u00a0y la autoridad sanitaria nacional.<\/p>\n\n\n\n<p><strong><span style=\"background-color:#9a1b22\" class=\"td_text_highlight_marker\">C\u00f3mo ser\u00e1n los vuelos<\/span><\/strong><\/p>\n\n\n\n<ul class=\"wp-block-list\"><li>Se reducir\u00e1 30 % la cantidad de vuelos<strong>\u00a0<\/strong>con Europa, M\u00e9xico, Chile, Colombia, Ecuador, Panam\u00e1 y Per\u00fa.<\/li><li>En el caso de\u00a0Brasil,\u00a0la restricci\u00f3n ser\u00e1 de\u00a020 %<\/li><li>El flujo de gente que viaja desde\u00a0Estados Unidos\u00a0ser\u00e1 de\u00a010 %.<\/li><li>Por la suspensi\u00f3n de vuelos con\u00a0Uruguay, se autorizar\u00e1 el ingreso de argentinos y residentes por el\u00a0Puerto de Buenos Aires,\u00a0en la\u00a0terminal Buquebus.<\/li><\/ul>\n\n\n\n<p><strong><span style=\"background-color:#9a1b22\" class=\"td_text_highlight_marker\">El ingreso y la salida al pa\u00eds<\/span><\/strong><\/p>\n\n\n\n<ul class=\"wp-block-list\"><li>Para<strong>&nbsp;la salida o el ingreso al pa\u00eds<\/strong>&nbsp;los argentinos y residentes deber\u00e1n presentar<strong>&nbsp;un test de PCR negativo<\/strong>&nbsp;y tendr\u00e1n que realizar una&nbsp;<strong>cuarentena obligatoria de siete d\u00edas.<\/strong><\/li><li>La ministra de Salud,&nbsp;<strong>Carla Vizzotti;<\/strong>&nbsp;la&nbsp;<strong>Direcci\u00f3n Naci\u00f3n de Migraciones,&nbsp;<\/strong>que lidera&nbsp;<strong>Florencia Carignano;&nbsp;<\/strong>y la&nbsp;<strong>Administraci\u00f3n Nacional de Aviaci\u00f3n Civil (ANAC)&nbsp;<\/strong>son los que tendr\u00e1n la potestad para determinar el cronograma y la cantidad m\u00e1xima de pasajeros que podr\u00e1n ingresar al pa\u00eds desde los destinos mencionados.<\/li><li>Para pisar suelo argentino, los viajeros deber\u00e1n contar con un&nbsp;<strong>\u201cservicio de salud del viajero Covid\u201d<\/strong>&nbsp;para la cobertura m\u00e9dica.<\/li><li>Deber\u00e1n<strong>&nbsp;denunciar los lugares en donde estuvieron<\/strong>&nbsp;los \u00faltimos&nbsp;<strong>14 d\u00edas previos al reingreso&nbsp;<\/strong>al pa\u00eds.<\/li><\/ul>\n\n\n\n<figure class=\"wp-block-image\"><img decoding=\"async\" src=\"https:\/\/resizer.glanacion.com\/resizer\/DiOfrtDMnTM3aEzZ0O_g1I8oHjg=\/768x0\/filters:quality(100)\/cloudfront-us-east-1.images.arcpublishing.com\/lanacionar\/YNE6EQI2CFEC3ALCB6OVYNVSLE.jpg\" alt=\"Las nuevas medidas del Gobierno buscan  prevenir el arribo de las nuevas cepas de coronavirus\"\/><figcaption>Las nuevas medidas del Gobierno buscan prevenir el arribo de las nuevas cepas de coronavirusPresidencia<\/figcaption><\/figure>\n\n\n\n<p><strong><span style=\"background-color:#9a1b22\" class=\"td_text_highlight_marker\">Qui\u00e9nes no deber\u00e1n hacer la cuarentena<\/span><\/strong><\/p>\n\n\n\n<ul class=\"wp-block-list\"><li>Siempre que no presenten s\u00edntomas de Covid-19 se encuentran exceptuados de cumplir el aislamiento obligatorio los diplom\u00e1ticos exclusivamente para cumplir una misi\u00f3n oficial.<\/li><li>Los<strong>\u00a0funcionarios p\u00fablicos\u00a0<\/strong>y los\u00a0<strong>representantes del Estado\u00a0<\/strong>en organismos internacionales, cuando regresen de viajes al exterior realizados en su car\u00e1cter de integrantes de delegaciones oficiales.<\/li><li>Las\u00a0<strong>personas extranjeras no residentes autorizadas expresamente por Migraciones,<\/strong>\u00a0para desarrollar una actividad laboral o comercial esencial para la que fueron convocadas.<\/li><li>Las personas nacionales o extranjeras en tr\u00e1nsito hacia otros pa\u00edses con<strong>\u00a0una permanencia menor a 24 horas en aeropuertos nacionales.<\/strong><\/li><li>Los\u00a0<strong>transportistas y tripulantes internacionales\u00a0<\/strong>en\u00a0<strong>exclusivo ejercicio de su actividad.<\/strong><\/li><li><\/li><\/ul>\n\n\n\n<p><strong><span style=\"background-color:#9a1b22\" class=\"td_text_highlight_marker\">Fronteras terrestres<\/span><\/strong><\/p>\n\n\n\n<ul class=\"wp-block-list\"><li>Se permitir\u00e1 \u00fanicamente el ingreso de&nbsp;<strong>argentinos y residentes que salieron del pa\u00eds antes del 25 de diciembre&nbsp;<\/strong>a trav\u00e9s de los pasos terrestres habilitados.<\/li><li>Quienes salieron despu\u00e9s solo podr\u00e1n reingresar por los aeropuertos.<\/li><li>Siempre con&nbsp;<strong>PCR negativo y una cuarentena de siete d\u00edas.<\/strong><\/li><li>Se suspender\u00e1 el ingreso de turistas extranjeros provenientes de pa\u00edses lim\u00edtrofes.<\/li><\/ul>\n\n\n\n<figure class=\"wp-block-image\"><img decoding=\"async\" src=\"https:\/\/resizer.glanacion.com\/resizer\/zSC4QTPxZ6eiNDea3pdadJLstz0=\/768x0\/filters:quality(100)\/cloudfront-us-east-1.images.arcpublishing.com\/lanacionar\/HCSPNEJCIVBJNOW6Q3MQ2W6PXM.jpg\" alt=\"La nueva etapa no afecta el desplazamiento interno ni el consumo, pero s\u00ed apunta a los viajeros y a la entrada y salida del pa\u00eds\"\/><figcaption>La nueva etapa no afecta el desplazamiento interno ni el consumo, pero s\u00ed apunta a los viajeros y a la entrada y salida del pa\u00eds<\/figcaption><\/figure>\n","protected":false},"excerpt":{"rendered":"<p>La pr\u00f3rroga fue dispuesta por medio del decreto 168\/2021 publicado en el Bolet\u00edn Oficial, con la firma del presidente Alberto Fern\u00e1ndez y la totalidad del gabinete nacional<\/p>\n","protected":false},"author":2,"featured_media":4893,"comment_status":"open","ping_status":"open","sticky":false,"template":"","format":"standard","meta":{"jnews-multi-image_gallery":[],"jnews_single_post":[],"jnews_primary_category":[],"jnews_social_meta":[],"jnews_review":[],"enable_review":"","type":"","name":"","summary":"","brand":"","sku":"","good":[],"bad":[],"score_override":"","override_value":"","rating":[],"price":[],"jnews_override_counter":[],"jnews_post_split":[],"footnotes":""},"categories":[43,58],"tags":[640,147,641,45],"class_list":["post-4892","post","type-post","status-publish","format-standard","has-post-thumbnail","hentry","category-actualidad","category-argentina","tag-aspo","tag-cuarentena","tag-dispo","tag-noticias"],"amp_enabled":true,"_links":{"self":[{"href":"https:\/\/esreviral.com\/index.php?rest_route=\/wp\/v2\/posts\/4892"}],"collection":[{"href":"https:\/\/esreviral.com\/index.php?rest_route=\/wp\/v2\/posts"}],"about":[{"href":"https:\/\/esreviral.com\/index.php?rest_route=\/wp\/v2\/types\/post"}],"author":[{"embeddable":true,"href":"https:\/\/esreviral.com\/index.php?rest_route=\/wp\/v2\/users\/2"}],"replies":[{"embeddable":true,"href":"https:\/\/esreviral.com\/index.php?rest_route=%2Fwp%2Fv2%2Fcomments&post=4892"}],"version-history":[{"count":0,"href":"https:\/\/esreviral.com\/index.php?rest_route=\/wp\/v2\/posts\/4892\/revisions"}],"wp:featuredmedia":[{"embeddable":true,"href":"https:\/\/esreviral.com\/index.php?rest_route=\/"}],"wp:attachment":[{"href":"https:\/\/esreviral.com\/index.php?rest_route=%2Fwp%2Fv2%2Fmedia&parent=4892"}],"wp:term":[{"taxonomy":"category","embeddable":true,"href":"https:\/\/esreviral.com\/index.php?rest_route=%2Fwp%2Fv2%2Fcategories&post=4892"},{"taxonomy":"post_tag","embeddable":true,"href":"https:\/\/esreviral.com\/index.php?rest_route=%2Fwp%2Fv2%2Ftags&post=4892"}],"curies":[{"name":"wp","href":"https:\/\/api.w.org\/{rel}","templated":true}]}}