{"id":48915,"date":"2024-02-07T07:20:14","date_gmt":"2024-02-07T12:20:14","guid":{"rendered":"https:\/\/esreviral.com\/?p=48915"},"modified":"2024-02-07T07:23:16","modified_gmt":"2024-02-07T12:23:16","slug":"milei-sufre-derrota-politica-en-congreso-y-sus-reformas-economicas-vuelven-a-tramitarse-desde-cero","status":"publish","type":"post","link":"https:\/\/esreviral.com\/?p=48915","title":{"rendered":"Milei sufre derrota pol\u00edtica en el Congreso y sus reformas econ\u00f3micas vuelven a tramitarse desde cero"},"content":{"rendered":"\n<p>El  ambicioso<strong> proyecto de reformas econ\u00f3micas <\/strong>del <strong>presidente argentino, Javier Milei,<\/strong> qued\u00f3 en el limbo legislativo el martes, luego de que el oficialismo pidiera poner fin al debate en la c\u00e1mara de diputados por falta de apoyo y volver a<strong> tramitarlo desde cero.<\/strong><\/p>\n\n\n\n<p>El paquete de medidas, conocido como la<strong> \u201cLey \u00d3mnibus\u00bb<\/strong> por la gran cantidad de \u00e1reas sobre las que legisla,<strong> fue aprobado<\/strong> en general la semana pasada y avanz\u00f3 hasta el inicio de la votaci\u00f3n art\u00edculo por art\u00edculo, pero ahora volver\u00e1 a discutirse en comisi\u00f3n al no haber puntos de consenso entre el gobierno y la oposici\u00f3n en cap\u00edtulos clave como privatizaci\u00f3n de empresas p\u00fablicas.<\/p>\n\n\n\n<p>El traspi\u00e9 legislativo con la Ley de Bases y Puntos de Partida para la Libertad de los Argentinos representa una dura derrota para el presidente ultraderechista que asumi\u00f3 hace menos de dos meses.<\/p>\n\n\n\n<p>Considera que es una herramienta indispensable para el \u00e9xito de su programa econ\u00f3mico, enfocado en la<strong> desregulaci\u00f3n estatal<\/strong>, en medio de una<strong> inflaci\u00f3n anual superior al 200%, que ha empujado a la pobreza a casi la mitad de los argentinos, y un abultado d\u00e9ficit fiscal.<\/strong><\/p>\n\n\n\n<figure class=\"wp-block-image size-large\"><img fetchpriority=\"high\" decoding=\"async\" width=\"1024\" height=\"683\" src=\"https:\/\/esreviral.com\/wp-content\/uploads\/2024\/02\/descarga-1-1024x683.webp\" alt=\"\" class=\"wp-image-48917\" srcset=\"https:\/\/esreviral.com\/wp-content\/uploads\/2024\/02\/descarga-1-1024x683.webp 1024w, https:\/\/esreviral.com\/wp-content\/uploads\/2024\/02\/descarga-1-300x200.webp 300w, https:\/\/esreviral.com\/wp-content\/uploads\/2024\/02\/descarga-1-768x512.webp 768w, https:\/\/esreviral.com\/wp-content\/uploads\/2024\/02\/descarga-1-750x500.webp 750w, https:\/\/esreviral.com\/wp-content\/uploads\/2024\/02\/descarga-1-1140x760.webp 1140w, https:\/\/esreviral.com\/wp-content\/uploads\/2024\/02\/descarga-1.webp 1440w\" sizes=\"(max-width: 1024px) 100vw, 1024px\" \/><\/figure>\n\n\n\n<p>\u201cLa casta se puso en contra del cambio que los argentinos votamos en las urnas\u201d, reaccion\u00f3 el mandatario en la red social X, antes Twitter, desde Israel, donde se encuentra de gira. \u201cHay sectores de la pol\u00edtica que se resisten a hacer los cambios que el pa\u00eds necesita. Van a tener que explicarle a la sociedad por qu\u00e9\u201d, se\u00f1al\u00f3.<\/p>\n\n\n\n<p>Milei dio a entender que podr\u00eda retirar el proyecto. \u201cVamos a continuar con nuestro programa con o sin el apoyo de la dirigencia pol\u00edtica que destruy\u00f3 nuestro pa\u00eds\u201d.<\/p>\n\n\n\n<p>En l\u00ednea con su pensamiento libertario, Milei busca tumbar los cimientos en los que se ha basado la econom\u00eda del pa\u00eds y apostar por la desregulaci\u00f3n, as\u00ed como limitar la intervenci\u00f3n del Estado. Considera que las recetas populistas han fracaso y que su plan es la \u00fanica salida para terminar con los padecimientos de la naci\u00f3n sudamericana tras sucesivas crisis.<\/p>\n\n\n\n<p>Sin fortaleza en el Congreso \u2014su partido La Libertad Avanza es tercera fuerza\u2014, Milei impuls\u00f3 un amplio paquete de reformas econ\u00f3micas, fiscales, pol\u00edticas y sociales. Pero se top\u00f3 con la resistencia de la mayor\u00eda de los gobernadores, a los cuales responden los diputados, que oblig\u00f3 al oficialismo a negociar con sectores de la oposici\u00f3n m\u00e1s moderada para lograr la aprobaci\u00f3n del texto.<\/p>\n\n\n\n<p>Durante el tr\u00e1mite en comisi\u00f3n, el gobierno retir\u00f3 el paquete fiscal del proyecto y una reforma electoral, cedi\u00f3 en la cantidad y plazo de las facultades legislativas delegadas y redujo las empresas p\u00fablicas a privatizar, entre otras, concesiones.<\/p>\n\n\n\n<p>Si bien obtuvo la votaci\u00f3n del proyecto en general, el oficialismo observ\u00f3 at\u00f3nito como la oposici\u00f3n rechazaba o modificaba art\u00edculos en el mismo recinto durante la votaci\u00f3n en particular.<\/p>\n\n\n\n<p>El l\u00edder de la bancada oficialista, el diputado \u00d3scar Zago, solicit\u00f3 entonces que el proyecto vuelva a comisi\u00f3n, lo cual gener\u00f3 aplausos entre sus pares del peronismo \u2014que gobern\u00f3 hasta 2023\u2014 y de la izquierda, mientras en las afueras del Congreso grupos de izquierda y organizaciones sociales que vienen protestando desde la semana pasada contra el proyecto reaccionaron con algarab\u00eda.<\/p>\n\n\n\n<p>Seg\u00fan el reglamento de la C\u00e1mara de Diputados, cuando un proyecto sancionado en general y parcialmente en particular vuelve a comisi\u00f3n, se le someter\u00e1 al tr\u00e1mite ordinario como si no hubiese recibido sanci\u00f3n alguna.<\/p>\n\n\n\n<p class=\"has-text-align-right\"><strong><em>LaNaci\u00f3n.-<\/em><\/strong><\/p>\n","protected":false},"excerpt":{"rendered":"<p>El ambicioso proyecto de reformas econ\u00f3micas del presidente argentino, Javier Milei, qued\u00f3 en el limbo legislativo el martes, luego de que el oficialismo pidiera poner fin al debate en la c\u00e1mara de diputados por falta de apoyo y volver a tramitarlo desde cero. El paquete de medidas, conocido como la \u201cLey \u00d3mnibus\u00bb por la gran [&hellip;]<\/p>\n","protected":false},"author":3,"featured_media":48916,"comment_status":"open","ping_status":"open","sticky":false,"template":"","format":"standard","meta":{"jnews-multi-image_gallery":[],"jnews_single_post":{"subtitle":"","format":"standard","video":"","gallery":"","source_name":"","source_url":"","via_name":"","via_url":"","override_template":"0","override":[{"template":"4","single_blog_custom":"","parallax":"1","fullscreen":"1","layout":"right-sidebar","sidebar":"default-sidebar","second_sidebar":"default-sidebar","sticky_sidebar":"1","share_position":"top","share_float_style":"share-monocrhome","show_share_counter":"1","show_view_counter":"1","show_featured":"1","show_post_meta":"1","show_post_author":"1","show_post_author_image":"1","show_post_date":"1","post_date_format":"default","post_date_format_custom":"Y\/m\/d","show_post_category":"1","show_post_reading_time":"1","post_reading_time_wpm":"300","show_zoom_button":"1","zoom_button_out_step":"2","zoom_button_in_step":"3","show_post_tag":"1","show_prev_next_post":"1","show_popup_post":"1","number_popup_post":"1","show_author_box":"1","show_post_related":"1","show_inline_post_related":"0"}],"override_image_size":"0","image_override":[{"single_post_thumbnail_size":"crop-500","single_post_gallery_size":"crop-500"}],"trending_post":"0","trending_post_position":"meta","trending_post_label":"Trending","sponsored_post":"0","sponsored_post_label":"Sponsored by","sponsored_post_name":"","sponsored_post_url":"","sponsored_post_logo_enable":"0","sponsored_post_logo":"","sponsored_post_desc":"","disable_ad":"0"},"jnews_primary_category":{"id":"","hide":""},"jnews_social_meta":{"fb_title":"","fb_description":"","fb_image":"","twitter_title":"","twitter_description":"","twitter_image":""},"jnews_review":[],"enable_review":"0","type":"percentage","name":"","summary":"","brand":"","sku":"","good":[{"good_text":""}],"bad":[{"bad_text":""}],"score_override":"","override_value":"","rating":[{"rating_text":"","rating_number":"10"}],"price":[{"shop":"","price":"","link":"","icon":""}],"jnews_override_counter":{"override_view_counter":"0","view_counter_number":"0","override_share_counter":"0","share_counter_number":"0","override_like_counter":"0","like_counter_number":"0","override_dislike_counter":"0","dislike_counter_number":"0"},"jnews_post_split":{"enable_post_split":"0","post_split":[{"template":"1","tag":"h2","numbering":"asc","mode":"normal","first":"0","enable_toc":"0","toc_type":"normal"}]},"footnotes":""},"categories":[58,59],"tags":[44,13538,1251,45,13537,13536],"class_list":["post-48915","post","type-post","status-publish","format-standard","has-post-thumbnail","hentry","category-argentina","category-politica","tag-argentina","tag-derrota-politica","tag-milei","tag-noticias","tag-presidente-argentino","tag-proyecto-de-reformas-economicas"],"amp_enabled":true,"_links":{"self":[{"href":"https:\/\/esreviral.com\/index.php?rest_route=\/wp\/v2\/posts\/48915"}],"collection":[{"href":"https:\/\/esreviral.com\/index.php?rest_route=\/wp\/v2\/posts"}],"about":[{"href":"https:\/\/esreviral.com\/index.php?rest_route=\/wp\/v2\/types\/post"}],"author":[{"embeddable":true,"href":"https:\/\/esreviral.com\/index.php?rest_route=\/wp\/v2\/users\/3"}],"replies":[{"embeddable":true,"href":"https:\/\/esreviral.com\/index.php?rest_route=%2Fwp%2Fv2%2Fcomments&post=48915"}],"version-history":[{"count":0,"href":"https:\/\/esreviral.com\/index.php?rest_route=\/wp\/v2\/posts\/48915\/revisions"}],"wp:featuredmedia":[{"embeddable":true,"href":"https:\/\/esreviral.com\/index.php?rest_route=\/wp\/v2\/media\/48916"}],"wp:attachment":[{"href":"https:\/\/esreviral.com\/index.php?rest_route=%2Fwp%2Fv2%2Fmedia&parent=48915"}],"wp:term":[{"taxonomy":"category","embeddable":true,"href":"https:\/\/esreviral.com\/index.php?rest_route=%2Fwp%2Fv2%2Fcategories&post=48915"},{"taxonomy":"post_tag","embeddable":true,"href":"https:\/\/esreviral.com\/index.php?rest_route=%2Fwp%2Fv2%2Ftags&post=48915"}],"curies":[{"name":"wp","href":"https:\/\/api.w.org\/{rel}","templated":true}]}}