{"id":48908,"date":"2024-02-07T06:37:52","date_gmt":"2024-02-07T11:37:52","guid":{"rendered":"https:\/\/esreviral.com\/?p=48908"},"modified":"2024-02-07T06:37:52","modified_gmt":"2024-02-07T11:37:52","slug":"incremento-del-salario-minimo-en-argentina-a-partir-de-febrero","status":"publish","type":"post","link":"https:\/\/esreviral.com\/?p=48908","title":{"rendered":"Incremento del Salario M\u00ednimo en Argentina a partir de Febrero"},"content":{"rendered":"\n<p>El Gobierno convoc\u00f3 al\u00a0<strong>Consejo del Salario M\u00ednimo, Vital y M\u00f3vil<\/strong> para definir un\u00a0<strong>nuevo aumento<\/strong>\u00a0en el\u00a0<strong>sueldo b\u00e1sico<\/strong>\u00a0del primer trimestre del a\u00f1o para los empleados formales. La reuni\u00f3n se realizar\u00e1 este\u00a0<strong>jueves 15 de febrero\u00a0<\/strong>a partir de las 10.30 horas en la sede de la Secretar\u00eda de Trabajo. La \u00faltima vez que se actualiz\u00f3 el haber m\u00ednimo fue en diciembre de 2023, cuando se estableci\u00f3 en\u00a0<strong>$156.000<\/strong>.<\/p>\n\n\n\n<p>La medida se oficializ\u00f3 a trav\u00e9s de la resoluci\u00f3n 27 publicada este jueves en el\u00a0<strong>Bolet\u00edn Oficial\u00a0<\/strong>y fue firmado por la ministra de Capital Humano,\u00a0<strong>Sandra Pettovello<\/strong>. Se trata de la primera convocatoria de la gesti\u00f3n de\u00a0<strong>Javier Milei<\/strong>, que hab\u00eda sido postergada en dos oportunidades. En la mesa de negociaci\u00f3n, se revisar\u00e1n los montos vigentes desde diciembre de 2023 y se tratar\u00e1 los valores m\u00ednimos y m\u00e1ximos de la prestaci\u00f3n por desempleo.<\/p>\n\n\n\n<p><strong><em><mark style=\"background-color:rgba(0, 0, 0, 0)\" class=\"has-inline-color has-vivid-red-color\">Lea Tambi\u00e9n: <a href=\"https:\/\/esreviral.com\/aumentan-los-precios-de-las-plataformas-de-streaming-en-febrero-2024\/\" data-type=\"link\" data-id=\"https:\/\/esreviral.com\/aumentan-los-precios-de-las-plataformas-de-streaming-en-febrero-2024\/\">Aumentan los precios de las plataformas de Streaming en Febrero 2024<\/a><\/mark><\/em><\/strong><\/p>\n\n\n\n<p>El Consejo Nacional del Empleo, la Productividad y el Salario M\u00ednimo, Vital y M\u00f3vil es un \u00e1mbito institucional donde dialogan representantes de los trabajadores, empleadores, el Estado Nacional y los gobiernos provinciales para evaluar temas referidos a las relaciones laborales, entre ellos, el monto para el piso salarial.<\/p>\n\n\n\n<p><strong><mark style=\"background-color:rgba(0, 0, 0, 0)\" class=\"has-inline-color has-vivid-red-color\">Salario m\u00ednimo en la Argentina: de cu\u00e1nto es en febrero y c\u00f3mo impacta el aumento<\/mark><\/strong><\/p>\n\n\n\n<p>Desde diciembre de 2023, el valor del salario m\u00ednimo vital y m\u00f3vil para los trabajadores mensualizados es de&nbsp;<strong>$156.000<\/strong>, mientras que los jornalizados deber\u00edan cobrar al menos&nbsp;<strong>$780<\/strong>&nbsp;por hora. Ese salario mensual representa unos&nbsp;<strong>US$188<\/strong>&nbsp;medidos a la cotizaci\u00f3n oficial o&nbsp;<strong>US$137<\/strong>&nbsp;al valor del d\u00f3lar blue.<\/p>\n\n\n\n<p>Cuando\u00a0<strong>se actualiza<\/strong>, el SMVyM\u00a0<strong>impacta\u00a0<\/strong>en el haber de los beneficiarios del plan\u00a0<strong>Potenciar Trabajo<\/strong>,que paga directo al beneficiario la mitad del salario m\u00ednimo por una contraprestaci\u00f3n laboral de cuatro horas diarias. As\u00ed, los titulares del plan que abona la ANSES cobran\u00a0<strong>$78.000<\/strong>. Adem\u00e1s, sirve de par\u00e1metro para los informales.<\/p>\n\n\n<div class=\"wp-block-image\">\n<figure class=\"aligncenter size-full\"><img fetchpriority=\"high\" decoding=\"async\" width=\"575\" height=\"324\" src=\"https:\/\/esreviral.com\/wp-content\/uploads\/2024\/02\/salario-minimo-vital-y-movil_-cuanto-aumenta-este-mes-jpg.webp\" alt=\"\" class=\"wp-image-48909\" srcset=\"https:\/\/esreviral.com\/wp-content\/uploads\/2024\/02\/salario-minimo-vital-y-movil_-cuanto-aumenta-este-mes-jpg.webp 575w, https:\/\/esreviral.com\/wp-content\/uploads\/2024\/02\/salario-minimo-vital-y-movil_-cuanto-aumenta-este-mes-jpg-300x169.webp 300w\" sizes=\"(max-width: 575px) 100vw, 575px\" \/><\/figure><\/div>\n\n\n<p><\/p>\n\n\n\n<p>En tanto, el salario m\u00ednimo repercute en el&nbsp;<strong>sueldo inicial docente<\/strong>&nbsp;(que por ley debe estar por lo menos un 20% por arriba del salario m\u00ednimo) y las jubilaciones, ya que su evoluci\u00f3n determina el valor diferencial de la jubilaci\u00f3n b\u00e1sica con el 82% m\u00f3vil de aquellos con m\u00e1s de 30 a\u00f1os de aportes.<\/p>\n\n\n\n<p>Por su parte, la actualizaci\u00f3n tambi\u00e9n influye\u00a0<strong>en la exclusi\u00f3n del impuesto a las Ganancias\u00a0<\/strong>para los trabajadores que ganan menos de 15 salarios m\u00ednimos, que hoy se ubica en $2.340.000.<\/p>\n\n\n\n<p class=\"has-text-align-right\"><strong><em>TN.-<\/em><\/strong><\/p>\n","protected":false},"excerpt":{"rendered":"<p>Se trata del primer encuentro durante la gesti\u00f3n de Javier Milei. La actualizaci\u00f3n depende del piso de Ganancias y prestaciones que abona la ANSES.<\/p>\n","protected":false},"author":3,"featured_media":48910,"comment_status":"open","ping_status":"open","sticky":false,"template":"","format":"standard","meta":{"jnews-multi-image_gallery":[],"jnews_single_post":{"subtitle":"","format":"standard","video":"","gallery":"","source_name":"","source_url":"","via_name":"","via_url":"","override_template":"0","override":[{"template":"4","single_blog_custom":"","parallax":"1","fullscreen":"1","layout":"right-sidebar","sidebar":"default-sidebar","second_sidebar":"default-sidebar","sticky_sidebar":"1","share_position":"top","share_float_style":"share-monocrhome","show_share_counter":"1","show_view_counter":"1","show_featured":"1","show_post_meta":"1","show_post_author":"1","show_post_author_image":"1","show_post_date":"1","post_date_format":"default","post_date_format_custom":"Y\/m\/d","show_post_category":"1","show_post_reading_time":"1","post_reading_time_wpm":"300","show_zoom_button":"1","zoom_button_out_step":"2","zoom_button_in_step":"3","show_post_tag":"1","show_prev_next_post":"1","show_popup_post":"1","number_popup_post":"1","show_author_box":"1","show_post_related":"1","show_inline_post_related":"0"}],"override_image_size":"0","image_override":[{"single_post_thumbnail_size":"crop-500","single_post_gallery_size":"crop-500"}],"trending_post":"0","trending_post_position":"meta","trending_post_label":"Trending","sponsored_post":"0","sponsored_post_label":"Sponsored by","sponsored_post_name":"","sponsored_post_url":"","sponsored_post_logo_enable":"0","sponsored_post_logo":"","sponsored_post_desc":"","disable_ad":"0"},"jnews_primary_category":{"id":"","hide":""},"jnews_social_meta":{"fb_title":"","fb_description":"","fb_image":"","twitter_title":"","twitter_description":"","twitter_image":""},"jnews_review":[],"enable_review":"0","type":"percentage","name":"","summary":"","brand":"","sku":"","good":[{"good_text":""}],"bad":[{"bad_text":""}],"score_override":"","override_value":"","rating":[{"rating_text":"","rating_number":"10"}],"price":[{"shop":"","price":"","link":"","icon":""}],"jnews_override_counter":{"override_view_counter":"0","view_counter_number":"0","override_share_counter":"0","share_counter_number":"0","override_like_counter":"0","like_counter_number":"0","override_dislike_counter":"0","dislike_counter_number":"0"},"jnews_post_split":{"enable_post_split":"0","post_split":[{"template":"1","tag":"h2","numbering":"asc","mode":"normal","first":"0","enable_toc":"0","toc_type":"normal"}]},"footnotes":""},"categories":[58,61],"tags":[44,11341,62,45,758,13532],"class_list":["post-48908","post","type-post","status-publish","format-standard","has-post-thumbnail","hentry","category-argentina","category-economia","tag-argentina","tag-consejo-del-salario-minimo","tag-economia","tag-noticias","tag-salario-minimo","tag-salario-minimo-en-argentina"],"amp_enabled":true,"_links":{"self":[{"href":"https:\/\/esreviral.com\/index.php?rest_route=\/wp\/v2\/posts\/48908"}],"collection":[{"href":"https:\/\/esreviral.com\/index.php?rest_route=\/wp\/v2\/posts"}],"about":[{"href":"https:\/\/esreviral.com\/index.php?rest_route=\/wp\/v2\/types\/post"}],"author":[{"embeddable":true,"href":"https:\/\/esreviral.com\/index.php?rest_route=\/wp\/v2\/users\/3"}],"replies":[{"embeddable":true,"href":"https:\/\/esreviral.com\/index.php?rest_route=%2Fwp%2Fv2%2Fcomments&post=48908"}],"version-history":[{"count":0,"href":"https:\/\/esreviral.com\/index.php?rest_route=\/wp\/v2\/posts\/48908\/revisions"}],"wp:featuredmedia":[{"embeddable":true,"href":"https:\/\/esreviral.com\/index.php?rest_route=\/wp\/v2\/media\/48910"}],"wp:attachment":[{"href":"https:\/\/esreviral.com\/index.php?rest_route=%2Fwp%2Fv2%2Fmedia&parent=48908"}],"wp:term":[{"taxonomy":"category","embeddable":true,"href":"https:\/\/esreviral.com\/index.php?rest_route=%2Fwp%2Fv2%2Fcategories&post=48908"},{"taxonomy":"post_tag","embeddable":true,"href":"https:\/\/esreviral.com\/index.php?rest_route=%2Fwp%2Fv2%2Ftags&post=48908"}],"curies":[{"name":"wp","href":"https:\/\/api.w.org\/{rel}","templated":true}]}}