{"id":48904,"date":"2024-02-07T06:26:55","date_gmt":"2024-02-07T11:26:55","guid":{"rendered":"https:\/\/esreviral.com\/?p=48904"},"modified":"2024-02-07T06:26:56","modified_gmt":"2024-02-07T11:26:56","slug":"como-sera-el-funeral-de-estado-del-expresidente-de-chile-sebastian-pinera","status":"publish","type":"post","link":"https:\/\/esreviral.com\/?p=48904","title":{"rendered":"C\u00f3mo ser\u00e1 el funeral de Estado del expresidente de Chile Sebasti\u00e1n Pi\u00f1era"},"content":{"rendered":"\n<p>El\u00a0<strong>funeral de Estado<\/strong>\u00a0del expresidente de Chile\u00a0<strong>Sebasti\u00e1n Pi\u00f1era<\/strong>, que\u00a0muri\u00f3 este martes a los 74 a\u00f1os de edad en un accidente a\u00e9reo, se realizar\u00e1 el jueves en el\u00a0<strong>Sal\u00f3n de Honor del Congreso<\/strong>\u00a0de Chile en Santiago. El presidente\u00a0<strong>Gabriel Boric<\/strong>\u00a0decret\u00f3 tres d\u00edas de duelo nacional para su antecesor en el cargo.<\/p>\n\n\n\n<p><strong><mark style=\"background-color:rgba(0, 0, 0, 0)\" class=\"has-inline-color has-vivid-red-color\">C\u00f3mo fue el accidente a\u00e9reo en el que muri\u00f3 Sebasti\u00e1n Pi\u00f1era<\/mark><\/strong><\/p>\n\n\n\n<p>Pi\u00f1era muri\u00f3 cuando el helic\u00f3ptero que pilotaba se precipit\u00f3 en las aguas del Lago Ranco. El expresidente viajaba de vuelta tras visitar a un empresario amigo y no habr\u00eda logrado sacarse el cintur\u00f3n de seguridad. Buzos rescataron su cuerpo de la aeronave, que se hundi\u00f3 a unos 40 metros de profundidad. Los otros tres ocupantes del helic\u00f3ptero, entre ellos su hermana, lograron nadar hasta la orilla.<\/p>\n\n\n\n<p><strong><em><mark style=\"background-color:rgba(0, 0, 0, 0)\" class=\"has-inline-color has-vivid-red-color\">Lea Tambi\u00e9n: <a href=\"https:\/\/esreviral.com\/la-direccion-general-de-aeronautica-civil-de-chile-revelo-detalles-del-accidente-en-el-que-murio-pinera\/\" data-type=\"link\" data-id=\"https:\/\/esreviral.com\/la-direccion-general-de-aeronautica-civil-de-chile-revelo-detalles-del-accidente-en-el-que-murio-pinera\/\">La Direcci\u00f3n General de Aeron\u00e1utica Civil de Chile revel\u00f3 detalles del accidente en el que muri\u00f3 Pi\u00f1era<\/a><\/mark><\/em><\/strong><\/p>\n\n\n\n<p>El cuerpo del expresidente fue trasladado en horas de la tarde al\u00a0<strong>Servicio M\u00e9dico Legal de Valdivia<\/strong>, donde en las pr\u00f3ximas horas se realizar\u00e1 la<strong>\u00a0autopsia<\/strong>\u00a0de rigor.<\/p>\n\n\n\n<p>\u201cComo fiscal\u00eda hemos dispuesto la realizaci\u00f3n de una autopsia m\u00e9dico legal, que se practica en el Servicio M\u00e9dico Legal de Chile y, en esta ocasi\u00f3n, se realizar\u00e1 en Valdivia. Una vez que se realice esa diligencia, la autopsia, y si no hay diligencias adicionales, el cuerpo ser\u00e1 entregado inmediatamente a los familiares para que dispongan de \u00e9l\u201d, explic\u00f3 la fiscal Regional de Los R\u00edos, Tatiana Esquivel.<\/p>\n\n\n\n<p><strong><mark style=\"background-color:rgba(0, 0, 0, 0)\" class=\"has-inline-color has-vivid-red-color\">Un funeral con \u201ctodos los honores\u201d<\/mark><\/strong><\/p>\n\n\n\n<p>La ministra del Interior, Carolina Toh\u00e1, dijo que Pi\u00f1era \u201c<strong>tendr\u00e1 todos los honores y reconocimientos republicanos que merece\u201d,<\/strong>&nbsp;en una comparecencia ante los medios desde el Palacio de La Moneda (sede de Gobierno).<\/p>\n\n\n\n<p>El \u00faltimo funeral de Estado realizado en Chile se hizo en 2016 cuando muri\u00f3 el expresidente&nbsp;<strong>Patricio Aylwin<\/strong>&nbsp;(1990-1994) durante el mandato de Michelle Bachelet (2006-2010 y 2014-2018), siguiendo el protocolo establecido para estas circunstancias.<\/p>\n\n\n\n<p>El presidente Boric se sumar\u00eda a la ceremonia y se prev\u00e9 que \u201ccomo lo hizo Bachelet sobre Aylwin hace ocho a\u00f1os\u201d proclame un discurso sobre Pi\u00f1era, quien tuvo dos mandatos presidenciales entre 2010-2014 y 2018-2022.<\/p>\n\n\n\n<p><strong><em><mark style=\"background-color:rgba(0, 0, 0, 0)\" class=\"has-inline-color has-vivid-red-color\"><a href=\"https:\/\/esreviral.com\/lideres-politicos-despidieron-al-ex-presidente-de-chile-sebastian-pinera\/\" data-type=\"link\" data-id=\"https:\/\/esreviral.com\/lideres-politicos-despidieron-al-ex-presidente-de-chile-sebastian-pinera\/\">Lea Tambi\u00e9n: L\u00edderes pol\u00edticos despidieron al ex presidente de Chile Sebasti\u00e1n Pi\u00f1era<\/a><\/mark><\/em><\/strong><\/p>\n\n\n\n<p><strong><mark style=\"background-color:rgba(0, 0, 0, 0)\" class=\"has-inline-color has-vivid-red-color\">Tres d\u00edas de duelo oficial<\/mark><\/strong><\/p>\n\n\n\n<p>Tras ser decretado el duelo nacional por tres d\u00edas, la sede del Gobierno, las instituciones p\u00fablicas y las Fuerzas Armadas y de Orden P\u00fablico deben mantener la&nbsp;<strong>bandera izada a media asta<\/strong>&nbsp;durante este periodo.<\/p>\n\n\n\n<p>Asimismo, quedan suspendidos todos los actos de Gobierno de car\u00e1cter festivo que estuvieran agendados<\/p>\n\n\n\n<p><strong><mark style=\"background-color:rgba(0, 0, 0, 0)\" class=\"has-inline-color has-vivid-red-color\">El velorio de Sebasti\u00e1n Pi\u00f1era<\/mark><\/strong><\/p>\n\n\n\n<p>El Senado de Chile confirm\u00f3 que los restos del expresidente Pi\u00f1era ser\u00e1n&nbsp;<strong>velados desde este jueves 8 de febrero en el Sal\u00f3n de Honor del ex Congreso Nacional de Santiago<\/strong>, ubicado en el centro de la capital chilena.<\/p>\n\n\n\n<p><strong><mark style=\"background-color:rgba(0, 0, 0, 0)\" class=\"has-inline-color has-vivid-red-color\">El funeral de Sebasti\u00e1n Pi\u00f1era<\/mark><\/strong><\/p>\n\n\n\n<p>En un funeral de esta magnitud en Chile se involucran<strong>&nbsp;los tres poderes del Estado<\/strong>, Ejecutivo, Legislativo y Judicial, y es el Ministerio del Interior quien decreta la formalizaci\u00f3n de las actividades, estipuladas en el reglamento ceremonial p\u00fablico y de protocolo.<\/p>\n\n\n\n<p>En el caso de Pi\u00f1era, ser\u00e1 el&nbsp;<strong>Ministerio de Relaciones Exteriores<\/strong>&nbsp;quien lidere la organizaci\u00f3n de las honras f\u00fanebres, seg\u00fan anunci\u00f3 Boric.<\/p>\n\n\n\n<p>Se espera que los familiares de Pi\u00f1era, junto al canciller Alberto Van Klaveren, establezcan los detalles de la ceremonia como el&nbsp;<strong>recorrido del f\u00e9retro<\/strong>&nbsp;y d\u00f3nde ser\u00e1 el lugar en el que se depositar\u00e1n sus restos.<\/p>\n\n\n\n<p>Seg\u00fan&nbsp;<em>radio Universidad de Chile<\/em>, ya se defini\u00f3 un cronograma preliminar que establece que el cuerpo de Pi\u00f1era saldr\u00e1 del edificio el viernes en direcci\u00f3n&nbsp;<strong>al Palacio de La Moneda<\/strong>, la sede del Gobierno. Luego se encaminar\u00e1 hacia la Catedral Metropolitana, en la Plaza de Armas de la capital.<\/p>\n\n\n\n<p>Finalmente, el responso ser\u00e1 el viernes en el&nbsp;<strong>Parque del Recuerdo de Huechuraba<\/strong>.<\/p>\n\n\n\n<figure class=\"wp-block-image size-large\"><img fetchpriority=\"high\" decoding=\"async\" width=\"1024\" height=\"683\" src=\"https:\/\/esreviral.com\/wp-content\/uploads\/2024\/02\/WFQTQT7C5NCZTD6BB424TXETLA-1024x683.webp\" alt=\"\" class=\"wp-image-48905\" srcset=\"https:\/\/esreviral.com\/wp-content\/uploads\/2024\/02\/WFQTQT7C5NCZTD6BB424TXETLA-1024x683.webp 1024w, https:\/\/esreviral.com\/wp-content\/uploads\/2024\/02\/WFQTQT7C5NCZTD6BB424TXETLA-300x200.webp 300w, https:\/\/esreviral.com\/wp-content\/uploads\/2024\/02\/WFQTQT7C5NCZTD6BB424TXETLA-768x512.webp 768w, https:\/\/esreviral.com\/wp-content\/uploads\/2024\/02\/WFQTQT7C5NCZTD6BB424TXETLA-750x500.webp 750w, https:\/\/esreviral.com\/wp-content\/uploads\/2024\/02\/WFQTQT7C5NCZTD6BB424TXETLA-1140x760.webp 1140w, https:\/\/esreviral.com\/wp-content\/uploads\/2024\/02\/WFQTQT7C5NCZTD6BB424TXETLA.webp 1200w\" sizes=\"(max-width: 1024px) 100vw, 1024px\" \/><\/figure>\n\n\n\n<p>A las exequias p\u00fablicas asistir\u00e1n autoridades de Gobierno, los presidentes del Senado y la C\u00e1mara, de la Corte Suprema, diplom\u00e1ticos y personalidades extranjeras que hayan llegado al pa\u00eds con motivo del funeral.<\/p>\n\n\n\n<p>En todo momento, el&nbsp;<strong>f\u00e9retro del exmandatario tendr\u00e1 escolta militar<\/strong>&nbsp;y recibir\u00e1 honores de diversas unidades de las Fuerzas Armadas.<\/p>\n\n\n\n<p>Los parientes de Pi\u00f1era tendr\u00e1n adem\u00e1s la oportunidad de realizar una ceremonia religiosa y privada.<\/p>\n\n\n\n<p><strong><mark style=\"background-color:rgba(0, 0, 0, 0)\" class=\"has-inline-color has-vivid-red-color\">C\u00f3mo fue el \u00faltimo funeral de Estado en Chile<\/mark><\/strong><\/p>\n\n\n\n<p>El funeral de Estado del expresidente Aylwin, quien muri\u00f3 el 19 de abril de 2016, fue el primero realizado en Chile en d\u00e9cadas. Durante el funeral de Patricio Aylwin, el cortejo f\u00fanebre parti\u00f3 desde el domicilio el ex jefe de Estado, dos d\u00edas despu\u00e9s de su muerte, escoltado por Carabineros y realiz\u00f3 un recorrido por varias comunas de la capital chilena.<\/p>\n\n\n\n<p><strong>Pas\u00f3 frente al Palacio de La Moneda<\/strong>, la sede del Gobierno, donde fue homenajeado por la presidenta Bachelet.<\/p>\n\n\n\n<p>Recibi\u00f3 honores y ofrendas en la sede del Partido Dem\u00f3crata Cristiano y un velatorio en el edificio del ex Congreso Nacional en Santiago, adem\u00e1s de una ceremonia religiosa en la Catedral Metropolitana, previo a sus exequias en el Cementerio General donde pronunci\u00f3 su discurso la exmandataria Bachelet.<\/p>\n\n\n\n<p>Seg\u00fan la prensa local, el protocolo realizado entonces fue la celebraci\u00f3n de una misa privada en su casa con sus familiares y amigos cercanos, a primera hora del d\u00eda posterior.<\/p>\n\n\n\n<p><strong><em><a href=\"https:\/\/esreviral.com\/como-reflejaron-la-muerte-de-sebastian-pinera-los-medios-del-mundo\/\" data-type=\"link\" data-id=\"https:\/\/esreviral.com\/como-reflejaron-la-muerte-de-sebastian-pinera-los-medios-del-mundo\/\"><mark style=\"background-color:rgba(0, 0, 0, 0)\" class=\"has-inline-color has-vivid-red-color\">Lea Tambi\u00e9n: C\u00f3mo reflejaron la muerte de Sebasti\u00e1n Pi\u00f1era los medios del mundo<\/mark><\/a><\/em><\/strong><\/p>\n\n\n\n<p class=\"has-text-align-right\"><strong><em>TN.-<\/em><\/strong><\/p>\n","protected":false},"excerpt":{"rendered":"<p>La administraci\u00f3n de Gabriel Boric ultima los detalles de la ceremonia junto a la familia del exmandatario. El velatorio comenzar\u00e1 el jueves y el viernes habr\u00e1 un cortejo f\u00fanebre.<\/p>\n","protected":false},"author":3,"featured_media":48906,"comment_status":"open","ping_status":"open","sticky":false,"template":"","format":"standard","meta":{"jnews-multi-image_gallery":[],"jnews_single_post":{"subtitle":"","format":"standard","video":"","gallery":"","source_name":"","source_url":"","via_name":"","via_url":"","override_template":"0","override":[{"template":"4","single_blog_custom":"","parallax":"1","fullscreen":"1","layout":"right-sidebar","sidebar":"default-sidebar","second_sidebar":"default-sidebar","sticky_sidebar":"1","share_position":"top","share_float_style":"share-monocrhome","show_share_counter":"1","show_view_counter":"1","show_featured":"1","show_post_meta":"1","show_post_author":"1","show_post_author_image":"1","show_post_date":"1","post_date_format":"default","post_date_format_custom":"Y\/m\/d","show_post_category":"1","show_post_reading_time":"1","post_reading_time_wpm":"300","show_zoom_button":"1","zoom_button_out_step":"2","zoom_button_in_step":"3","show_post_tag":"1","show_prev_next_post":"1","show_popup_post":"1","number_popup_post":"1","show_author_box":"1","show_post_related":"1","show_inline_post_related":"0"}],"override_image_size":"0","image_override":[{"single_post_thumbnail_size":"crop-500","single_post_gallery_size":"crop-500"}],"trending_post":"0","trending_post_position":"meta","trending_post_label":"Trending","sponsored_post":"0","sponsored_post_label":"Sponsored by","sponsored_post_name":"","sponsored_post_url":"","sponsored_post_logo_enable":"0","sponsored_post_logo":"","sponsored_post_desc":"","disable_ad":"0"},"jnews_primary_category":{"id":"","hide":""},"jnews_social_meta":{"fb_title":"","fb_description":"","fb_image":"","twitter_title":"","twitter_description":"","twitter_image":""},"jnews_review":[],"enable_review":"0","type":"percentage","name":"","summary":"","brand":"","sku":"","good":[{"good_text":""}],"bad":[{"bad_text":""}],"score_override":"","override_value":"","rating":[{"rating_text":"","rating_number":"10"}],"price":[{"shop":"","price":"","link":"","icon":""}],"jnews_override_counter":{"override_view_counter":"0","view_counter_number":"0","override_share_counter":"0","share_counter_number":"0","override_like_counter":"0","like_counter_number":"0","override_dislike_counter":"0","dislike_counter_number":"0"},"jnews_post_split":{"enable_post_split":"0","post_split":[{"template":"1","tag":"h2","numbering":"asc","mode":"normal","first":"0","enable_toc":"0","toc_type":"normal"}]},"footnotes":""},"categories":[88],"tags":[386,8794,4348,45,13531],"class_list":["post-48904","post","type-post","status-publish","format-standard","has-post-thumbnail","hentry","category-internacionales","tag-chile","tag-congreso-de-chile","tag-funeral-de-estado","tag-noticias","tag-salon-de-honor"],"amp_enabled":true,"_links":{"self":[{"href":"https:\/\/esreviral.com\/index.php?rest_route=\/wp\/v2\/posts\/48904"}],"collection":[{"href":"https:\/\/esreviral.com\/index.php?rest_route=\/wp\/v2\/posts"}],"about":[{"href":"https:\/\/esreviral.com\/index.php?rest_route=\/wp\/v2\/types\/post"}],"author":[{"embeddable":true,"href":"https:\/\/esreviral.com\/index.php?rest_route=\/wp\/v2\/users\/3"}],"replies":[{"embeddable":true,"href":"https:\/\/esreviral.com\/index.php?rest_route=%2Fwp%2Fv2%2Fcomments&post=48904"}],"version-history":[{"count":0,"href":"https:\/\/esreviral.com\/index.php?rest_route=\/wp\/v2\/posts\/48904\/revisions"}],"wp:featuredmedia":[{"embeddable":true,"href":"https:\/\/esreviral.com\/index.php?rest_route=\/wp\/v2\/media\/48906"}],"wp:attachment":[{"href":"https:\/\/esreviral.com\/index.php?rest_route=%2Fwp%2Fv2%2Fmedia&parent=48904"}],"wp:term":[{"taxonomy":"category","embeddable":true,"href":"https:\/\/esreviral.com\/index.php?rest_route=%2Fwp%2Fv2%2Fcategories&post=48904"},{"taxonomy":"post_tag","embeddable":true,"href":"https:\/\/esreviral.com\/index.php?rest_route=%2Fwp%2Fv2%2Ftags&post=48904"}],"curies":[{"name":"wp","href":"https:\/\/api.w.org\/{rel}","templated":true}]}}