{"id":4889,"date":"2021-03-13T11:33:19","date_gmt":"2021-03-13T14:33:19","guid":{"rendered":"http:\/\/esreviral.com\/?p=4889"},"modified":"2021-03-13T11:33:19","modified_gmt":"2021-03-13T14:33:19","slug":"acusada-de-golpe-de-estado-detuvieron-a-la-expresidenta-de-bolivia","status":"publish","type":"post","link":"https:\/\/esreviral.com\/?p=4889","title":{"rendered":"Acusada de Golpe de Estado, detuvieron a la expresidenta de Bolivia"},"content":{"rendered":"\n<p>Jeanine A\u00f1ez, la presidenta boliviana que marc\u00f3 el periodo de transici\u00f3n en su pa\u00eds tras la salida del poder de Evo Morales, fue detenida la madrugada de este s\u00e1bado por supuesto Golpe de Estado y terrorismo. <\/p>\n\n\n\n<p>\u201cDenuncio ante Bolivia y el mundo, que en un acto de abuso y persecuci\u00f3n pol\u00edtica el gobierno del MAS me ha mandado arrestar. Me acusa de haber participado en un golpe de estado que nunca ocurri\u00f3. Mis oraciones por Bolivia y por todos los bolivianos\u201d, expres\u00f3 \u00c1\u00f1ez en su perfil de Twitter minutos despu\u00e9s de que el ministro anunciase su arresto a trav\u00e9s de la misma red social.<\/p>\n\n\n\n<figure class=\"wp-block-image\"><img decoding=\"async\" src=\"https:\/\/www.infobae.com\/new-resizer\/ZwKClCz85cc5tzwVq-toRznOajo=\/420x236\/filters:format(jpg):quality(85)\/cloudfront-us-east-1.images.arcpublishing.com\/infobae\/SNU7NN4OBFGQNGWSFAK335DLLU.jpg\" alt=\"\"\/><\/figure>\n\n\n\n<p><strong>\u00c1\u00f1ez ha sido aprehendida en la madrugada de este s\u00e1bado<\/strong>\u00a0despu\u00e9s de que se emitiese una orden de detenci\u00f3n que llev\u00f3 a la Polic\u00eda a rodear su domicilio durante este viernes y despu\u00e9s registrarlo, si bien no la encontr\u00f3 en la vivienda. Por el momento, no ha trascendido m\u00e1s informaci\u00f3n sobre el arresto<em>.<\/em><\/p>\n\n\n\n<p><strong>\u201cLa persecuci\u00f3n pol\u00edtica ha comenzado. El Movimiento al Socialismo (MAS) ha decidido volver a los estilos de la dictadura. Una pena porque Bolivia no necesita dictadores, necesita libertad y soluciones\u201d<\/strong>, denunci\u00f3 \u00c1\u00f1ez despu\u00e9s de conocer que la Fiscal\u00eda hab\u00eda dictado una orden para su detenci\u00f3n.<\/p>\n\n\n\n<p>El ministro de Justicia, Iv\u00e1n Lima Magne, se\u00f1al\u00f3 que la denuncia que abri\u00f3 la investigaci\u00f3n que ha provocado la detenci\u00f3n, \u201cse ha presentado contra la ex senadora Jeanine \u00c1\u00f1ez, no contra la ex presidenta\u201d, por lo que \u201c<strong>no est\u00e1 protegida por un juicio de responsabilidades<\/strong>\u201d.<img fetchpriority=\"high\" decoding=\"async\" height=\"277\" width=\"502\" srcset=\"https:\/\/www.infobae.com\/new-resizer\/8jbfumUobWAAiQgUhWukHmhKjbs=\/420x236\/filters:format(jpg):quality(85)\/cloudfront-us-east-1.images.arcpublishing.com\/infobae\/BYN5EC7FUFBDRE7RANVR5MMY44.jpg 420w,https:\/\/www.infobae.com\/new-resizer\/Wz7_Gy4FzCW5uK0b8v7pq3bmNRc=\/768x432\/filters:format(jpg):quality(85)\/cloudfront-us-east-1.images.arcpublishing.com\/infobae\/BYN5EC7FUFBDRE7RANVR5MMY44.jpg 768w,https:\/\/www.infobae.com\/new-resizer\/1qP-XABiMM7UzlPB3F5A4cmXI9Q=\/992x558\/filters:format(jpg):quality(85)\/cloudfront-us-east-1.images.arcpublishing.com\/infobae\/BYN5EC7FUFBDRE7RANVR5MMY44.jpg 992w,https:\/\/www.infobae.com\/new-resizer\/I7_0WJd3wuCQHJdU9nxoN6-iwhU=\/1200x675\/filters:format(jpg):quality(85)\/cloudfront-us-east-1.images.arcpublishing.com\/infobae\/BYN5EC7FUFBDRE7RANVR5MMY44.jpg 1200w\" alt=\"La ex presidente de Bolivia, Jeanine \u00c1\u00f1ez, detenida por la polic\u00eda \" src=\"https:\/\/www.infobae.com\/new-resizer\/8jbfumUobWAAiQgUhWukHmhKjbs=\/420x236\/filters:format(jpg):quality(85)\/cloudfront-us-east-1.images.arcpublishing.com\/infobae\/BYN5EC7FUFBDRE7RANVR5MMY44.jpg\"><\/p>\n\n\n\n<p>Las autoridades bolivianas detuvieron este viernes al ex ministro de Energ\u00edas Rodrigo Guzm\u00e1n en Trinidad, en el norte del pa\u00eds, a quien \u201cinterceptaron en medio de la calle, tres tipos que ni se identificaron, lo subieron a una movilidad y se le llevaron\u201d, seg\u00fan relat\u00f3 su esposa, Dalia Lima.<\/p>\n\n\n\n<p>Entre los acusados por la Fiscal\u00eda tambi\u00e9n est\u00e1n los ex ministros de Justicia, \u00c1lvaro Coimbra -ya detenido-; de Gobierno y mano derecha de \u00c1\u00f1ez, Arturo Murillo -se encuentra en Estados Unidos-; de Presidencia, Yerko N\u00fa\u00f1ez; y de Defensa, Luis Fernando L\u00f3pez.<\/p>\n\n\n\n<figure class=\"wp-block-embed-twitter wp-block-embed is-type-rich is-provider-twitter\"><div class=\"wp-block-embed__wrapper\">\n<blockquote class=\"twitter-tweet\" data-width=\"500\" data-dnt=\"true\"><p lang=\"es\" dir=\"ltr\">Esta madrugada fue detenida la ex- presidenta de <a href=\"https:\/\/twitter.com\/hashtag\/Bolivia?src=hash&amp;ref_src=twsrc%5Etfw\">#Bolivia<\/a> <a href=\"https:\/\/twitter.com\/JeanineAnez?ref_src=twsrc%5Etfw\">@JeanineAnez<\/a> acusada de terrorismo. <a href=\"https:\/\/t.co\/siggBP8pxx\">pic.twitter.com\/siggBP8pxx<\/a><\/p>&mdash; Sikiuk M\u00e9ndez \ud83d\udc9c \ud83c\udf08 (@sikiukeli) <a href=\"https:\/\/twitter.com\/sikiukeli\/status\/1370724279566876703?ref_src=twsrc%5Etfw\">March 13, 2021<\/a><\/blockquote><script async src=\"https:\/\/platform.twitter.com\/widgets.js\" charset=\"utf-8\"><\/script>\n<\/div><\/figure>\n\n\n\n<p>Todo ellos han sido acusados de delitos de terrorismo, sedici\u00f3n y conspiraci\u00f3n, por su posible participaci\u00f3n durante las violentas revueltas entre el 1 de septiembre de 2019 y el 31 de diciembre de ese mismo a\u00f1o, incluyendo las masacres de Sacaba y Senkata, y que propiciaron la renuncia de Morales a su victoria y su salida del pa\u00eds rumbo primero a M\u00e9xico y luego a Argentina.<\/p>\n\n\n\n<p>La orden de detenci\u00f3n tambi\u00e9n solicita el arresto del almirante Palmiro Jarjuri, antiguo comandante de la Armada, de Jorge Gonzalo Terceros, quien ostentaba el mismo cargo en la Fuerza A\u00e9rea, as\u00ed como del general Gonzalo Mendieta.<\/p>\n\n\n\n<figure class=\"wp-block-image\"><img decoding=\"async\" src=\"https:\/\/www.infobae.com\/new-resizer\/13ddVkuZbEPnr9jZ8ypX2QDdKXI=\/420x747\/filters:format(jpg):quality(85)\/cloudfront-us-east-1.images.arcpublishing.com\/infobae\/VRZIZM3V2VGD7GFPIVTYTNHOOM.jpg\" alt=\"La ex presidenta Jeanine \u00c1\u00f1ez, minutos antes de ser detenida \"\/><\/figure>\n","protected":false},"excerpt":{"rendered":"<p>Jeanine A\u00f1ez, la presidenta boliviana que marc\u00f3 el periodo de transici\u00f3n en su pa\u00eds tras la salida del poder de Evo Morales, fue detenida la madrugada de este s\u00e1bado por supuesto Golpe de Estado y terrorismo. \u201cDenuncio ante Bolivia y el mundo, que en un acto de abuso y persecuci\u00f3n pol\u00edtica el gobierno del MAS [&hellip;]<\/p>\n","protected":false},"author":2,"featured_media":4890,"comment_status":"open","ping_status":"open","sticky":false,"template":"","format":"standard","meta":{"jnews-multi-image_gallery":[],"jnews_single_post":[],"jnews_primary_category":[],"jnews_social_meta":[],"jnews_review":[],"enable_review":"","type":"","name":"","summary":"","brand":"","sku":"","good":[],"bad":[],"score_override":"","override_value":"","rating":[],"price":[],"jnews_override_counter":[],"jnews_post_split":[],"footnotes":""},"categories":[88],"tags":[109,639],"class_list":["post-4889","post","type-post","status-publish","format-standard","has-post-thumbnail","hentry","category-internacionales","tag-bolivia","tag-jeanine-anez"],"amp_enabled":true,"_links":{"self":[{"href":"https:\/\/esreviral.com\/index.php?rest_route=\/wp\/v2\/posts\/4889"}],"collection":[{"href":"https:\/\/esreviral.com\/index.php?rest_route=\/wp\/v2\/posts"}],"about":[{"href":"https:\/\/esreviral.com\/index.php?rest_route=\/wp\/v2\/types\/post"}],"author":[{"embeddable":true,"href":"https:\/\/esreviral.com\/index.php?rest_route=\/wp\/v2\/users\/2"}],"replies":[{"embeddable":true,"href":"https:\/\/esreviral.com\/index.php?rest_route=%2Fwp%2Fv2%2Fcomments&post=4889"}],"version-history":[{"count":0,"href":"https:\/\/esreviral.com\/index.php?rest_route=\/wp\/v2\/posts\/4889\/revisions"}],"wp:featuredmedia":[{"embeddable":true,"href":"https:\/\/esreviral.com\/index.php?rest_route=\/"}],"wp:attachment":[{"href":"https:\/\/esreviral.com\/index.php?rest_route=%2Fwp%2Fv2%2Fmedia&parent=4889"}],"wp:term":[{"taxonomy":"category","embeddable":true,"href":"https:\/\/esreviral.com\/index.php?rest_route=%2Fwp%2Fv2%2Fcategories&post=4889"},{"taxonomy":"post_tag","embeddable":true,"href":"https:\/\/esreviral.com\/index.php?rest_route=%2Fwp%2Fv2%2Ftags&post=4889"}],"curies":[{"name":"wp","href":"https:\/\/api.w.org\/{rel}","templated":true}]}}