{"id":48744,"date":"2024-02-03T11:28:21","date_gmt":"2024-02-03T16:28:21","guid":{"rendered":"https:\/\/esreviral.com\/?p=48744"},"modified":"2024-02-03T11:28:21","modified_gmt":"2024-02-03T16:28:21","slug":"bebe-a-bordo-camilo-y-evaluna-esperan-a-su-segundo-hijo","status":"publish","type":"post","link":"https:\/\/esreviral.com\/?p=48744","title":{"rendered":"\u00a1Beb\u00e9 a bordo! Camilo y Evaluna esperan a su segundo hijo"},"content":{"rendered":"\n<p><span style=\"color: rgb(0, 0, 0); font-family: Charter; font-size: 18.7905px; white-space-collapse: collapse;\">Camilo y Evaluna son una de las parejas m\u00e1s queridas del mundo del espect\u00e1culo internacional, sus seguidores suelen admirar lo cari\u00f1osos que son entre ellos. Los cantantes se casaron en el 8 de febrero de 2020 y tuvieron a su primera hija, \u00cdndigo, el 15 de abril de 2022. Sin embargo, parece que la familia est\u00e1 creciendo, pues seg\u00fan la revista\u00a0<\/span><em style=\"box-sizing: border-box;\">\u00a1Hola!<\/em><span style=\"color: rgb(0, 0, 0); font-family: Charter; font-size: 18.7905px; white-space-collapse: collapse;\">, estar\u00edan esperando a su segundo beb\u00e9.<\/span><\/p>\n\n\n\n<p>A la revista le comentaron que Evaluna estar\u00eda atravesando por su<strong> tercer mes de embarazo<\/strong>, por lo que todav\u00eda desconocen el sexo del beb\u00e9. Seg\u00fan el medio, la pareja recibir\u00e1 a su segundo hijo posiblemente en el mes de agosto.<\/p>\n\n\n\n<p>Hasta el momento, la pareja ha mantenido total discreci\u00f3n sobre este nuevo paso en su relaci\u00f3n y en sus vidas. Recientemente, Camilo y Evaluna hicieron un misterioso anunci\u00f3 en las redes sociales, pues comentaron que el 7 de febrero lanzar\u00edan su nueva canci\u00f3n \u00abPlis\u00bb y un par de sorpresas m\u00e1s.<\/p>\n\n\n\n<p>Incluso, varios internautas han especulado que posiblemente&nbsp;van a anunciar que Evaluna est\u00e1 embarazada, pues en las \u00faltimas fotograf\u00edas y videos que han publicado ella sale tap\u00e1ndose la barriga.<\/p>\n\n\n\n<p>\u00abSe\u00f1oras y se\u00f1ores,\u00a0Evaluna est\u00e1 embarazada y anuncia su embarazo con esta canci\u00f3n que sale un d\u00eda antes de su cuarto aniversario. Adem\u00e1s, el nombre del beb\u00e9 estar\u00e1 relacionado con el mar\u00bb, especul\u00f3 una de sus seguidoras.<\/p>\n\n\n\n<p>Vale la pena mencionar que este 2024 los cantantes cumplen 10 a\u00f1os de relaci\u00f3n, pues se conocieron en 2014&nbsp;luego de que Evaluna le enviara un mensaje por Twitter a Camilo. En 2015 oficializaron su relaci\u00f3n y se volvieron inseparables. Luego, en febrero de 2020 se casaron en Miami y dos a\u00f1os despu\u00e9s lleg\u00f3 su primera hija, \u00edndigo.<\/p>\n\n\n\n<p>Por el momento, el anuncio de su segundo embarazo lo han hecho a trav\u00e9s de la revista\u00a0<em>\u00a1Hola!<\/em>\u00a0Seguramente sus fans tendr\u00e1n que esperar hasta el 7 febrero para confirmar la informaci\u00f3n.<\/p>\n\n\n\n<p class=\"has-text-align-right\"><strong><em>ElNacional.-<\/em><\/strong><\/p>\n","protected":false},"excerpt":{"rendered":"<p>La pareja le cont\u00f3 a la revista que la hija de Ricardo Montaner estar\u00eda en su tercer mes de embarazo, por lo que le dar\u00edan la bienvenida al nuevo integrante de la familia en agosto<\/p>\n","protected":false},"author":3,"featured_media":48745,"comment_status":"open","ping_status":"open","sticky":false,"template":"","format":"standard","meta":{"jnews-multi-image_gallery":[],"jnews_single_post":{"subtitle":"","format":"standard","video":"","gallery":"","source_name":"","source_url":"","via_name":"","via_url":"","override_template":"0","override":[{"template":"4","single_blog_custom":"","parallax":"1","fullscreen":"1","layout":"right-sidebar","sidebar":"default-sidebar","second_sidebar":"default-sidebar","sticky_sidebar":"1","share_position":"top","share_float_style":"share-monocrhome","show_share_counter":"1","show_view_counter":"1","show_featured":"1","show_post_meta":"1","show_post_author":"1","show_post_author_image":"1","show_post_date":"1","post_date_format":"default","post_date_format_custom":"Y\/m\/d","show_post_category":"1","show_post_reading_time":"1","post_reading_time_wpm":"300","show_zoom_button":"1","zoom_button_out_step":"2","zoom_button_in_step":"3","show_post_tag":"1","show_prev_next_post":"1","show_popup_post":"1","number_popup_post":"1","show_author_box":"1","show_post_related":"1","show_inline_post_related":"0"}],"override_image_size":"0","image_override":[{"single_post_thumbnail_size":"crop-500","single_post_gallery_size":"crop-500"}],"trending_post":"0","trending_post_position":"meta","trending_post_label":"Trending","sponsored_post":"0","sponsored_post_label":"Sponsored by","sponsored_post_name":"","sponsored_post_url":"","sponsored_post_logo_enable":"0","sponsored_post_logo":"","sponsored_post_desc":"","disable_ad":"0"},"jnews_primary_category":{"id":"","hide":""},"jnews_social_meta":{"fb_title":"","fb_description":"","fb_image":"","twitter_title":"","twitter_description":"","twitter_image":""},"jnews_review":[],"enable_review":"0","type":"percentage","name":"","summary":"","brand":"","sku":"","good":[{"good_text":""}],"bad":[{"bad_text":""}],"score_override":"","override_value":"","rating":[{"rating_text":"","rating_number":"10"}],"price":[{"shop":"","price":"","link":"","icon":""}],"jnews_override_counter":{"override_view_counter":"0","view_counter_number":"0","override_share_counter":"0","share_counter_number":"0","override_like_counter":"0","like_counter_number":"0","override_dislike_counter":"0","dislike_counter_number":"0"},"jnews_post_split":{"enable_post_split":"0","post_split":[{"template":"1","tag":"h2","numbering":"asc","mode":"normal","first":"0","enable_toc":"0","toc_type":"normal"}]},"footnotes":""},"categories":[50],"tags":[6660,1975,1798,617,13483,165,45],"class_list":["post-48744","post","type-post","status-publish","format-standard","has-post-thumbnail","hentry","category-entretenimiento","tag-camilo-y-evaluna","tag-celebridades","tag-celebrities","tag-embarazo","tag-espectaculo-internacional","tag-espectaculos","tag-noticias"],"amp_enabled":true,"_links":{"self":[{"href":"https:\/\/esreviral.com\/index.php?rest_route=\/wp\/v2\/posts\/48744"}],"collection":[{"href":"https:\/\/esreviral.com\/index.php?rest_route=\/wp\/v2\/posts"}],"about":[{"href":"https:\/\/esreviral.com\/index.php?rest_route=\/wp\/v2\/types\/post"}],"author":[{"embeddable":true,"href":"https:\/\/esreviral.com\/index.php?rest_route=\/wp\/v2\/users\/3"}],"replies":[{"embeddable":true,"href":"https:\/\/esreviral.com\/index.php?rest_route=%2Fwp%2Fv2%2Fcomments&post=48744"}],"version-history":[{"count":0,"href":"https:\/\/esreviral.com\/index.php?rest_route=\/wp\/v2\/posts\/48744\/revisions"}],"wp:featuredmedia":[{"embeddable":true,"href":"https:\/\/esreviral.com\/index.php?rest_route=\/wp\/v2\/media\/48745"}],"wp:attachment":[{"href":"https:\/\/esreviral.com\/index.php?rest_route=%2Fwp%2Fv2%2Fmedia&parent=48744"}],"wp:term":[{"taxonomy":"category","embeddable":true,"href":"https:\/\/esreviral.com\/index.php?rest_route=%2Fwp%2Fv2%2Fcategories&post=48744"},{"taxonomy":"post_tag","embeddable":true,"href":"https:\/\/esreviral.com\/index.php?rest_route=%2Fwp%2Fv2%2Ftags&post=48744"}],"curies":[{"name":"wp","href":"https:\/\/api.w.org\/{rel}","templated":true}]}}