{"id":48726,"date":"2024-02-02T16:11:56","date_gmt":"2024-02-02T21:11:56","guid":{"rendered":"https:\/\/esreviral.com\/?p=48726"},"modified":"2024-02-02T16:41:33","modified_gmt":"2024-02-02T21:41:33","slug":"andy-chirinos-debuto-en-dnews-y-es-el-primer-venezolano-en-narrar-el-noticiero-de-directv-latam","status":"publish","type":"post","link":"https:\/\/esreviral.com\/?p=48726","title":{"rendered":"Andy Chirinos debut\u00f3 en Dnews y es el primer venezolano en narrar el noticiero de Directv Latam"},"content":{"rendered":"\n<p><strong><em>Carlos Iv\u00e1n Su\u00e1rez.- <\/em><\/strong>Su talento lo llev\u00f3 primero al Canal 26 donde estuvo poco m\u00e1s de dos a\u00f1os. El acento caracter\u00edstico venezolano lo hizo destacar pero fue su talento el que lo puso a brillar y lo dio a conocer como <strong>Andy Chirinos.&nbsp;<\/strong><\/p>\n\n\n\n<p>Recientemente se despidi\u00f3 de su casa profesional para dar un paso agigantado, porque ahora conduce el noticiario Dnews en Directv para toda Latinoam\u00e9rica, convirti\u00e9ndose as\u00ed en <strong>el primer venezolano en lograr esta haza\u00f1a,<\/strong> lo que sin duda es una gran alegr\u00eda para la comunidad venezolana que hace vida en Argentina.&nbsp;<\/p>\n\n\n\n<p>\u201c<strong>Me emociona ahora hablarle a Latinoam\u00e9rica , ya no s\u00f3lo a los venezolanos en Argentina.<\/strong> Si bien canal 26 a trav\u00e9s de su p\u00e1gina web se ve en cualquier parte del mundo. Su fuerte es Argentina . Ahora con Dnews DirecTV LATAM ser\u00e1 para la cada pa\u00eds latinoamericano, me dijeron: <strong>queremos a un venezolano y te vimos a ti\u201d<\/strong>, coment\u00f3 en exclusiva para <strong><em>ES RE VIRAL.&nbsp;<\/em><\/strong><\/p>\n\n\n\n<p>A diario <strong>se le podr\u00e1 ver ahora de lunes a viernes 2 de la tarde a 8 de la noche en Directv,<\/strong> donde hablar\u00e1 de diversos temas, algo similar como lo que ven\u00eda haciendo pero cuyas expectativas ahora crecen porque su rostro ser\u00e1 visible en todo el continente.&nbsp;<\/p>\n\n\n\n<p><strong>\u201cMe emociona tener que hacer una maestr\u00eda para estar al nivel<\/strong> y me asusta ahora el reto m\u00e1s period\u00edstico no s\u00f3lo de presentador de noticias como ven\u00eda acostumbrado\u00bb, expres\u00f3.<\/p>\n\n\n\n<p><strong><a href=\"https:\/\/chat.whatsapp.com\/KWkTmakY3I05kNdd2oZl6d\">\u00daNETE A NUESTRO CANAL DE WHATSAPP PARA MANTENERTE INFORMADO<\/a><\/strong><\/p>\n\n\n\n<figure class=\"wp-block-image size-large\"><img fetchpriority=\"high\" decoding=\"async\" width=\"577\" height=\"1024\" src=\"https:\/\/esreviral.com\/wp-content\/uploads\/2024\/02\/atsapp-image-2024-02-02-at-17-46-29-577x1024.webp\" alt=\"\" class=\"wp-image-48728\" srcset=\"https:\/\/esreviral.com\/wp-content\/uploads\/2024\/02\/atsapp-image-2024-02-02-at-17-46-29-577x1024.webp 577w, https:\/\/esreviral.com\/wp-content\/uploads\/2024\/02\/atsapp-image-2024-02-02-at-17-46-29-169x300.webp 169w, https:\/\/esreviral.com\/wp-content\/uploads\/2024\/02\/atsapp-image-2024-02-02-at-17-46-29-768x1364.webp 768w, https:\/\/esreviral.com\/wp-content\/uploads\/2024\/02\/atsapp-image-2024-02-02-at-17-46-29-865x1536.webp 865w, https:\/\/esreviral.com\/wp-content\/uploads\/2024\/02\/atsapp-image-2024-02-02-at-17-46-29-1153x2048.webp 1153w, https:\/\/esreviral.com\/wp-content\/uploads\/2024\/02\/atsapp-image-2024-02-02-at-17-46-29-750x1332.webp 750w, https:\/\/esreviral.com\/wp-content\/uploads\/2024\/02\/atsapp-image-2024-02-02-at-17-46-29-1140x2025.webp 1140w, https:\/\/esreviral.com\/wp-content\/uploads\/2024\/02\/atsapp-image-2024-02-02-at-17-46-29-scaled.webp 1441w\" sizes=\"(max-width: 577px) 100vw, 577px\" \/><figcaption class=\"wp-element-caption\">Andy Chirinos, combina sus dos profesiones: profesor de ingl\u00e9s y periodista<\/figcaption><\/figure>\n\n\n\n<p><strong><mark style=\"background-color:rgba(0, 0, 0, 0)\" class=\"has-inline-color has-vivid-red-color\">-\u00bfCu\u00e1l ser\u00e1 la diferencia ahora?<\/mark><\/strong><\/p>\n\n\n\n<p>-Estaba acostumbrado a estar en el estudio con un equipo de redacci\u00f3n que comparte las noticias listas y yo deb\u00eda estudiarlas y compartirlas.&nbsp;Ahora me tocar\u00eda ir a eventos especiales como cumbres para ser ese que pregunte delante de todos en nombre del canal.<\/p>\n\n\n\n<p>Sin lugar a dudas el perfecto dominio del idioma ingl\u00e9s, le abri\u00f3 las puertas a Chirinos para su internacionalizaci\u00f3n. <strong>\u201cMe gust\u00f3 cuando me dijeron que se decidieron a llamarme cuando me vieron traduciendo en Ingl\u00e9s en canal 26 el discurso de Kamala Harris\u201d,<\/strong> y es que, aunque muchos no lo sepan, la primera profesi\u00f3n de este barquisimetano, es profesor de Ingl\u00e9s, egresado de la UPEL en su tierra natal, lo que sin lugar a dudas le ha abierto las puertas.\u00a0<\/p>\n\n\n\n<p>Lea tambi\u00e9n: <strong><a href=\"https:\/\/esreviral.com\/estos-son-algunos-de-los-venezolanos-destacados-en-argentina\/\">Estos son algunos de los venezolanos + destacados en Argentina<\/a><\/strong><\/p>\n\n\n\n<figure class=\"wp-block-embed is-type-rich is-provider-twitter wp-block-embed-twitter\"><div class=\"wp-block-embed__wrapper\">\n<blockquote class=\"twitter-tweet\" data-width=\"500\" data-dnt=\"true\"><p lang=\"es\" dir=\"ltr\"><a href=\"https:\/\/twitter.com\/hashtag\/02feb?src=hash&amp;ref_src=twsrc%5Etfw\">#02feb<\/a> el periodista Andy Chirinos, se convirti\u00f3 en el primer venezolano en conducir el noticiero Dnews de Directv para Latinoam\u00e9rica <a href=\"https:\/\/t.co\/b694lgoq3x\">pic.twitter.com\/b694lgoq3x<\/a><\/p>&mdash; ES RE VIRAL (@esreviral) <a href=\"https:\/\/twitter.com\/esreviral\/status\/1753525003813892480?ref_src=twsrc%5Etfw\">February 2, 2024<\/a><\/blockquote><script async src=\"https:\/\/platform.twitter.com\/widgets.js\" charset=\"utf-8\"><\/script>\n<\/div><\/figure>\n\n\n\n<p><\/p>\n","protected":false},"excerpt":{"rendered":"<p>Carlos Iv\u00e1n Su\u00e1rez.- Su talento lo llev\u00f3 primero al Canal 26 donde estuvo poco m\u00e1s de dos a\u00f1os. El acento caracter\u00edstico venezolano lo hizo destacar pero fue su talento el que lo puso a brillar y lo dio a conocer como Andy Chirinos.&nbsp; Recientemente se despidi\u00f3 de su casa profesional para dar un paso agigantado, [&hellip;]<\/p>\n","protected":false},"author":2,"featured_media":48727,"comment_status":"open","ping_status":"closed","sticky":false,"template":"","format":"standard","meta":{"jnews-multi-image_gallery":[],"jnews_single_post":{"subtitle":"","format":"standard","video":"","gallery":"","source_name":"","source_url":"","via_name":"","via_url":"","override_template":"0","override":[{"template":"4","single_blog_custom":"","parallax":"1","fullscreen":"1","layout":"right-sidebar","sidebar":"default-sidebar","second_sidebar":"default-sidebar","sticky_sidebar":"1","share_position":"top","share_float_style":"share-monocrhome","show_share_counter":"1","show_view_counter":"1","show_featured":"1","show_post_meta":"1","show_post_author":"1","show_post_author_image":"1","show_post_date":"1","post_date_format":"default","post_date_format_custom":"Y\/m\/d","show_post_category":"1","show_post_reading_time":"1","post_reading_time_wpm":"300","show_zoom_button":"1","zoom_button_out_step":"2","zoom_button_in_step":"3","show_post_tag":"1","show_prev_next_post":"1","show_popup_post":"1","number_popup_post":"1","show_author_box":"1","show_post_related":"1","show_inline_post_related":"0"}],"override_image_size":"0","image_override":[{"single_post_thumbnail_size":"crop-500","single_post_gallery_size":"crop-500"}],"trending_post":"0","trending_post_position":"meta","trending_post_label":"Trending","sponsored_post":"0","sponsored_post_label":"Sponsored by","sponsored_post_name":"","sponsored_post_url":"","sponsored_post_logo_enable":"0","sponsored_post_logo":"","sponsored_post_desc":"","disable_ad":"0"},"jnews_primary_category":{"id":"","hide":""},"jnews_social_meta":{"fb_title":"","fb_description":"","fb_image":"","twitter_title":"","twitter_description":"","twitter_image":""},"jnews_review":[],"enable_review":"0","type":"percentage","name":"","summary":"","brand":"","sku":"","good":[{"good_text":""}],"bad":[{"bad_text":""}],"score_override":"","override_value":"","rating":[{"rating_text":"","rating_number":"10"}],"price":[{"shop":"","price":"","link":"","icon":""}],"jnews_override_counter":{"override_view_counter":"0","view_counter_number":"0","override_share_counter":"0","share_counter_number":"0","override_like_counter":"0","like_counter_number":"0","override_dislike_counter":"0","dislike_counter_number":"0"},"jnews_post_split":{"enable_post_split":"0","post_split":[{"template":"1","tag":"h2","numbering":"asc","mode":"normal","first":"0","enable_toc":"0","toc_type":"normal"}]},"footnotes":""},"categories":[5892],"tags":[1388,13480,13479,12003,2773,45,67],"class_list":["post-48726","post","type-post","status-publish","format-standard","has-post-thumbnail","hentry","category-venezolanos-en-argentina","tag-andy-chirinos","tag-directv","tag-dnews","tag-latam","tag-latinoamerica","tag-noticias","tag-venezolanos-en-argentina"],"amp_enabled":true,"_links":{"self":[{"href":"https:\/\/esreviral.com\/index.php?rest_route=\/wp\/v2\/posts\/48726"}],"collection":[{"href":"https:\/\/esreviral.com\/index.php?rest_route=\/wp\/v2\/posts"}],"about":[{"href":"https:\/\/esreviral.com\/index.php?rest_route=\/wp\/v2\/types\/post"}],"author":[{"embeddable":true,"href":"https:\/\/esreviral.com\/index.php?rest_route=\/wp\/v2\/users\/2"}],"replies":[{"embeddable":true,"href":"https:\/\/esreviral.com\/index.php?rest_route=%2Fwp%2Fv2%2Fcomments&post=48726"}],"version-history":[{"count":0,"href":"https:\/\/esreviral.com\/index.php?rest_route=\/wp\/v2\/posts\/48726\/revisions"}],"wp:featuredmedia":[{"embeddable":true,"href":"https:\/\/esreviral.com\/index.php?rest_route=\/wp\/v2\/media\/48727"}],"wp:attachment":[{"href":"https:\/\/esreviral.com\/index.php?rest_route=%2Fwp%2Fv2%2Fmedia&parent=48726"}],"wp:term":[{"taxonomy":"category","embeddable":true,"href":"https:\/\/esreviral.com\/index.php?rest_route=%2Fwp%2Fv2%2Fcategories&post=48726"},{"taxonomy":"post_tag","embeddable":true,"href":"https:\/\/esreviral.com\/index.php?rest_route=%2Fwp%2Fv2%2Ftags&post=48726"}],"curies":[{"name":"wp","href":"https:\/\/api.w.org\/{rel}","templated":true}]}}