{"id":48711,"date":"2024-02-02T09:54:05","date_gmt":"2024-02-02T14:54:05","guid":{"rendered":"https:\/\/esreviral.com\/?p=48711"},"modified":"2024-02-02T10:49:40","modified_gmt":"2024-02-02T15:49:40","slug":"fallecio-el-reconocido-actor-de-la-serie-el-marginal","status":"publish","type":"post","link":"https:\/\/esreviral.com\/?p=48711","title":{"rendered":"Falleci\u00f3 el reconocido actor de la serie El marginal"},"content":{"rendered":"\n<p>A los 67 a\u00f1os de edad, el reconocido&nbsp;<strong>actor&nbsp;<\/strong>argentino, <strong>Claudio Rissi<\/strong>,&nbsp;<strong>muri\u00f3 este viernes 2 de febrero<\/strong>, luego de dar una dura batalla contra el&nbsp;<strong>c\u00e1ncer<\/strong>. El interprete estaba internado en un sanatorio de la Ciudad de Buenos Aires. La noticia fue confirmada por novia,&nbsp;<strong>Natalia Ojeda.<\/strong><\/p>\n\n\n\n<blockquote class=\"wp-block-quote is-layout-flow wp-block-quote-is-layout-flow\">\n<p><strong>\u201cDespedimos con gran tristeza a nuestro afiliado, el actor Claudio Rissi. Durante su trayectoria de m\u00e1s de cuatro d\u00e9cadas se destac\u00f3 en televisi\u00f3n, cine y teatro. Acompa\u00f1amos a sus seres queridos en este duro momento\u201d<\/strong>, lo despidi\u00f3&nbsp;<strong>Asociaci\u00f3n Argentina de Actores y Actrices<\/strong>&nbsp;a trav\u00e9s de un comunicado en sus redes sociales.<\/p>\n<\/blockquote>\n\n\n\n<p>Rissi fue interprete de personajes entra\u00f1ables de grandes series de la televisi\u00f3n argentina como<strong>&nbsp;\u00abLos Simuladores\u00bb, \u00abOkupas\u00bb, \u00abEl Puntero\u00bb, \u00abPoliladron\u00bb y \u00abGasoleros\u00bb<\/strong>, entre otros. Sin embargo, no hay dudas que quedar\u00e1 en la memoria colectiva de todos los argentinos como&nbsp;<strong>\u00abBorges\u00bb<\/strong>, su m\u00e1s reciente y popular papel en la serie&nbsp;<strong>\u00abEl Marginal\u00bb<\/strong>, en la que representaba al capo de una banda mafiosa dentro de la c\u00e1rcel.<\/p>\n\n\n\n<figure class=\"wp-block-image size-full\"><img fetchpriority=\"high\" decoding=\"async\" width=\"887\" height=\"591\" src=\"https:\/\/esreviral.com\/wp-content\/uploads\/2024\/02\/claudio-rissijpg.webp\" alt=\"\" class=\"wp-image-48712\" srcset=\"https:\/\/esreviral.com\/wp-content\/uploads\/2024\/02\/claudio-rissijpg.webp 887w, https:\/\/esreviral.com\/wp-content\/uploads\/2024\/02\/claudio-rissijpg-300x200.webp 300w, https:\/\/esreviral.com\/wp-content\/uploads\/2024\/02\/claudio-rissijpg-768x512.webp 768w, https:\/\/esreviral.com\/wp-content\/uploads\/2024\/02\/claudio-rissijpg-750x500.webp 750w\" sizes=\"(max-width: 887px) 100vw, 887px\" \/><\/figure>\n\n\n\n<p><\/p>\n\n\n\n<p>Nacido y criado en Boedo, era hijo de una costurera y de un trabajador que se la rebusc\u00f3 en diversos rubros. Desde los 10 a\u00f1os, descubri\u00f3 su pasi\u00f3n por el arte en los actos escolares. Sin embargo, reci\u00e9n a los 18 a\u00f1os y a escondidas de su padre, comenz\u00f3 formalmente a estudiar teatro vocacional en el Club River Plate.<\/p>\n\n\n\n<p>Tiempo m\u00e1s tarde ingres\u00f3 a la&nbsp;<strong>Escuela Nacional de Arte Dram\u00e1tico<\/strong>, donde aprendi\u00f3 de la mano de maestros como&nbsp;<strong>David di N\u00e1poli<\/strong>&nbsp;y&nbsp;<strong>Lorenzo Quinteros<\/strong>. Su primer contrato lleg\u00f3 con el Teatro Presidente Alvear y desde all\u00ed construy\u00f3 una extensa carrera que lo llevar\u00eda a lo m\u00e1s alto del cine y teatro argentino.<\/p>\n\n\n\n<p>Fue as\u00ed que Rissi particip\u00f3 en pel\u00edculas, serie y obras teatrales de reconocimiento nacional e internacional como \u00abLos Simuladores\u00bb, \u00abJuan y Eva2, \u00abPoliladron\u00bb, \u00abOkupas\u00bb, \u00abEl puntero\u00bb, \u00abMaradona sue\u00f1o bendito\u00bb, \u00abEl jard\u00edn de bronce\u00bb, \u00abUn gallo para Esculapio\u00bb, \u00abEn terapia\u00bb, \u00abTiempo final\u00bb, \u00abGasoleros\u00bb y \u00abChiquititas\u00bb, entre otros grandes \u00e9xitos.<\/p>\n\n\n\n<p class=\"has-text-align-right\"><strong><em>infocielo.com.-<\/em><\/strong><\/p>\n","protected":false},"excerpt":{"rendered":"<p>El actor Claudio Rissi falleci\u00f3 este viernes, tras luchar contra el c\u00e1ncer. Era reconocido por sus personajes en \u00abEl Marginal\u00bb, \u00abLos Simuladores\u00bb y \u00abOkupas\u00bb.<\/p>\n","protected":false},"author":3,"featured_media":48713,"comment_status":"open","ping_status":"open","sticky":false,"template":"","format":"standard","meta":{"jnews-multi-image_gallery":[],"jnews_single_post":{"subtitle":"","format":"standard","video":"","gallery":"","source_name":"","source_url":"","via_name":"","via_url":"","override_template":"0","override":[{"template":"4","single_blog_custom":"","parallax":"1","fullscreen":"1","layout":"right-sidebar","sidebar":"default-sidebar","second_sidebar":"default-sidebar","sticky_sidebar":"1","share_position":"top","share_float_style":"share-monocrhome","show_share_counter":"1","show_view_counter":"1","show_featured":"1","show_post_meta":"1","show_post_author":"1","show_post_author_image":"1","show_post_date":"1","post_date_format":"default","post_date_format_custom":"Y\/m\/d","show_post_category":"1","show_post_reading_time":"1","post_reading_time_wpm":"300","show_zoom_button":"1","zoom_button_out_step":"2","zoom_button_in_step":"3","show_post_tag":"1","show_prev_next_post":"1","show_popup_post":"1","number_popup_post":"1","show_author_box":"1","show_post_related":"1","show_inline_post_related":"0"}],"override_image_size":"0","image_override":[{"single_post_thumbnail_size":"crop-500","single_post_gallery_size":"crop-500"}],"trending_post":"0","trending_post_position":"meta","trending_post_label":"Trending","sponsored_post":"0","sponsored_post_label":"Sponsored by","sponsored_post_name":"","sponsored_post_url":"","sponsored_post_logo_enable":"0","sponsored_post_logo":"","sponsored_post_desc":"","disable_ad":"0"},"jnews_primary_category":{"id":"","hide":""},"jnews_social_meta":{"fb_title":"","fb_description":"","fb_image":"","twitter_title":"","twitter_description":"","twitter_image":""},"jnews_review":[],"enable_review":"0","type":"percentage","name":"","summary":"","brand":"","sku":"","good":[{"good_text":""}],"bad":[{"bad_text":""}],"score_override":"","override_value":"","rating":[{"rating_text":"","rating_number":"10"}],"price":[{"shop":"","price":"","link":"","icon":""}],"jnews_override_counter":{"override_view_counter":"0","view_counter_number":"0","override_share_counter":"0","share_counter_number":"0","override_like_counter":"0","like_counter_number":"0","override_dislike_counter":"0","dislike_counter_number":"0"},"jnews_post_split":{"enable_post_split":"0","post_split":[{"template":"1","tag":"h2","numbering":"asc","mode":"normal","first":"0","enable_toc":"0","toc_type":"normal"}]},"footnotes":""},"categories":[43,58],"tags":[1126,13467,44,10924,13465,13466,45],"class_list":["post-48711","post","type-post","status-publish","format-standard","has-post-thumbnail","hentry","category-actualidad","category-argentina","tag-actor","tag-actor-argentino","tag-argentina","tag-borges","tag-claudio-rissi","tag-el-marginal","tag-noticias"],"_links":{"self":[{"href":"https:\/\/esreviral.com\/index.php?rest_route=\/wp\/v2\/posts\/48711","targetHints":{"allow":["GET"]}}],"collection":[{"href":"https:\/\/esreviral.com\/index.php?rest_route=\/wp\/v2\/posts"}],"about":[{"href":"https:\/\/esreviral.com\/index.php?rest_route=\/wp\/v2\/types\/post"}],"author":[{"embeddable":true,"href":"https:\/\/esreviral.com\/index.php?rest_route=\/wp\/v2\/users\/3"}],"replies":[{"embeddable":true,"href":"https:\/\/esreviral.com\/index.php?rest_route=%2Fwp%2Fv2%2Fcomments&post=48711"}],"version-history":[{"count":0,"href":"https:\/\/esreviral.com\/index.php?rest_route=\/wp\/v2\/posts\/48711\/revisions"}],"wp:featuredmedia":[{"embeddable":true,"href":"https:\/\/esreviral.com\/index.php?rest_route=\/wp\/v2\/media\/48713"}],"wp:attachment":[{"href":"https:\/\/esreviral.com\/index.php?rest_route=%2Fwp%2Fv2%2Fmedia&parent=48711"}],"wp:term":[{"taxonomy":"category","embeddable":true,"href":"https:\/\/esreviral.com\/index.php?rest_route=%2Fwp%2Fv2%2Fcategories&post=48711"},{"taxonomy":"post_tag","embeddable":true,"href":"https:\/\/esreviral.com\/index.php?rest_route=%2Fwp%2Fv2%2Ftags&post=48711"}],"curies":[{"name":"wp","href":"https:\/\/api.w.org\/{rel}","templated":true}]}}