{"id":48476,"date":"2024-01-29T10:02:07","date_gmt":"2024-01-29T15:02:07","guid":{"rendered":"https:\/\/esreviral.com\/?p=48476"},"modified":"2024-01-29T10:02:08","modified_gmt":"2024-01-29T15:02:08","slug":"escandalo-en-monaco-un-excontador-revela-los-gastos-exorbitantes-de-la-familia-real","status":"publish","type":"post","link":"https:\/\/esreviral.com\/?p=48476","title":{"rendered":"Esc\u00e1ndalo en M\u00f3naco: Un excontador revela los gastos exorbitantes de la familia real"},"content":{"rendered":"\n<p>Durante m\u00e1s de 20 a\u00f1os, el contador de Alberto II de M\u00f3naco anot\u00f3 todo en sus cuadernos.&nbsp;<strong>Claude Palmero, de 67 a\u00f1os, no solo administraba los bienes del soberano, sino los de toda la familia Grimaldi<\/strong>, que gobierna el principado desde el siglo XIII. Era, adem\u00e1s, el encargado de supervisar los gastos y las inversiones de la casa real monegasca hasta su s\u00fabito despido en junio de 2023, a ra\u00edz de unas acusaciones no verificadas de irregularidades financieras.<\/p>\n\n\n\n<p>El diario franc\u00e9s Le Monde public\u00f3 una parte de lo que contienen esas cinco libretas de Palmero. Las revelaciones ponen al principado en aprietos, en un momento en el que busca conformarse a las exigencias de Moneyval, el \u00f3rgano antiblanqueo del Consejo de Europa.&nbsp;<strong>El organismo llevar\u00e1 a cabo una nueva evaluaci\u00f3n de la ciudadEstado en 2024,&nbsp;<\/strong>un momento clave para su imagen internacional. En su llegada al trono en 2005, Alberto II hab\u00eda insistido en la importancia de la \u00e9tica en este territorio de dos kil\u00f3metros cuadrados y 39.000 habitantes, situado en la costa mediterr\u00e1nea de Francia.<\/p>\n\n\n\n<p>Las informaciones publicadas por la prensa francesa, sin embargo, sugieren otro rumbo. En sus cuadernos, Palmero detall\u00f3 cuidadosamente los gastos de la familia monegasca y las gestiones que le ped\u00eda Alberto II. Los papeles tambi\u00e9n incluyen sus estados de \u00e1nimo y los intercambios con el pr\u00edncipe, que aval\u00f3 las operaciones o les puso fin. Entre las revelaciones m\u00e1s jugosas figuran el ostentoso tren de vida de la esposa del monarca, la princesa Charlene, que el 25 de enero cumpli\u00f3 46 a\u00f1os, con quien Alberto se cas\u00f3 en 2011. La antigua campeona de nataci\u00f3n tiene dos hijos mellizos con el pr\u00edncipe,Jacques y Gabriella. Cuando nacieron, en 2014, Alberto de M\u00f3naco ya era padre de otros dos hijos de dos relaciones anteriores, cuya paternidad no reconoci\u00f3 hasta a\u00f1os despu\u00e9s de su nacimiento.<\/p>\n\n\n\n<figure class=\"wp-block-image\"><img decoding=\"async\" src=\"https:\/\/laconexionusa.com\/wp-content\/uploads\/2024\/01\/alberto-y-charlene-de-monaco-300x207.webp\" alt=\"\" class=\"wp-image-16243\"\/><\/figure>\n\n\n\n<p>La princesa de M\u00f3naco figura entre los miembros de la realeza europea que m\u00e1s dinero gastan en ropa y joyas. Seg\u00fan Le Monde,&nbsp;<strong>su dotaci\u00f3n anual en 2023 era de cerca de 1,5 millones de euros.<\/strong>&nbsp;Aun as\u00ed, Palmero anota en diciembre de 2019 que Charlene gast\u00f3 \u201cunos 15 millones de euros\u201d en los \u00faltimos ocho a\u00f1os. El despilfarro lo irrita, sobre todo al saber que el pr\u00edncipe ha ido aumentando su asignaci\u00f3n. \u201cHay que tener cuidado de no aumentar demasiado las asignaciones en per\u00edodo de crisis\u201d, escribe el contador, que lleg\u00f3 al cargo en 2001. En 2016, la esposa del pr\u00edncipe recibi\u00f3 77.000 euros en efectivo. \u201cEs menos que el a\u00f1o pasado, pero todav\u00eda demasiado\u201d, opina. \u201c\u00bfNo es mucho?\u201d, se pregunta tambi\u00e9n cuando Charlene solicita alquilar una segunda casa en la isla francesa de C\u00f3rcega.<\/p>\n\n\n\n<p>En sus cuadernos, Palmero apunta algunas anomal\u00edas y se opone a ciertas demandas, como la de un catamar\u00e1n para Charlene o la de la renovaci\u00f3n de su despacho por casi un mill\u00f3n de euros. En 2012, resalta que \u201csu seren\u00edsima alteza hace trabajar a personas que no est\u00e1n en regla\u201d. Varios empleados de la casa estar\u00edan en situaci\u00f3n irregular, escriben los periodistas G\u00e9rard Davet y Fabrice Lhomme, que han tenido acceso a los documentos. Es el caso de las ni\u00f1eras, cuyo visado, seg\u00fan el contador, era tur\u00edstico y estaba expirado.<\/p>\n\n\n\n<p>Los desorbitados gastos conciernen a todos. Y la lista es larga. El hermano de Charlene, Sean Wittstock, recibe 900.000 euros para su casa. En 2007, la princesa Estefan\u00eda, hermana menor de Alberto II, quiso comprar un piso por 30 millones de euros, un precio muy superior al del mercado. Los dos hijos extramatrimoniales de Alberto tambi\u00e9n reclaman lo suyo. Alexandre Coste, fruto de la relaci\u00f3n entre el pr\u00edncipe y la azafata franco-togolesa Nicole Coste, tiene un seguro antisecuestro. Su madre recibe 350.000 euros para una tienda de moda en Londres. Por los gastos excesivos, Palmero propone \u201cescribir una carta [\u2026] para decir stop\u201d, revela el diario franc\u00e9s. Jazmin Grace Grimaldi, nacida fruto de su aventura en 1991 con la camarera Tamara Rotolo, recibir\u00eda unos 80.000 euros cada tres meses.<\/p>\n\n\n\n<p>El excontable va m\u00e1s all\u00e1 de la simple gesti\u00f3n. Seg\u00fan resalta la investigaci\u00f3n, a partir de 2011 se vuelve multiproprietario de lujosos departamentos en Francia, donde viven varios sobrinos del pr\u00edncipe, comprados a veces a trav\u00e9s de sociedades. \u201cPodemos hablar de un deseo de discreci\u00f3n y de minimizaci\u00f3n del riesgo fiscal\u201d, justifica a Le Monde, que se pregunta si no se ha privado al fisco franc\u00e9s de una importante entrada de dinero. El brazo derecho del pr\u00edncipe tambi\u00e9n se encarg\u00f3 de un presunto fondo especial dotado con cerca de 150.000 euros anuales para \u201cmisiones secretas\u201d, que incluyeron el pago a polic\u00edas para obtener informaci\u00f3n o recuperar fotos que compromet\u00edan al soberano. El abogado de Alberto, JeanMichel Darrois, rechaza las informaciones y asegura que Palmero no inform\u00f3 a la familia monegasca del sistema implementado para los bienes inmobiliarios. El pr\u00edncipe, adem\u00e1s, no aprob\u00f3 ni tuvo conocimiento de ning\u00fan fondo il\u00edcito, seg\u00fan el letrado.<\/p>\n\n\n\n<p>Alberto de M\u00f3naco ha querido salir al paso de las informaciones y acusa a su excontable de haber gestionado los activos de la familia en una opacidad total. Tambi\u00e9n afirma que la confianza entre ambos se hab\u00eda roto y que su ex brazo derecho, nombrado por su padre, Raniero III, hab\u00eda superado la edad de jubilaci\u00f3n. \u201cTodo este asunto gira en torno a la corrupci\u00f3n que vengo denunciando con cada vez m\u00e1s fuerza desde hace a\u00f1os\u201d, les dice a los periodistas Palmero, quien sucedi\u00f3 a su padre como gestor de la fortuna de los Grimaldi. El que era el hombre de confianza del pr\u00edncipe reclama ahora un mill\u00f3n de euros al palacio. Su despido ha abierto una caja de Pandora.<\/p>\n\n\n\n<p>El Pa\u00eds, SL<\/p>\n","protected":false},"excerpt":{"rendered":"<p>Durante m\u00e1s de 20 a\u00f1os, el contador de Alberto II de M\u00f3naco anot\u00f3 todo en sus cuadernos.&nbsp;Claude Palmero, de 67 a\u00f1os, no solo administraba los bienes del soberano, sino los de toda la familia Grimaldi, que gobierna el principado desde el siglo XIII. Era, adem\u00e1s, el encargado de supervisar los gastos y las inversiones de [&hellip;]<\/p>\n","protected":false},"author":2,"featured_media":48478,"comment_status":"open","ping_status":"closed","sticky":false,"template":"","format":"standard","meta":{"jnews-multi-image_gallery":[],"jnews_single_post":{"subtitle":"","format":"standard","video":"","gallery":"","source_name":"","source_url":"","via_name":"","via_url":"","override_template":"0","override":[{"template":"4","single_blog_custom":"","parallax":"1","fullscreen":"1","layout":"right-sidebar","sidebar":"default-sidebar","second_sidebar":"default-sidebar","sticky_sidebar":"1","share_position":"top","share_float_style":"share-monocrhome","show_share_counter":"1","show_view_counter":"1","show_featured":"1","show_post_meta":"1","show_post_author":"1","show_post_author_image":"1","show_post_date":"1","post_date_format":"default","post_date_format_custom":"Y\/m\/d","show_post_category":"1","show_post_reading_time":"1","post_reading_time_wpm":"300","show_zoom_button":"1","zoom_button_out_step":"2","zoom_button_in_step":"3","show_post_tag":"1","show_prev_next_post":"1","show_popup_post":"1","number_popup_post":"1","show_author_box":"1","show_post_related":"1","show_inline_post_related":"0"}],"override_image_size":"0","image_override":[{"single_post_thumbnail_size":"crop-500","single_post_gallery_size":"crop-500"}],"trending_post":"0","trending_post_position":"meta","trending_post_label":"Trending","sponsored_post":"0","sponsored_post_label":"Sponsored by","sponsored_post_name":"","sponsored_post_url":"","sponsored_post_logo_enable":"0","sponsored_post_logo":"","sponsored_post_desc":"","disable_ad":"0"},"jnews_primary_category":{"id":"","hide":""},"jnews_social_meta":{"fb_title":"","fb_description":"","fb_image":"","twitter_title":"","twitter_description":"","twitter_image":""},"jnews_review":[],"enable_review":"0","type":"percentage","name":"","summary":"","brand":"","sku":"","good":[{"good_text":""}],"bad":[{"bad_text":""}],"score_override":"","override_value":"","rating":[{"rating_text":"","rating_number":"10"}],"price":[{"shop":"","price":"","link":"","icon":""}],"jnews_override_counter":{"override_view_counter":"0","view_counter_number":"0","override_share_counter":"0","share_counter_number":"0","override_like_counter":"0","like_counter_number":"0","override_dislike_counter":"0","dislike_counter_number":"0"},"jnews_post_split":{"enable_post_split":"0","post_split":[{"template":"1","tag":"h2","numbering":"asc","mode":"normal","first":"0","enable_toc":"0","toc_type":"normal"}]},"footnotes":""},"categories":[50,88],"tags":[13377,13376,45,13378],"class_list":["post-48476","post","type-post","status-publish","format-standard","has-post-thumbnail","hentry","category-entretenimiento","category-internacionales","tag-alberto-de-monaco","tag-charlene-de-monaco","tag-noticias","tag-principe-de-monaco"],"_links":{"self":[{"href":"https:\/\/esreviral.com\/index.php?rest_route=\/wp\/v2\/posts\/48476","targetHints":{"allow":["GET"]}}],"collection":[{"href":"https:\/\/esreviral.com\/index.php?rest_route=\/wp\/v2\/posts"}],"about":[{"href":"https:\/\/esreviral.com\/index.php?rest_route=\/wp\/v2\/types\/post"}],"author":[{"embeddable":true,"href":"https:\/\/esreviral.com\/index.php?rest_route=\/wp\/v2\/users\/2"}],"replies":[{"embeddable":true,"href":"https:\/\/esreviral.com\/index.php?rest_route=%2Fwp%2Fv2%2Fcomments&post=48476"}],"version-history":[{"count":0,"href":"https:\/\/esreviral.com\/index.php?rest_route=\/wp\/v2\/posts\/48476\/revisions"}],"wp:featuredmedia":[{"embeddable":true,"href":"https:\/\/esreviral.com\/index.php?rest_route=\/wp\/v2\/media\/48478"}],"wp:attachment":[{"href":"https:\/\/esreviral.com\/index.php?rest_route=%2Fwp%2Fv2%2Fmedia&parent=48476"}],"wp:term":[{"taxonomy":"category","embeddable":true,"href":"https:\/\/esreviral.com\/index.php?rest_route=%2Fwp%2Fv2%2Fcategories&post=48476"},{"taxonomy":"post_tag","embeddable":true,"href":"https:\/\/esreviral.com\/index.php?rest_route=%2Fwp%2Fv2%2Ftags&post=48476"}],"curies":[{"name":"wp","href":"https:\/\/api.w.org\/{rel}","templated":true}]}}