{"id":4832,"date":"2021-03-11T15:34:49","date_gmt":"2021-03-11T18:34:49","guid":{"rendered":"http:\/\/esreviral.com\/?p=4832"},"modified":"2021-03-11T15:34:49","modified_gmt":"2021-03-11T18:34:49","slug":"aprehendieron-a-mujer-que-abandono-a-sus-hijas-en-la-general-paz","status":"publish","type":"post","link":"https:\/\/esreviral.com\/?p=4832","title":{"rendered":"Aprehendieron a mujer que abandon\u00f3 a sus hijas en la General Paz"},"content":{"rendered":"\n<p>Dos ni\u00f1as de 2 y 4 a\u00f1os fueron encontradas en la noche del mi\u00e9rcoles 10 de marzo mientras bajaban solas el terrapl\u00e9n de la Avenida General Paz a la altura de Ibarrola. La situaci\u00f3n fue advertida por efectivos policiales de la provincia de Buenos Aires, que se encontraban en un destacamento m\u00f3vil en la zona e inmediatamente dieron aviso a sus pares de Ciudad.<\/p>\n\n\n\n<p>Alertado por los efectivos policiales, tom\u00f3 inmediata a los fines de garantizar la protecci\u00f3n de las menores el Dr. Blas Mat\u00edas Michienzi, a cargo de la Fiscal\u00eda PCyF 40.<\/p>\n\n\n\n<p>Cerca del lugar donde fueron encontradas las menores, se encontraban varias personas gritando y al acercarse los efectivos les dijeron que una mujer ser\u00eda allegada a las menores. La mujer, de 21 a\u00f1os de edad, fue detenida y en ese momento, visiblemente nerviosa, dijo ser la t\u00eda de las ni\u00f1as, pero en realidad era su madre. Luego, fue detenido el padre, un hombre de 28 a\u00f1os.<\/p>\n\n\n\n<p>El fiscal Michienzi orden\u00f3 la detenci\u00f3n de los padres y el traslado inmediato de las ni\u00f1as al Hospital Santojanni para evaluar su situaci\u00f3n de salud. Asimismo, inici\u00f3 un sumario por abandono de persona y dio intervenci\u00f3n al Consejo del Menor de esta Ciudad y a la Asesor\u00eda Tutelar.<\/p>\n\n\n\n<p>A su vez, el fiscal solicit\u00f3 un relevamiento de las c\u00e1maras cercanas al lugar y testimonios a testigos y polic\u00edas que intervinieron en el hecho. Tambi\u00e9n solicit\u00f3 un informe m\u00e9dico y la historia cl\u00ednica al Hospital Santojanni, donde permanecen las ni\u00f1as.<\/p>\n\n\n\n<p class=\"has-text-align-right\"><em><strong>Prensa Ministerio P\u00fablico CABA.-<\/strong><\/em><\/p>\n","protected":false},"excerpt":{"rendered":"<p>Dos ni\u00f1as de 2 y 4 a\u00f1os fueron encontradas en la noche del mi\u00e9rcoles 10 de marzo mientras bajaban solas el terrapl\u00e9n de la Avenida General Paz a la altura de Ibarrola. La situaci\u00f3n fue advertida por efectivos policiales de la provincia de Buenos Aires, que se encontraban en un destacamento m\u00f3vil en la zona [&hellip;]<\/p>\n","protected":false},"author":2,"featured_media":4833,"comment_status":"open","ping_status":"open","sticky":false,"template":"","format":"standard","meta":{"jnews-multi-image_gallery":[],"jnews_single_post":[],"jnews_primary_category":[],"jnews_social_meta":[],"jnews_review":[],"enable_review":"","type":"","name":"","summary":"","brand":"","sku":"","good":[],"bad":[],"score_override":"","override_value":"","rating":[],"price":[],"jnews_override_counter":[],"jnews_post_split":[],"footnotes":""},"categories":[58,64],"tags":[45],"class_list":["post-4832","post","type-post","status-publish","format-standard","has-post-thumbnail","hentry","category-argentina","category-sucesos","tag-noticias"],"_links":{"self":[{"href":"https:\/\/esreviral.com\/index.php?rest_route=\/wp\/v2\/posts\/4832","targetHints":{"allow":["GET"]}}],"collection":[{"href":"https:\/\/esreviral.com\/index.php?rest_route=\/wp\/v2\/posts"}],"about":[{"href":"https:\/\/esreviral.com\/index.php?rest_route=\/wp\/v2\/types\/post"}],"author":[{"embeddable":true,"href":"https:\/\/esreviral.com\/index.php?rest_route=\/wp\/v2\/users\/2"}],"replies":[{"embeddable":true,"href":"https:\/\/esreviral.com\/index.php?rest_route=%2Fwp%2Fv2%2Fcomments&post=4832"}],"version-history":[{"count":0,"href":"https:\/\/esreviral.com\/index.php?rest_route=\/wp\/v2\/posts\/4832\/revisions"}],"wp:featuredmedia":[{"embeddable":true,"href":"https:\/\/esreviral.com\/index.php?rest_route=\/"}],"wp:attachment":[{"href":"https:\/\/esreviral.com\/index.php?rest_route=%2Fwp%2Fv2%2Fmedia&parent=4832"}],"wp:term":[{"taxonomy":"category","embeddable":true,"href":"https:\/\/esreviral.com\/index.php?rest_route=%2Fwp%2Fv2%2Fcategories&post=4832"},{"taxonomy":"post_tag","embeddable":true,"href":"https:\/\/esreviral.com\/index.php?rest_route=%2Fwp%2Fv2%2Ftags&post=4832"}],"curies":[{"name":"wp","href":"https:\/\/api.w.org\/{rel}","templated":true}]}}