{"id":48303,"date":"2024-01-25T06:36:42","date_gmt":"2024-01-25T11:36:42","guid":{"rendered":"https:\/\/esreviral.com\/?p=48303"},"modified":"2024-01-25T06:36:43","modified_gmt":"2024-01-25T11:36:43","slug":"detienen-a-otro-sospechoso-por-la-muerte-de-umma-la-hija-del-custodio-de-patricia-bullrich","status":"publish","type":"post","link":"https:\/\/esreviral.com\/?p=48303","title":{"rendered":"Detienen a otro sospechoso por la muerte de Umma, la hija del custodio de Patricia Bullrich"},"content":{"rendered":"\n<p>Detuvieron a un segundo sospechoso por el crimen de Umma Aguillera, la hija del custodio de la ministra de Seguridad Patricia Bullrich. Se trata de Axel Emiliano Rojas. <\/p>\n\n\n\n<p>Hay que recordar que a\u00fan hay otros dos implicados que contin\u00faan pr\u00f3fugos.<\/p>\n\n\n\n<p>La noticia fue confirmada por la propia titular de la cartera de Seguridad nacional a trav\u00e9s de X (exTwitter). <strong><em>\u201cLa Polic\u00eda Federal Argentina ya detuvo a otro de los asesinos de Umma. Les dijimos que la iban a pagar uno por uno\u201d<\/em><\/strong>, escribi\u00f3.<\/p>\n\n\n\n<p><strong><em>\u201cAxel Emiliano Rojas, criminal de ni\u00f1os. No hay consuelo, al menos habr\u00e1 justicia. Trabajamos junto a la Provincia para buscar los que falta.\u00a0El que las hace las paga\u201d,<\/em><\/strong> expres\u00f3 la ministra.<\/p>\n\n\n\n<p>El acusado fue identificado gracias a las im\u00e1genes obtenidas por las c\u00e1maras de seguridad de la zona. Es apodado\u00a0<strong>\u201cPelusa\u201d<\/strong>, tiene 20 a\u00f1os y su detenci\u00f3n se dio luego de varios allanamientos.<\/p>\n\n\n\n<p>A\u00fan hay dos c\u00f3mplices que contin\u00faan pr\u00f3fugos y son intensamente buscados. Se trata de\u00a0<strong>Miguel Pastor Romero Molinas<\/strong>\u00a0(21) y otro conocido como\u00a0<strong>\u201cBarrita\u201d o \u201cBaltazar\u201d<\/strong>, de quien a\u00fan no trascendi\u00f3 la identidad.<\/p>\n\n\n\n<p><strong><em>Con informaci\u00f3n de TN <\/em><\/strong><\/p>\n","protected":false},"excerpt":{"rendered":"<p>Detuvieron a un segundo sospechoso por el crimen de Umma Aguillera, la hija del custodio de la ministra de Seguridad Patricia Bullrich. Se trata de Axel Emiliano Rojas. Hay que recordar que a\u00fan hay otros dos implicados que contin\u00faan pr\u00f3fugos. La noticia fue confirmada por la propia titular de la cartera de Seguridad nacional a [&hellip;]<\/p>\n","protected":false},"author":5,"featured_media":48305,"comment_status":"closed","ping_status":"closed","sticky":false,"template":"","format":"standard","meta":{"jnews-multi-image_gallery":[],"jnews_single_post":{"subtitle":"","format":"standard","video":"","gallery":"","source_name":"","source_url":"","via_name":"","via_url":"","override_template":"0","override":[{"template":"4","single_blog_custom":"","parallax":"1","fullscreen":"1","layout":"right-sidebar","sidebar":"default-sidebar","second_sidebar":"default-sidebar","sticky_sidebar":"1","share_position":"top","share_float_style":"share-monocrhome","show_share_counter":"1","show_view_counter":"1","show_featured":"1","show_post_meta":"1","show_post_author":"1","show_post_author_image":"1","show_post_date":"1","post_date_format":"default","post_date_format_custom":"Y\/m\/d","show_post_category":"1","show_post_reading_time":"1","post_reading_time_wpm":"300","show_zoom_button":"1","zoom_button_out_step":"2","zoom_button_in_step":"3","show_post_tag":"1","show_prev_next_post":"1","show_popup_post":"1","number_popup_post":"1","show_author_box":"1","show_post_related":"1","show_inline_post_related":"0"}],"override_image_size":"0","image_override":[{"single_post_thumbnail_size":"crop-500","single_post_gallery_size":"crop-500"}],"trending_post":"0","trending_post_position":"meta","trending_post_label":"Trending","sponsored_post":"0","sponsored_post_label":"Sponsored by","sponsored_post_name":"","sponsored_post_url":"","sponsored_post_logo_enable":"0","sponsored_post_logo":"","sponsored_post_desc":"","disable_ad":"0"},"jnews_primary_category":{"id":"","hide":""},"jnews_social_meta":{"fb_title":"","fb_description":"","fb_image":"","twitter_title":"","twitter_description":"","twitter_image":""},"jnews_review":[],"enable_review":"0","type":"percentage","name":"","summary":"","brand":"","sku":"","good":[{"good_text":""}],"bad":[{"bad_text":""}],"score_override":"","override_value":"","rating":[{"rating_text":"","rating_number":"10"}],"price":[{"shop":"","price":"","link":"","icon":""}],"jnews_override_counter":{"override_view_counter":"0","view_counter_number":"0","override_share_counter":"0","share_counter_number":"0","override_like_counter":"0","like_counter_number":"0","override_dislike_counter":"0","dislike_counter_number":"0"},"jnews_post_split":{"enable_post_split":"0","post_split":[{"template":"1","tag":"h2","numbering":"asc","mode":"normal","first":"0","enable_toc":"0","toc_type":"normal"}]},"footnotes":""},"categories":[43,64],"tags":[44,13332,391,65],"class_list":["post-48303","post","type-post","status-publish","format-standard","has-post-thumbnail","hentry","category-actualidad","category-sucesos","tag-argentina","tag-crimen-de-umma","tag-patricia-bullrich","tag-sucesos"],"amp_enabled":true,"_links":{"self":[{"href":"https:\/\/esreviral.com\/index.php?rest_route=\/wp\/v2\/posts\/48303"}],"collection":[{"href":"https:\/\/esreviral.com\/index.php?rest_route=\/wp\/v2\/posts"}],"about":[{"href":"https:\/\/esreviral.com\/index.php?rest_route=\/wp\/v2\/types\/post"}],"author":[{"embeddable":true,"href":"https:\/\/esreviral.com\/index.php?rest_route=\/wp\/v2\/users\/5"}],"replies":[{"embeddable":true,"href":"https:\/\/esreviral.com\/index.php?rest_route=%2Fwp%2Fv2%2Fcomments&post=48303"}],"version-history":[{"count":0,"href":"https:\/\/esreviral.com\/index.php?rest_route=\/wp\/v2\/posts\/48303\/revisions"}],"wp:featuredmedia":[{"embeddable":true,"href":"https:\/\/esreviral.com\/index.php?rest_route=\/wp\/v2\/media\/48305"}],"wp:attachment":[{"href":"https:\/\/esreviral.com\/index.php?rest_route=%2Fwp%2Fv2%2Fmedia&parent=48303"}],"wp:term":[{"taxonomy":"category","embeddable":true,"href":"https:\/\/esreviral.com\/index.php?rest_route=%2Fwp%2Fv2%2Fcategories&post=48303"},{"taxonomy":"post_tag","embeddable":true,"href":"https:\/\/esreviral.com\/index.php?rest_route=%2Fwp%2Fv2%2Ftags&post=48303"}],"curies":[{"name":"wp","href":"https:\/\/api.w.org\/{rel}","templated":true}]}}