{"id":48298,"date":"2024-01-24T15:47:15","date_gmt":"2024-01-24T20:47:15","guid":{"rendered":"https:\/\/esreviral.com\/?p=48298"},"modified":"2024-01-24T15:47:16","modified_gmt":"2024-01-24T20:47:16","slug":"exito-o-fracaso-asi-fue-el-paro-nacional-en-argentina-convocado-por-la-cgt","status":"publish","type":"post","link":"https:\/\/esreviral.com\/?p=48298","title":{"rendered":"\u00bf\u00c9xito o fracaso?: As\u00ed fue el paro nacional en Argentina convocado por la CGT"},"content":{"rendered":"\n<p>La Confederaci\u00f3n Nacional de Trabajadores (CGT) convoc\u00f3 a un paro nacional <strong>a tan s\u00f3lo 45 d\u00edas del Gobierno de Javier Milei para rechazar la Ley \u00d3mnibus y el DNU <\/strong>pero en las calles, los comercios abrieron con normalidad a pesar de la concentraci\u00f3n de miles de personas en el Congreso.<\/p>\n\n\n\n<p>En las adyacencias del parlamento <strong>se concentraron personas que ven\u00edan desde la provincia de Buenos Aires y otros desde la capital,<\/strong> el fin era el mismo, reclamar que no se cambien al menos 266 leyes que pretende el ejecutivo nacional. <\/p>\n\n\n\n<p>El cosecretario general de la CGT\u00a0<strong>H\u00e9ctor Daer<\/strong>\u00a0reclam\u00f3 este mi\u00e9rcoles a los diputados nacionales que\u00a0<strong>\u00abno act\u00faen agazapados en la oscuridad, miren al pueblo a la cara\u00bb<\/strong>\u00a0y rechacen el DNU y la ley \u00abBases\u00bb promovidas por el Gobierno de Javier Milei, tras lo cual advirti\u00f3 que desde la central obrera\u00a0<strong>\u00abvamos a seguir la lucha y no vamos a dar un paso atr\u00e1s hasta que caigan\u00bb<\/strong>\u00a0esas medidas.<\/p>\n\n\n\n<p><strong><a href=\"https:\/\/chat.whatsapp.com\/KWkTmakY3I05kNdd2oZl6d\">\u00daNETE A NUESTRO GRUPO DE WHATSAPP PARA ESTAR INFORMADO<\/a><\/strong><\/p>\n\n\n\n<figure class=\"wp-block-image size-large\"><img decoding=\"async\" src=\"https:\/\/www.telam.com.ar\/thumbs\/bluesteel\/advf\/imagenes\/2024\/01\/65b159069180d.01.2024%20vista%20aerea%20foto%20telam_1200.jpg\" alt=\"\"\/><\/figure>\n\n\n\n<p>Sin embargo, el resto de la ciudad tuvo una actividad t\u00edpica del verano argentino, donde <strong>las personas salieron a laborar y a ejercer sus oficios. <\/strong><\/p>\n\n\n\n<p>La avenida Cabildo,<strong> una de las m\u00e1s concurridas y de mayor cantidad de comercio, <\/strong>se mantuvo activa, aunque algunas personas tardaron un poco m\u00e1s de lo normal por el transporte. <\/p>\n\n\n\n<p>Comerciantes y trabajadores informales coincidieron en que respetaban la convocatoria pero que un d\u00eda de paralizaci\u00f3n de sus actividades, representaba un d\u00eda de p\u00e9rdidas econ\u00f3micas. <\/p>\n\n\n\n<figure class=\"wp-block-image size-large\"><img fetchpriority=\"high\" decoding=\"async\" width=\"1024\" height=\"576\" src=\"https:\/\/esreviral.com\/wp-content\/uploads\/2024\/01\/IMG_9803-1024x576.webp\" alt=\"\" class=\"wp-image-48300\" srcset=\"https:\/\/esreviral.com\/wp-content\/uploads\/2024\/01\/IMG_9803-1024x576.webp 1024w, https:\/\/esreviral.com\/wp-content\/uploads\/2024\/01\/IMG_9803-300x169.webp 300w, https:\/\/esreviral.com\/wp-content\/uploads\/2024\/01\/IMG_9803-768x432.webp 768w, https:\/\/esreviral.com\/wp-content\/uploads\/2024\/01\/IMG_9803-1536x864.webp 1536w, https:\/\/esreviral.com\/wp-content\/uploads\/2024\/01\/IMG_9803-2048x1152.webp 2048w, https:\/\/esreviral.com\/wp-content\/uploads\/2024\/01\/IMG_9803-750x422.webp 750w, https:\/\/esreviral.com\/wp-content\/uploads\/2024\/01\/IMG_9803-1140x641.webp 1140w\" sizes=\"(max-width: 1024px) 100vw, 1024px\" \/><\/figure>\n\n\n\n<p>El vocero presidencial, Manuel Adorni, record\u00f3 que la estatal Aerol\u00edneas Argentinas decidi\u00f3 paralizarse y eso trajo como consecuencia p\u00e9rdidas de hasta m\u00e1s de dos millones de d\u00f3lares. <\/p>\n\n\n\n<figure class=\"wp-block-image size-large\"><img decoding=\"async\" width=\"1024\" height=\"576\" src=\"https:\/\/esreviral.com\/wp-content\/uploads\/2024\/01\/IMG_9812-1024x576.webp\" alt=\"\" class=\"wp-image-48299\" srcset=\"https:\/\/esreviral.com\/wp-content\/uploads\/2024\/01\/IMG_9812-1024x576.webp 1024w, https:\/\/esreviral.com\/wp-content\/uploads\/2024\/01\/IMG_9812-300x169.webp 300w, https:\/\/esreviral.com\/wp-content\/uploads\/2024\/01\/IMG_9812-768x432.webp 768w, https:\/\/esreviral.com\/wp-content\/uploads\/2024\/01\/IMG_9812-1536x864.webp 1536w, https:\/\/esreviral.com\/wp-content\/uploads\/2024\/01\/IMG_9812-2048x1152.webp 2048w, https:\/\/esreviral.com\/wp-content\/uploads\/2024\/01\/IMG_9812-750x422.webp 750w, https:\/\/esreviral.com\/wp-content\/uploads\/2024\/01\/IMG_9812-1140x641.webp 1140w\" sizes=\"(max-width: 1024px) 100vw, 1024px\" \/><figcaption class=\"wp-element-caption\">El transporte p\u00fablico estuvo con algo de retraso<\/figcaption><\/figure>\n\n\n\n<figure class=\"wp-block-embed is-type-video is-provider-youtube wp-block-embed-youtube wp-embed-aspect-16-9 wp-has-aspect-ratio\"><div class=\"wp-block-embed__wrapper\">\n<div class=\"jeg_video_container jeg_video_content\"><iframe title=\"\u00bf\u00c9xito o fracaso?: As\u00ed fue el paro general en Argentina\" width=\"500\" height=\"281\" src=\"https:\/\/www.youtube.com\/embed\/r7oSqwRt4GU?feature=oembed\" frameborder=\"0\" allow=\"accelerometer; autoplay; clipboard-write; encrypted-media; gyroscope; picture-in-picture; web-share\" referrerpolicy=\"strict-origin-when-cross-origin\" allowfullscreen><\/iframe><\/div>\n<\/div><\/figure>\n","protected":false},"excerpt":{"rendered":"<p>La Confederaci\u00f3n Nacional de Trabajadores (CGT) convoc\u00f3 a un paro nacional a tan s\u00f3lo 45 d\u00edas del Gobierno de Javier Milei para rechazar la Ley \u00d3mnibus y el DNU pero en las calles, los comercios abrieron con normalidad a pesar de la concentraci\u00f3n de miles de personas en el Congreso. En las adyacencias del parlamento [&hellip;]<\/p>\n","protected":false},"author":2,"featured_media":48290,"comment_status":"open","ping_status":"closed","sticky":false,"template":"","format":"standard","meta":{"jnews-multi-image_gallery":[],"jnews_single_post":{"subtitle":"","format":"standard","video":"","gallery":"","source_name":"","source_url":"","via_name":"","via_url":"","override_template":"0","override":[{"template":"4","single_blog_custom":"","parallax":"1","fullscreen":"1","layout":"right-sidebar","sidebar":"default-sidebar","second_sidebar":"default-sidebar","sticky_sidebar":"1","share_position":"top","share_float_style":"share-monocrhome","show_share_counter":"1","show_view_counter":"1","show_featured":"1","show_post_meta":"1","show_post_author":"1","show_post_author_image":"1","show_post_date":"1","post_date_format":"default","post_date_format_custom":"Y\/m\/d","show_post_category":"1","show_post_reading_time":"1","post_reading_time_wpm":"300","show_zoom_button":"1","zoom_button_out_step":"2","zoom_button_in_step":"3","show_post_tag":"1","show_prev_next_post":"1","show_popup_post":"1","number_popup_post":"1","show_author_box":"1","show_post_related":"1","show_inline_post_related":"0"}],"override_image_size":"0","image_override":[{"single_post_thumbnail_size":"crop-500","single_post_gallery_size":"crop-500"}],"trending_post":"0","trending_post_position":"meta","trending_post_label":"Trending","sponsored_post":"0","sponsored_post_label":"Sponsored by","sponsored_post_name":"","sponsored_post_url":"","sponsored_post_logo_enable":"0","sponsored_post_logo":"","sponsored_post_desc":"","disable_ad":"0"},"jnews_primary_category":{"id":"","hide":""},"jnews_social_meta":{"fb_title":"","fb_description":"","fb_image":"","twitter_title":"","twitter_description":"","twitter_image":""},"jnews_review":[],"enable_review":"0","type":"percentage","name":"","summary":"","brand":"","sku":"","good":[{"good_text":""}],"bad":[{"bad_text":""}],"score_override":"","override_value":"","rating":[{"rating_text":"","rating_number":"10"}],"price":[{"shop":"","price":"","link":"","icon":""}],"jnews_override_counter":{"override_view_counter":"0","view_counter_number":"0","override_share_counter":"0","share_counter_number":"0","override_like_counter":"0","like_counter_number":"0","override_dislike_counter":"0","dislike_counter_number":"0"},"jnews_post_split":{"enable_post_split":"0","post_split":[{"template":"1","tag":"h2","numbering":"asc","mode":"normal","first":"0","enable_toc":"0","toc_type":"normal"}]},"footnotes":""},"categories":[58],"tags":[44,12102,13346,13347,13345,1235,1158,1251,45,1387],"class_list":["post-48298","post","type-post","status-publish","format-standard","has-post-thumbnail","hentry","category-argentina","tag-argentina","tag-argentinos-en-estados-unidos","tag-argentinos-en-florida","tag-argentinos-en-nueva-york","tag-argentinos-por-el-mundo","tag-cgt","tag-javier-milei","tag-milei","tag-noticias","tag-paro"],"amp_enabled":true,"_links":{"self":[{"href":"https:\/\/esreviral.com\/index.php?rest_route=\/wp\/v2\/posts\/48298"}],"collection":[{"href":"https:\/\/esreviral.com\/index.php?rest_route=\/wp\/v2\/posts"}],"about":[{"href":"https:\/\/esreviral.com\/index.php?rest_route=\/wp\/v2\/types\/post"}],"author":[{"embeddable":true,"href":"https:\/\/esreviral.com\/index.php?rest_route=\/wp\/v2\/users\/2"}],"replies":[{"embeddable":true,"href":"https:\/\/esreviral.com\/index.php?rest_route=%2Fwp%2Fv2%2Fcomments&post=48298"}],"version-history":[{"count":0,"href":"https:\/\/esreviral.com\/index.php?rest_route=\/wp\/v2\/posts\/48298\/revisions"}],"wp:featuredmedia":[{"embeddable":true,"href":"https:\/\/esreviral.com\/index.php?rest_route=\/wp\/v2\/media\/48290"}],"wp:attachment":[{"href":"https:\/\/esreviral.com\/index.php?rest_route=%2Fwp%2Fv2%2Fmedia&parent=48298"}],"wp:term":[{"taxonomy":"category","embeddable":true,"href":"https:\/\/esreviral.com\/index.php?rest_route=%2Fwp%2Fv2%2Fcategories&post=48298"},{"taxonomy":"post_tag","embeddable":true,"href":"https:\/\/esreviral.com\/index.php?rest_route=%2Fwp%2Fv2%2Ftags&post=48298"}],"curies":[{"name":"wp","href":"https:\/\/api.w.org\/{rel}","templated":true}]}}