{"id":48282,"date":"2024-01-24T09:48:12","date_gmt":"2024-01-24T14:48:12","guid":{"rendered":"https:\/\/esreviral.com\/?p=48282"},"modified":"2024-01-25T05:59:50","modified_gmt":"2024-01-25T10:59:50","slug":"selena-gomez-muestra-un-antes-y-despues-de-su-cuerpo-nunca-mas-lucire-asi-fotos","status":"publish","type":"post","link":"https:\/\/esreviral.com\/?p=48282","title":{"rendered":"Selena G\u00f3mez muestra un antes y despu\u00e9s de su cuerpo: \u201cNunca m\u00e1s lucir\u00e9 as\u00ed\u201d (+FOTOS)"},"content":{"rendered":"\n<p>C\u00f3mo se recordar\u00e1, una de las artistas con m\u00e1s seguidores de su generaci\u00f3n, Selena G\u00f3mez, fue diagnosticada con lupus en 2015. <\/p>\n\n\n\n<p>Ahora&nbsp;ha contado que la medicaci\u00f3n que toma para tratar esta enfermedad autoinmune la hace subir de peso, por lo que mostr\u00f3 su cambio f\u00edsico con dos im\u00e1genes en bikini.<\/p>\n\n\n\n<p>A trav\u00e9s de sus historias de Instagram, donde acumula m\u00e1s de 400 millones de seguidores, comparti\u00f3 una imagen que data del&nbsp;2013&nbsp;en la que se la ve en traje de ba\u00f1o.<strong><em>&nbsp;\u201cHoy me di cuenta de que nunca lucir\u00e9 as\u00ed de nuevo\u201d,<\/em><\/strong> dijo en un texto sobre la foto.<\/p>\n\n\n\n<figure class=\"wp-block-image size-large\"><img decoding=\"async\" src=\"https:\/\/tn.com.ar\/resizer\/IaT9d5W3sBQOtfUARUaTXRgcXnk=\/1440x0\/smart\/filters:format(webp)\/cloudfront-us-east-1.images.arcpublishing.com\/artear\/L23PLW47IVA5BK3LICWN3GX77I.jpg\" alt=\"\"\/><\/figure>\n\n\n\n<p>Luego public\u00f3 una imagen actual, tambi\u00e9n en traje de ba\u00f1o, donde se la va con m\u00e1s curvas.<\/p>\n\n\n\n<p>El texto sobre la imagen sigui\u00f3:<strong><em>&nbsp;\u201cNo soy perfecta, pero estoy orgullosa de ser quien soy. A veces me olvido de que est\u00e1 bien ser yo\u201d, <\/em><\/strong>admiti\u00f3.<\/p>\n\n\n\n<figure class=\"wp-block-image size-large\"><img decoding=\"async\" src=\"https:\/\/tn.com.ar\/resizer\/qx8KuXtrrZCEPvcKFO3LHlv33Ak=\/1440x0\/smart\/filters:format(webp)\/cloudfront-us-east-1.images.arcpublishing.com\/artear\/77KKLUTAOFDCLEWCVCGKW6VXB4.jpg\" alt=\"\"\/><\/figure>\n\n\n\n<p><strong>As\u00ed, se sum\u00f3 a otras celebridades como&nbsp;Camila Cabello&nbsp;y&nbsp;Ashley Graham,&nbsp;que utilizan su influencia en las redes sociales para mostrar diversidad de cuerpos y transmitir un mensaje&nbsp;<em>body positive&nbsp;<\/em>que normaliza y acepta los f\u00edsicos que salen del par\u00e1metro de belleza hegem\u00f3nica.<\/strong><\/p>\n\n\n\n<p><em><strong>Con informaci\u00f3n de TN <\/strong><\/em><\/p>\n","protected":false},"excerpt":{"rendered":"<p>C\u00f3mo se recordar\u00e1, una de las artistas con m\u00e1s seguidores de su generaci\u00f3n, Selena G\u00f3mez, fue diagnosticada con lupus en 2015. Ahora&nbsp;ha contado que la medicaci\u00f3n que toma para tratar esta enfermedad autoinmune la hace subir de peso, por lo que mostr\u00f3 su cambio f\u00edsico con dos im\u00e1genes en bikini. A trav\u00e9s de sus historias [&hellip;]<\/p>\n","protected":false},"author":5,"featured_media":48283,"comment_status":"closed","ping_status":"closed","sticky":false,"template":"","format":"standard","meta":{"jnews-multi-image_gallery":[],"jnews_single_post":{"subtitle":"","format":"standard","video":"","gallery":"","source_name":"","source_url":"","via_name":"","via_url":"","override_template":"0","override":[{"template":"4","single_blog_custom":"","parallax":"1","fullscreen":"1","layout":"right-sidebar","sidebar":"default-sidebar","second_sidebar":"default-sidebar","sticky_sidebar":"1","share_position":"top","share_float_style":"share-monocrhome","show_share_counter":"1","show_view_counter":"1","show_featured":"1","show_post_meta":"1","show_post_author":"1","show_post_author_image":"1","show_post_date":"1","post_date_format":"default","post_date_format_custom":"Y\/m\/d","show_post_category":"1","show_post_reading_time":"1","post_reading_time_wpm":"300","show_zoom_button":"1","zoom_button_out_step":"2","zoom_button_in_step":"3","show_post_tag":"1","show_prev_next_post":"1","show_popup_post":"1","number_popup_post":"1","show_author_box":"1","show_post_related":"1","show_inline_post_related":"0"}],"override_image_size":"0","image_override":[{"single_post_thumbnail_size":"crop-500","single_post_gallery_size":"crop-500"}],"trending_post":"0","trending_post_position":"meta","trending_post_label":"Trending","sponsored_post":"0","sponsored_post_label":"Sponsored by","sponsored_post_name":"","sponsored_post_url":"","sponsored_post_logo_enable":"0","sponsored_post_logo":"","sponsored_post_desc":"","disable_ad":"0"},"jnews_primary_category":{"id":"","hide":""},"jnews_social_meta":{"fb_title":"","fb_description":"","fb_image":"","twitter_title":"","twitter_description":"","twitter_image":""},"jnews_review":[],"enable_review":"0","type":"percentage","name":"","summary":"","brand":"","sku":"","good":[{"good_text":""}],"bad":[{"bad_text":""}],"score_override":"","override_value":"","rating":[{"rating_text":"","rating_number":"10"}],"price":[{"shop":"","price":"","link":"","icon":""}],"jnews_override_counter":{"override_view_counter":"0","view_counter_number":"0","override_share_counter":"0","share_counter_number":"0","override_like_counter":"0","like_counter_number":"0","override_dislike_counter":"0","dislike_counter_number":"0"},"jnews_post_split":{"enable_post_split":"0","post_split":[{"template":"1","tag":"h2","numbering":"asc","mode":"normal","first":"0","enable_toc":"0","toc_type":"normal"}]},"footnotes":""},"categories":[43,50,1142],"tags":[1975,7601,13344],"class_list":["post-48282","post","type-post","status-publish","format-standard","has-post-thumbnail","hentry","category-actualidad","category-entretenimiento","category-musica","tag-celebridades","tag-selena-gomez","tag-sobrepeso"],"amp_enabled":true,"_links":{"self":[{"href":"https:\/\/esreviral.com\/index.php?rest_route=\/wp\/v2\/posts\/48282"}],"collection":[{"href":"https:\/\/esreviral.com\/index.php?rest_route=\/wp\/v2\/posts"}],"about":[{"href":"https:\/\/esreviral.com\/index.php?rest_route=\/wp\/v2\/types\/post"}],"author":[{"embeddable":true,"href":"https:\/\/esreviral.com\/index.php?rest_route=\/wp\/v2\/users\/5"}],"replies":[{"embeddable":true,"href":"https:\/\/esreviral.com\/index.php?rest_route=%2Fwp%2Fv2%2Fcomments&post=48282"}],"version-history":[{"count":0,"href":"https:\/\/esreviral.com\/index.php?rest_route=\/wp\/v2\/posts\/48282\/revisions"}],"wp:featuredmedia":[{"embeddable":true,"href":"https:\/\/esreviral.com\/index.php?rest_route=\/wp\/v2\/media\/48283"}],"wp:attachment":[{"href":"https:\/\/esreviral.com\/index.php?rest_route=%2Fwp%2Fv2%2Fmedia&parent=48282"}],"wp:term":[{"taxonomy":"category","embeddable":true,"href":"https:\/\/esreviral.com\/index.php?rest_route=%2Fwp%2Fv2%2Fcategories&post=48282"},{"taxonomy":"post_tag","embeddable":true,"href":"https:\/\/esreviral.com\/index.php?rest_route=%2Fwp%2Fv2%2Ftags&post=48282"}],"curies":[{"name":"wp","href":"https:\/\/api.w.org\/{rel}","templated":true}]}}