{"id":48275,"date":"2024-01-24T09:36:11","date_gmt":"2024-01-24T14:36:11","guid":{"rendered":"https:\/\/esreviral.com\/?p=48275"},"modified":"2024-01-24T09:36:11","modified_gmt":"2024-01-24T14:36:11","slug":"gobierno-confirmo-que-las-empresas-perderan-2-millones-y-medio-de-dolares-por-el-paro-de-la-cgt-video","status":"publish","type":"post","link":"https:\/\/esreviral.com\/?p=48275","title":{"rendered":"Gobierno confirm\u00f3 que las empresas perder\u00e1n 2 millones y medio de d\u00f3lares por el paro de la CGT (+VIDEO)"},"content":{"rendered":"\n<p>El Vocero Presidencial, Manuel Adorni, confirm\u00f3 que las empresas perder\u00e1n 2 millones y medio de d\u00f3lares por el paro que <strong><em>\u00abpagaremos los argentinos\u00bb.<\/em><\/strong><\/p>\n\n\n\n<p>Reiter\u00f3 que los que protestan no dejan de ser un grupo minoritario y que no se puede dialogar con gente que quieren parar a un pa\u00eds: <strong><em>\u00abEn Argentina no se voltea m\u00e1s nada, mucho menos lo que est\u00e1 en el tr\u00e1mite parlamentario\u00bb. <\/em><\/strong><\/p>\n\n\n\n<h2 class=\"wp-block-heading\"><strong><em>Lee tambi\u00e9n: <a href=\"https:\/\/esreviral.com\/patricia-bullrich-no-hay-paro-que-nos-detenga\/\" data-type=\"post\" data-id=\"48265\">Patricia Bullrich: \u201cNo hay paro que nos detenga\u201d<\/a><\/em><\/strong><\/h2>\n\n\n\n<blockquote class=\"wp-block-quote is-layout-flow wp-block-quote-is-layout-flow\">\n<p><strong><em>\u00abNo se puede dialogar con quienes no quieren que el pa\u00eds salga adelante, consideramos que este paro es un gran sin sentido, que es una complicaci\u00f3n y una p\u00e9rdida de dinero para much\u00edsimos argentinos\u00bb.<\/em><\/strong><\/p>\n<\/blockquote>\n\n\n\n<p>Reflexion\u00f3 sobre el paro y consider\u00f3 que se ha convertido en algo m\u00e1s pol\u00edtico que sindical. <\/p>\n\n\n\n<figure class=\"wp-block-embed is-type-video is-provider-youtube wp-block-embed-youtube wp-embed-aspect-16-9 wp-has-aspect-ratio\"><div class=\"wp-block-embed__wrapper\">\n<div class=\"jeg_video_container jeg_video_content\"><iframe title=\"Conferencia de prensa | 24.01.24\" width=\"500\" height=\"281\" src=\"https:\/\/www.youtube.com\/embed\/UuFl49jqVCE?feature=oembed\" frameborder=\"0\" allow=\"accelerometer; autoplay; clipboard-write; encrypted-media; gyroscope; picture-in-picture; web-share\" referrerpolicy=\"strict-origin-when-cross-origin\" allowfullscreen><\/iframe><\/div>\n<\/div><\/figure>\n\n\n\n<p><strong><em>Redacci\u00f3n: Jacmibel Rosas<\/em><\/strong><\/p>\n\n\n\n<p><strong><em>\u00danete al grupo de WhatsApp de Es Re Viral<\/em><\/strong><a href=\"https:\/\/chat.whatsapp.com\/KWkTmakY3I05kNdd2oZl6d\"><strong><em> https:\/\/chat.whatsapp.com\/KWkTmakY3I05kNdd2oZl6d<\/em><\/strong><\/a><\/p>\n","protected":false},"excerpt":{"rendered":"<p>El Vocero Presidencial, Manuel Adorni, confirm\u00f3 que las empresas perder\u00e1n 2 millones y medio de d\u00f3lares por el paro que \u00abpagaremos los argentinos\u00bb. Reiter\u00f3 que los que protestan no dejan de ser un grupo minoritario y que no se puede dialogar con gente que quieren parar a un pa\u00eds: \u00abEn Argentina no se voltea m\u00e1s [&hellip;]<\/p>\n","protected":false},"author":5,"featured_media":48279,"comment_status":"closed","ping_status":"closed","sticky":false,"template":"","format":"standard","meta":{"jnews-multi-image_gallery":[],"jnews_single_post":{"subtitle":"","format":"standard","video":"","gallery":"","source_name":"","source_url":"","via_name":"","via_url":"","override_template":"0","override":[{"template":"4","single_blog_custom":"","parallax":"1","fullscreen":"1","layout":"right-sidebar","sidebar":"default-sidebar","second_sidebar":"default-sidebar","sticky_sidebar":"1","share_position":"top","share_float_style":"share-monocrhome","show_share_counter":"1","show_view_counter":"1","show_featured":"1","show_post_meta":"1","show_post_author":"1","show_post_author_image":"1","show_post_date":"1","post_date_format":"default","post_date_format_custom":"Y\/m\/d","show_post_category":"1","show_post_reading_time":"1","post_reading_time_wpm":"300","show_zoom_button":"1","zoom_button_out_step":"2","zoom_button_in_step":"3","show_post_tag":"1","show_prev_next_post":"1","show_popup_post":"1","number_popup_post":"1","show_author_box":"1","show_post_related":"1","show_inline_post_related":"0"}],"override_image_size":"0","image_override":[{"single_post_thumbnail_size":"crop-500","single_post_gallery_size":"crop-500"}],"trending_post":"0","trending_post_position":"meta","trending_post_label":"Trending","sponsored_post":"0","sponsored_post_label":"Sponsored by","sponsored_post_name":"","sponsored_post_url":"","sponsored_post_logo_enable":"0","sponsored_post_logo":"","sponsored_post_desc":"","disable_ad":"0"},"jnews_primary_category":{"id":"","hide":""},"jnews_social_meta":{"fb_title":"","fb_description":"","fb_image":"","twitter_title":"","twitter_description":"","twitter_image":""},"jnews_review":[],"enable_review":"0","type":"percentage","name":"","summary":"","brand":"","sku":"","good":[{"good_text":""}],"bad":[{"bad_text":""}],"score_override":"","override_value":"","rating":[{"rating_text":"","rating_number":"10"}],"price":[{"shop":"","price":"","link":"","icon":""}],"jnews_override_counter":{"override_view_counter":"0","view_counter_number":"0","override_share_counter":"0","share_counter_number":"0","override_like_counter":"0","like_counter_number":"0","override_dislike_counter":"0","dislike_counter_number":"0"},"jnews_post_split":{"enable_post_split":"0","post_split":[{"template":"1","tag":"h2","numbering":"asc","mode":"normal","first":"0","enable_toc":"0","toc_type":"normal"}]},"footnotes":""},"categories":[43,61],"tags":[44,12936,13343],"class_list":["post-48275","post","type-post","status-publish","format-standard","has-post-thumbnail","hentry","category-actualidad","category-economia","tag-argentina","tag-manuel-adorni","tag-paro-cgt"],"amp_enabled":true,"_links":{"self":[{"href":"https:\/\/esreviral.com\/index.php?rest_route=\/wp\/v2\/posts\/48275"}],"collection":[{"href":"https:\/\/esreviral.com\/index.php?rest_route=\/wp\/v2\/posts"}],"about":[{"href":"https:\/\/esreviral.com\/index.php?rest_route=\/wp\/v2\/types\/post"}],"author":[{"embeddable":true,"href":"https:\/\/esreviral.com\/index.php?rest_route=\/wp\/v2\/users\/5"}],"replies":[{"embeddable":true,"href":"https:\/\/esreviral.com\/index.php?rest_route=%2Fwp%2Fv2%2Fcomments&post=48275"}],"version-history":[{"count":0,"href":"https:\/\/esreviral.com\/index.php?rest_route=\/wp\/v2\/posts\/48275\/revisions"}],"wp:featuredmedia":[{"embeddable":true,"href":"https:\/\/esreviral.com\/index.php?rest_route=\/wp\/v2\/media\/48279"}],"wp:attachment":[{"href":"https:\/\/esreviral.com\/index.php?rest_route=%2Fwp%2Fv2%2Fmedia&parent=48275"}],"wp:term":[{"taxonomy":"category","embeddable":true,"href":"https:\/\/esreviral.com\/index.php?rest_route=%2Fwp%2Fv2%2Fcategories&post=48275"},{"taxonomy":"post_tag","embeddable":true,"href":"https:\/\/esreviral.com\/index.php?rest_route=%2Fwp%2Fv2%2Ftags&post=48275"}],"curies":[{"name":"wp","href":"https:\/\/api.w.org\/{rel}","templated":true}]}}