{"id":48265,"date":"2024-01-24T08:27:45","date_gmt":"2024-01-24T13:27:45","guid":{"rendered":"https:\/\/esreviral.com\/?p=48265"},"modified":"2024-01-24T09:07:13","modified_gmt":"2024-01-24T14:07:13","slug":"patricia-bullrich-no-hay-paro-que-nos-detenga","status":"publish","type":"post","link":"https:\/\/esreviral.com\/?p=48265","title":{"rendered":"Patricia Bullrich: \u00abNo hay paro que nos detenga\u00bb"},"content":{"rendered":"\n<p>A tres horas del comienzo del paro nacional de la CGT, la ministra de Seguridad de la Naci\u00f3n&nbsp;Patricia Bullrich&nbsp;poste\u00f3 un fuerte mensaje en las redes sociales y advirti\u00f3:&nbsp;<strong><em>\u00abNo hay paro que nos detenga, no hay amenaza que nos amedrente\u00bb.<\/em><\/strong><\/p>\n\n\n\n<figure class=\"wp-block-embed is-type-rich is-provider-twitter wp-block-embed-twitter\"><div class=\"wp-block-embed__wrapper\">\n<blockquote class=\"twitter-tweet\" data-width=\"500\" data-dnt=\"true\"><p lang=\"es\" dir=\"ltr\">NO HAY PARO QUE NOS DETENGA<br>Sindicalistas mafiosos, gerentes de la pobreza, jueces c\u00f3mplices y pol\u00edticos corruptos, todos defendiendo sus privilegios, resistiendo el cambio que decidi\u00f3 la sociedad democr\u00e1ticamente y que lidera con determinaci\u00f3n el presidente <a href=\"https:\/\/twitter.com\/JMilei?ref_src=twsrc%5Etfw\">@JMilei<\/a>. No hay paro\u2026<\/p>&mdash; Patricia Bullrich (@PatoBullrich) <a href=\"https:\/\/twitter.com\/PatoBullrich\/status\/1750127754631147540?ref_src=twsrc%5Etfw\">January 24, 2024<\/a><\/blockquote><script async src=\"https:\/\/platform.twitter.com\/widgets.js\" charset=\"utf-8\"><\/script>\n<\/div><\/figure>\n\n\n\n<p>Posteriormente, pasadas las 9:30 de la ma\u00f1ana, Bullrich ofreci\u00f3 declaraciones a los medios de comunicaci\u00f3n, afirm\u00f3 que <strong><em>\u201cLa sociedad decidi\u00f3 un cambio\u201d<\/em><\/strong>.<\/p>\n\n\n\n<p>Bullrich denunci\u00f3 amedrentamientos de la CGT antes del paro general a las personas que quer\u00edan trabajar: <em><strong>\u00abTengo denuncias de gente de m\u00e1s de 40 gremios que han apretado para marchar<\/strong><\/em>\u00ab, enfatiz\u00f3. <\/p>\n\n\n\n<p>Adem\u00e1s aleg\u00f3 que <strong><em>\u00abSon m\u00e1s los que decidieron no parar e ir a trabajar.\u00bb<\/em><\/strong><\/p>\n\n\n\n<p>Posteriormente comparti\u00f3 un video en el que escribi\u00f3: <strong><em>\u00abEl pa\u00eds no para\u00bb. <\/em><\/strong><\/p>\n\n\n\n<figure class=\"wp-block-embed is-type-rich is-provider-twitter wp-block-embed-twitter\"><div class=\"wp-block-embed__wrapper\">\n<blockquote class=\"twitter-tweet\" data-width=\"500\" data-dnt=\"true\"><p lang=\"es\" dir=\"ltr\">EL PA\u00cdS NO PARA <a href=\"https:\/\/t.co\/K5jpPO9Ely\">pic.twitter.com\/K5jpPO9Ely<\/a><\/p>&mdash; Patricia Bullrich (@PatoBullrich) <a href=\"https:\/\/twitter.com\/PatoBullrich\/status\/1750155285740630432?ref_src=twsrc%5Etfw\">January 24, 2024<\/a><\/blockquote><script async src=\"https:\/\/platform.twitter.com\/widgets.js\" charset=\"utf-8\"><\/script>\n<\/div><\/figure>\n\n\n\n<p><strong><em>Redacci\u00f3n: Jacmibel Rosas<\/em><\/strong><\/p>\n","protected":false},"excerpt":{"rendered":"<p>A tres horas del comienzo del paro nacional de la CGT, la ministra de Seguridad de la Naci\u00f3n&nbsp;Patricia Bullrich&nbsp;poste\u00f3 un fuerte mensaje en las redes sociales y advirti\u00f3:&nbsp;\u00abNo hay paro que nos detenga, no hay amenaza que nos amedrente\u00bb. Posteriormente, pasadas las 9:30 de la ma\u00f1ana, Bullrich ofreci\u00f3 declaraciones a los medios de comunicaci\u00f3n, afirm\u00f3 [&hellip;]<\/p>\n","protected":false},"author":5,"featured_media":48266,"comment_status":"closed","ping_status":"closed","sticky":false,"template":"","format":"standard","meta":{"jnews-multi-image_gallery":[],"jnews_single_post":{"subtitle":"","format":"standard","video":"","gallery":"","source_name":"","source_url":"","via_name":"","via_url":"","override_template":"0","override":[{"template":"4","single_blog_custom":"","parallax":"1","fullscreen":"1","layout":"right-sidebar","sidebar":"default-sidebar","second_sidebar":"default-sidebar","sticky_sidebar":"1","share_position":"top","share_float_style":"share-monocrhome","show_share_counter":"1","show_view_counter":"1","show_featured":"1","show_post_meta":"1","show_post_author":"1","show_post_author_image":"1","show_post_date":"1","post_date_format":"default","post_date_format_custom":"Y\/m\/d","show_post_category":"1","show_post_reading_time":"1","post_reading_time_wpm":"300","show_zoom_button":"1","zoom_button_out_step":"2","zoom_button_in_step":"3","show_post_tag":"1","show_prev_next_post":"1","show_popup_post":"1","number_popup_post":"1","show_author_box":"1","show_post_related":"1","show_inline_post_related":"0"}],"override_image_size":"0","image_override":[{"single_post_thumbnail_size":"crop-500","single_post_gallery_size":"crop-500"}],"trending_post":"0","trending_post_position":"meta","trending_post_label":"Trending","sponsored_post":"0","sponsored_post_label":"Sponsored by","sponsored_post_name":"","sponsored_post_url":"","sponsored_post_logo_enable":"0","sponsored_post_logo":"","sponsored_post_desc":"","disable_ad":"0"},"jnews_primary_category":{"id":"","hide":""},"jnews_social_meta":{"fb_title":"","fb_description":"","fb_image":"","twitter_title":"","twitter_description":"","twitter_image":""},"jnews_review":[],"enable_review":"0","type":"percentage","name":"","summary":"","brand":"","sku":"","good":[{"good_text":""}],"bad":[{"bad_text":""}],"score_override":"","override_value":"","rating":[{"rating_text":"","rating_number":"10"}],"price":[{"shop":"","price":"","link":"","icon":""}],"jnews_override_counter":{"override_view_counter":"0","view_counter_number":"0","override_share_counter":"0","share_counter_number":"0","override_like_counter":"0","like_counter_number":"0","override_dislike_counter":"0","dislike_counter_number":"0"},"jnews_post_split":{"enable_post_split":"0","post_split":[{"template":"1","tag":"h2","numbering":"asc","mode":"normal","first":"0","enable_toc":"0","toc_type":"normal"}]},"footnotes":""},"categories":[43,58,59],"tags":[13343,391],"class_list":["post-48265","post","type-post","status-publish","format-standard","has-post-thumbnail","hentry","category-actualidad","category-argentina","category-politica","tag-paro-cgt","tag-patricia-bullrich"],"amp_enabled":true,"_links":{"self":[{"href":"https:\/\/esreviral.com\/index.php?rest_route=\/wp\/v2\/posts\/48265"}],"collection":[{"href":"https:\/\/esreviral.com\/index.php?rest_route=\/wp\/v2\/posts"}],"about":[{"href":"https:\/\/esreviral.com\/index.php?rest_route=\/wp\/v2\/types\/post"}],"author":[{"embeddable":true,"href":"https:\/\/esreviral.com\/index.php?rest_route=\/wp\/v2\/users\/5"}],"replies":[{"embeddable":true,"href":"https:\/\/esreviral.com\/index.php?rest_route=%2Fwp%2Fv2%2Fcomments&post=48265"}],"version-history":[{"count":0,"href":"https:\/\/esreviral.com\/index.php?rest_route=\/wp\/v2\/posts\/48265\/revisions"}],"wp:featuredmedia":[{"embeddable":true,"href":"https:\/\/esreviral.com\/index.php?rest_route=\/wp\/v2\/media\/48266"}],"wp:attachment":[{"href":"https:\/\/esreviral.com\/index.php?rest_route=%2Fwp%2Fv2%2Fmedia&parent=48265"}],"wp:term":[{"taxonomy":"category","embeddable":true,"href":"https:\/\/esreviral.com\/index.php?rest_route=%2Fwp%2Fv2%2Fcategories&post=48265"},{"taxonomy":"post_tag","embeddable":true,"href":"https:\/\/esreviral.com\/index.php?rest_route=%2Fwp%2Fv2%2Ftags&post=48265"}],"curies":[{"name":"wp","href":"https:\/\/api.w.org\/{rel}","templated":true}]}}